{"id":1177,"date":"2014-08-13T19:08:27","date_gmt":"2014-08-13T18:08:27","guid":{"rendered":"http:\/\/blogs.diariovasco.com\/baratzean\/?p=1177"},"modified":"2014-08-13T19:08:27","modified_gmt":"2014-08-13T18:08:27","slug":"la-alubia-blanca-3","status":"publish","type":"post","link":"https:\/\/blogs.diariovasco.com\/baratzean\/2014\/08\/13\/la-alubia-blanca-3\/","title":{"rendered":"La alubia blanca"},"content":{"rendered":"<p><iframe loading=\"lazy\" width=\"500\" height=\"375\" src=\"https:\/\/www.youtube.com\/embed\/49H0OKh8OyM?feature=oembed\" frameborder=\"0\" allowfullscreen><\/iframe><br \/>\nEsta variedad de semilla que, como siempre digo, lleva muchos a\u00f1os en casa es muy an\u00e1rquica. Le cuesta mucho subir a las ca\u00f1as y rara es la que sube por la suya. Siempre se extienden por el suelo al principio y luego comienzan a trepar por las ca\u00f1as. Muy diferentes son las negras, que pr\u00e1cticamente desde su inicio cada una es muy fiel a su ca\u00f1a. Estas alubias blancas no destacan tampoco por la cantidad que dan, sino por lo buenas que son. Parece que como todo lo bueno la producci\u00f3n es peque\u00f1a. A decir verdad, me gusta mucho m\u00e1s la alubia blanca que la negra. La blanca me parece m\u00e1s fina y no digamos si va acompa\u00f1ada de unas borrajas&#8230; En el v\u00eddeo est\u00e1 clara la diferencia entre las blancas y las negras. Unas suben muy bien por su ca\u00f1a (negras) y otras primero se han extendido por el suelo y luego han subido a las ca\u00f1as (blancas). <\/p>\n<!-- AddThis Advanced Settings generic via filter on the_content --><!-- AddThis Share Buttons generic via filter on the_content -->","protected":false},"excerpt":{"rendered":"<p>Esta variedad de semilla que, como siempre digo, lleva muchos a\u00f1os en casa es muy an\u00e1rquica. Le cuesta mucho subir a las ca\u00f1as y rara es la que sube por la suya. Siempre se extienden por el suelo al principio y luego comienzan a trepar por las ca\u00f1as. Muy diferentes son las negras, que pr\u00e1cticamente [&hellip;]<!-- AddThis Advanced Settings generic via filter on get_the_excerpt --><!-- AddThis Share Buttons generic via filter on get_the_excerpt --><\/p>\n","protected":false},"author":25,"featured_media":0,"comment_status":"open","ping_status":"closed","sticky":false,"template":"","format":"standard","meta":[],"categories":[3],"tags":[],"_links":{"self":[{"href":"https:\/\/blogs.diariovasco.com\/baratzean\/wp-json\/wp\/v2\/posts\/1177"}],"collection":[{"href":"https:\/\/blogs.diariovasco.com\/baratzean\/wp-json\/wp\/v2\/posts"}],"about":[{"href":"https:\/\/blogs.diariovasco.com\/baratzean\/wp-json\/wp\/v2\/types\/post"}],"author":[{"embeddable":true,"href":"https:\/\/blogs.diariovasco.com\/baratzean\/wp-json\/wp\/v2\/users\/25"}],"replies":[{"embeddable":true,"href":"https:\/\/blogs.diariovasco.com\/baratzean\/wp-json\/wp\/v2\/comments?post=1177"}],"version-history":[{"count":0,"href":"https:\/\/blogs.diariovasco.com\/baratzean\/wp-json\/wp\/v2\/posts\/1177\/revisions"}],"wp:attachment":[{"href":"https:\/\/blogs.diariovasco.com\/baratzean\/wp-json\/wp\/v2\/media?parent=1177"}],"wp:term":[{"taxonomy":"category","embeddable":true,"href":"https:\/\/blogs.diariovasco.com\/baratzean\/wp-json\/wp\/v2\/categories?post=1177"},{"taxonomy":"post_tag","embeddable":true,"href":"https:\/\/blogs.diariovasco.com\/baratzean\/wp-json\/wp\/v2\/tags?post=1177"}],"curies":[{"name":"wp","href":"https:\/\/api.w.org\/{rel}","templated":true}]}}