{"id":1178,"date":"2014-08-14T19:07:15","date_gmt":"2014-08-14T18:07:15","guid":{"rendered":"http:\/\/blogs.diariovasco.com\/baratzean\/?p=1178"},"modified":"2014-08-14T19:07:15","modified_gmt":"2014-08-14T18:07:15","slug":"el-mildiu","status":"publish","type":"post","link":"https:\/\/blogs.diariovasco.com\/baratzean\/2014\/08\/14\/el-mildiu\/","title":{"rendered":"El Mildiu"},"content":{"rendered":"<p><iframe loading=\"lazy\" width=\"500\" height=\"375\" src=\"https:\/\/www.youtube.com\/embed\/CglrTK7Anrc?feature=oembed\" frameborder=\"0\" allowfullscreen><\/iframe><br \/>\nEste a\u00f1o el mildiu ha hecho mucho da\u00f1o al tomate en la huertas del entorno. Hay mucha gente que ya los ha quitado por que estaban completamente arrasados. En mi huerta, las variedades Igeldo y Verde se van estropeando poco y dan frutos pero est\u00e1 claro que para \u00faltimos de agosto pr\u00e1cticamente no habr\u00e1 tomates de estas variedades. El tomate Jack fue al que en un principio le atac\u00f3 m\u00e1s claramente el Mildiu, posteriormente lo trat\u00e9 dos veces seguidas con Galben en el transcurso de 8 d\u00edas y parece que ahora est\u00e1 mejor. Las hojas a las que le hab\u00eda atacado la enfermedad se han secado pero la planta de la mitad hacia arriba est\u00e1 muy verde y muy bonita. Ya veremos si con estos \u00faltimos puedo seguir comiendo tomates en el mes de septiembre ya que del resto de las variedades ser\u00e1 imposible. Un a\u00f1o m\u00e1s, como suelo comentar, la asignatura pendiente (el tomate) nos la sigue jugando. Cuando no es por una causa es por otra&#8230;<\/p>\n<!-- AddThis Advanced Settings generic via filter on the_content --><!-- AddThis Share Buttons generic via filter on the_content -->","protected":false},"excerpt":{"rendered":"<p>Este a\u00f1o el mildiu ha hecho mucho da\u00f1o al tomate en la huertas del entorno. Hay mucha gente que ya los ha quitado por que estaban completamente arrasados. En mi huerta, las variedades Igeldo y Verde se van estropeando poco y dan frutos pero est\u00e1 claro que para \u00faltimos de agosto pr\u00e1cticamente no habr\u00e1 tomates [&hellip;]<!-- AddThis Advanced Settings generic via filter on get_the_excerpt --><!-- AddThis Share Buttons generic via filter on get_the_excerpt --><\/p>\n","protected":false},"author":25,"featured_media":0,"comment_status":"open","ping_status":"closed","sticky":false,"template":"","format":"standard","meta":[],"categories":[3],"tags":[],"_links":{"self":[{"href":"https:\/\/blogs.diariovasco.com\/baratzean\/wp-json\/wp\/v2\/posts\/1178"}],"collection":[{"href":"https:\/\/blogs.diariovasco.com\/baratzean\/wp-json\/wp\/v2\/posts"}],"about":[{"href":"https:\/\/blogs.diariovasco.com\/baratzean\/wp-json\/wp\/v2\/types\/post"}],"author":[{"embeddable":true,"href":"https:\/\/blogs.diariovasco.com\/baratzean\/wp-json\/wp\/v2\/users\/25"}],"replies":[{"embeddable":true,"href":"https:\/\/blogs.diariovasco.com\/baratzean\/wp-json\/wp\/v2\/comments?post=1178"}],"version-history":[{"count":0,"href":"https:\/\/blogs.diariovasco.com\/baratzean\/wp-json\/wp\/v2\/posts\/1178\/revisions"}],"wp:attachment":[{"href":"https:\/\/blogs.diariovasco.com\/baratzean\/wp-json\/wp\/v2\/media?parent=1178"}],"wp:term":[{"taxonomy":"category","embeddable":true,"href":"https:\/\/blogs.diariovasco.com\/baratzean\/wp-json\/wp\/v2\/categories?post=1178"},{"taxonomy":"post_tag","embeddable":true,"href":"https:\/\/blogs.diariovasco.com\/baratzean\/wp-json\/wp\/v2\/tags?post=1178"}],"curies":[{"name":"wp","href":"https:\/\/api.w.org\/{rel}","templated":true}]}}