{"id":1180,"date":"2014-08-19T19:11:37","date_gmt":"2014-08-19T18:11:37","guid":{"rendered":"http:\/\/blogs.diariovasco.com\/baratzean\/?p=1180"},"modified":"2014-08-19T19:11:37","modified_gmt":"2014-08-19T18:11:37","slug":"el-peral-2","status":"publish","type":"post","link":"https:\/\/blogs.diariovasco.com\/baratzean\/2014\/08\/19\/el-peral-2\/","title":{"rendered":"El peral"},"content":{"rendered":"<p><iframe loading=\"lazy\" width=\"500\" height=\"375\" src=\"https:\/\/www.youtube.com\/embed\/pW7BJMKmoYY?feature=oembed\" frameborder=\"0\" allowfullscreen><\/iframe><br \/>\nEste peral enano tendr\u00e1 entre 40 y 45 a\u00f1os. Hace a\u00f1os ten\u00eda un gemelo pero se sec\u00f3. Es una variedad de pera parecida a la conferencia en cuanto al sabor y pocos son los a\u00f1os que no da una cantidad de frutos m\u00e1s que considerable para la altura y tama\u00f1o que tiene. Adem\u00e1s no le hago ni caso. Ni lo cuido, ni lo podo, ni lo fumigo y muchas veces casi ni recojo su fruta por estar m\u00e1s que liado con el resto de la huerta. Los arrendajos, las malvices y los tordos son quienes se encargan de saborear sus frutos. Me da pena que un a\u00f1o se seque y me quede sin esta variedad que no s\u00e9 ni c\u00f3mo se llama, puesto que como digo es un peral que da muy bien, las peras apenas se estropean y la cantidad de frutos es considerable. El a\u00f1o pasado puse unos brotes de membrillo para luego hacer alg\u00fan injerto, como antiguamente hac\u00eda mi aitona, pero no me di cuenta cuando pase la desbrozadora y me los cepill\u00e9. Tendr\u00e9 que esperar al a\u00f1o que viene para volver a plantar los membrillos y ver si puedo hacer alg\u00fan injerto.<\/p>\n<!-- AddThis Advanced Settings generic via filter on the_content --><!-- AddThis Share Buttons generic via filter on the_content -->","protected":false},"excerpt":{"rendered":"<p>Este peral enano tendr\u00e1 entre 40 y 45 a\u00f1os. Hace a\u00f1os ten\u00eda un gemelo pero se sec\u00f3. Es una variedad de pera parecida a la conferencia en cuanto al sabor y pocos son los a\u00f1os que no da una cantidad de frutos m\u00e1s que considerable para la altura y tama\u00f1o que tiene. Adem\u00e1s no le [&hellip;]<!-- AddThis Advanced Settings generic via filter on get_the_excerpt --><!-- AddThis Share Buttons generic via filter on get_the_excerpt --><\/p>\n","protected":false},"author":25,"featured_media":0,"comment_status":"open","ping_status":"closed","sticky":false,"template":"","format":"standard","meta":[],"categories":[3],"tags":[],"_links":{"self":[{"href":"https:\/\/blogs.diariovasco.com\/baratzean\/wp-json\/wp\/v2\/posts\/1180"}],"collection":[{"href":"https:\/\/blogs.diariovasco.com\/baratzean\/wp-json\/wp\/v2\/posts"}],"about":[{"href":"https:\/\/blogs.diariovasco.com\/baratzean\/wp-json\/wp\/v2\/types\/post"}],"author":[{"embeddable":true,"href":"https:\/\/blogs.diariovasco.com\/baratzean\/wp-json\/wp\/v2\/users\/25"}],"replies":[{"embeddable":true,"href":"https:\/\/blogs.diariovasco.com\/baratzean\/wp-json\/wp\/v2\/comments?post=1180"}],"version-history":[{"count":0,"href":"https:\/\/blogs.diariovasco.com\/baratzean\/wp-json\/wp\/v2\/posts\/1180\/revisions"}],"wp:attachment":[{"href":"https:\/\/blogs.diariovasco.com\/baratzean\/wp-json\/wp\/v2\/media?parent=1180"}],"wp:term":[{"taxonomy":"category","embeddable":true,"href":"https:\/\/blogs.diariovasco.com\/baratzean\/wp-json\/wp\/v2\/categories?post=1180"},{"taxonomy":"post_tag","embeddable":true,"href":"https:\/\/blogs.diariovasco.com\/baratzean\/wp-json\/wp\/v2\/tags?post=1180"}],"curies":[{"name":"wp","href":"https:\/\/api.w.org\/{rel}","templated":true}]}}