{"id":1183,"date":"2014-08-20T19:59:41","date_gmt":"2014-08-20T18:59:41","guid":{"rendered":"http:\/\/blogs.diariovasco.com\/baratzean\/?p=1183"},"modified":"2014-08-20T19:59:41","modified_gmt":"2014-08-20T18:59:41","slug":"la-manzana-ariane-4","status":"publish","type":"post","link":"https:\/\/blogs.diariovasco.com\/baratzean\/2014\/08\/20\/la-manzana-ariane-4\/","title":{"rendered":"La manzana Ariane"},"content":{"rendered":"<p><iframe loading=\"lazy\" width=\"500\" height=\"375\" src=\"https:\/\/www.youtube.com\/embed\/y2NM_rpvy2Q?feature=oembed\" frameborder=\"0\" allowfullscreen><\/iframe><br \/>\nEsta variedad de manzana la puse hace tres a\u00f1os. Me cost\u00f3 mucho conseguir los \u00e1rboles ya que los viveristas de por aqu\u00ed no tienen esta variedad. Ya he comentado en alguna ocasi\u00f3n que a trav\u00e9s de Internet pude conseguirlos en Lille (Francia) y como no exportaban, tuve que dar la direcci\u00f3n de una compa\u00f1era del trabajo para que los mandaran a su domicilio. Esta variedad, para mi gusto, es la m\u00e1s rica. Por esto hasta que no consegu\u00ed hacerme con ella no par\u00e9. El a\u00f1o pasado solo dieron dos frutos entre los cuatro manzanos, pero este a\u00f1o todos tienen alguna manzana y este que se ve en el v\u00eddeo tiene m\u00e1s de media docena. Tambi\u00e9n se puede apreciar que a la hierba no le entra ni mildiu, ni botritis ni nada, en cuanto te descuidas un poco, te come el terreno. A ver si la semana que viene, que tengo unos d\u00edas de vacaciones, saco un poco de tiempo para pasar la desbrozadora y dejar que los arbolitos peque\u00f1os respiren un poco&#8230;<\/p>\n<!-- AddThis Advanced Settings generic via filter on the_content --><!-- AddThis Share Buttons generic via filter on the_content -->","protected":false},"excerpt":{"rendered":"<p>Esta variedad de manzana la puse hace tres a\u00f1os. Me cost\u00f3 mucho conseguir los \u00e1rboles ya que los viveristas de por aqu\u00ed no tienen esta variedad. Ya he comentado en alguna ocasi\u00f3n que a trav\u00e9s de Internet pude conseguirlos en Lille (Francia) y como no exportaban, tuve que dar la direcci\u00f3n de una compa\u00f1era del [&hellip;]<!-- AddThis Advanced Settings generic via filter on get_the_excerpt --><!-- AddThis Share Buttons generic via filter on get_the_excerpt --><\/p>\n","protected":false},"author":25,"featured_media":0,"comment_status":"open","ping_status":"closed","sticky":false,"template":"","format":"standard","meta":[],"categories":[3],"tags":[],"_links":{"self":[{"href":"https:\/\/blogs.diariovasco.com\/baratzean\/wp-json\/wp\/v2\/posts\/1183"}],"collection":[{"href":"https:\/\/blogs.diariovasco.com\/baratzean\/wp-json\/wp\/v2\/posts"}],"about":[{"href":"https:\/\/blogs.diariovasco.com\/baratzean\/wp-json\/wp\/v2\/types\/post"}],"author":[{"embeddable":true,"href":"https:\/\/blogs.diariovasco.com\/baratzean\/wp-json\/wp\/v2\/users\/25"}],"replies":[{"embeddable":true,"href":"https:\/\/blogs.diariovasco.com\/baratzean\/wp-json\/wp\/v2\/comments?post=1183"}],"version-history":[{"count":0,"href":"https:\/\/blogs.diariovasco.com\/baratzean\/wp-json\/wp\/v2\/posts\/1183\/revisions"}],"wp:attachment":[{"href":"https:\/\/blogs.diariovasco.com\/baratzean\/wp-json\/wp\/v2\/media?parent=1183"}],"wp:term":[{"taxonomy":"category","embeddable":true,"href":"https:\/\/blogs.diariovasco.com\/baratzean\/wp-json\/wp\/v2\/categories?post=1183"},{"taxonomy":"post_tag","embeddable":true,"href":"https:\/\/blogs.diariovasco.com\/baratzean\/wp-json\/wp\/v2\/tags?post=1183"}],"curies":[{"name":"wp","href":"https:\/\/api.w.org\/{rel}","templated":true}]}}