{"id":1185,"date":"2014-08-21T20:53:34","date_gmt":"2014-08-21T19:53:34","guid":{"rendered":"http:\/\/blogs.diariovasco.com\/baratzean\/?p=1185"},"modified":"2014-08-21T20:53:34","modified_gmt":"2014-08-21T19:53:34","slug":"los-membrillos-2","status":"publish","type":"post","link":"https:\/\/blogs.diariovasco.com\/baratzean\/2014\/08\/21\/los-membrillos-2\/","title":{"rendered":"Los membrillos"},"content":{"rendered":"<p><iframe loading=\"lazy\" width=\"500\" height=\"375\" src=\"https:\/\/www.youtube.com\/embed\/B00MIBy8fA4?feature=oembed\" frameborder=\"0\" allowfullscreen><\/iframe><br \/>\nEste \u00e1rbol se lo curra de verdad, es raro el a\u00f1o que falla. Creo que desde que llevo haciendo este blog no ha fallado nunca y todos los a\u00f1os le saco un v\u00eddeo super bonito con los frutos. Adem\u00e1s es una fruta que no les gusta a los p\u00e1jaros (ni siquiera a los arrrendajos) ya que hasta la fecha nunca he visto un membrillo picado por alguno. Habr\u00e1 que ir fij\u00e1ndose en cu\u00e1ndo maduran para sacar la receta y hacer el dulce. Ya he comentado en alguna ocasi\u00f3n que el dulce se puede congelar y as\u00ed podemos tener dulce casero para todo el a\u00f1o.<\/p>\n<!-- AddThis Advanced Settings generic via filter on the_content --><!-- AddThis Share Buttons generic via filter on the_content -->","protected":false},"excerpt":{"rendered":"<p>Este \u00e1rbol se lo curra de verdad, es raro el a\u00f1o que falla. Creo que desde que llevo haciendo este blog no ha fallado nunca y todos los a\u00f1os le saco un v\u00eddeo super bonito con los frutos. Adem\u00e1s es una fruta que no les gusta a los p\u00e1jaros (ni siquiera a los arrrendajos) ya [&hellip;]<!-- AddThis Advanced Settings generic via filter on get_the_excerpt --><!-- AddThis Share Buttons generic via filter on get_the_excerpt --><\/p>\n","protected":false},"author":25,"featured_media":0,"comment_status":"open","ping_status":"closed","sticky":false,"template":"","format":"standard","meta":[],"categories":[3],"tags":[],"_links":{"self":[{"href":"https:\/\/blogs.diariovasco.com\/baratzean\/wp-json\/wp\/v2\/posts\/1185"}],"collection":[{"href":"https:\/\/blogs.diariovasco.com\/baratzean\/wp-json\/wp\/v2\/posts"}],"about":[{"href":"https:\/\/blogs.diariovasco.com\/baratzean\/wp-json\/wp\/v2\/types\/post"}],"author":[{"embeddable":true,"href":"https:\/\/blogs.diariovasco.com\/baratzean\/wp-json\/wp\/v2\/users\/25"}],"replies":[{"embeddable":true,"href":"https:\/\/blogs.diariovasco.com\/baratzean\/wp-json\/wp\/v2\/comments?post=1185"}],"version-history":[{"count":0,"href":"https:\/\/blogs.diariovasco.com\/baratzean\/wp-json\/wp\/v2\/posts\/1185\/revisions"}],"wp:attachment":[{"href":"https:\/\/blogs.diariovasco.com\/baratzean\/wp-json\/wp\/v2\/media?parent=1185"}],"wp:term":[{"taxonomy":"category","embeddable":true,"href":"https:\/\/blogs.diariovasco.com\/baratzean\/wp-json\/wp\/v2\/categories?post=1185"},{"taxonomy":"post_tag","embeddable":true,"href":"https:\/\/blogs.diariovasco.com\/baratzean\/wp-json\/wp\/v2\/tags?post=1185"}],"curies":[{"name":"wp","href":"https:\/\/api.w.org\/{rel}","templated":true}]}}