{"id":1186,"date":"2014-08-22T22:04:23","date_gmt":"2014-08-22T21:04:23","guid":{"rendered":"http:\/\/blogs.diariovasco.com\/baratzean\/?p=1186"},"modified":"2014-08-22T22:04:23","modified_gmt":"2014-08-22T21:04:23","slug":"la-manzana-de-errezil-3","status":"publish","type":"post","link":"https:\/\/blogs.diariovasco.com\/baratzean\/2014\/08\/22\/la-manzana-de-errezil-3\/","title":{"rendered":"La manzana de Errezil"},"content":{"rendered":"<p><iframe loading=\"lazy\" width=\"500\" height=\"375\" src=\"https:\/\/www.youtube.com\/embed\/ZNRDVQziGec?feature=oembed\" frameborder=\"0\" allowfullscreen><\/iframe><br \/>\nEsta variedad de manzana es muy rica tanto para comer como para emplearla para cocinar, incluso para hacer dulce (tengo un amigo de Errezil cuya madre hace un dulce buen\u00edsimo con esta manzana). El \u00e1rbol es una pasada lo grande y bonito que est\u00e1. Hace un par de a\u00f1os le hice una buena poda con la ayuda y direcci\u00f3n de mi amigo Joxean y ahora est\u00e1 muy bonito. Pero tiene ya unos 16 a\u00f1os y la cantidad de manzanas que da es, todav\u00eda, muy escasa. Este a\u00f1o parece que se ha estirado un poco y probablemente pueda recoger alguna m\u00e1s que otros a\u00f1os con permiso de los arrendajos y dem\u00e1s p\u00e1jaros. En la imagen se puede observar lo bonito que est\u00e1 el \u00e1rbol y algunas manzanas que, como digo, la cantidad es escasa.<\/p>\n<!-- AddThis Advanced Settings generic via filter on the_content --><!-- AddThis Share Buttons generic via filter on the_content -->","protected":false},"excerpt":{"rendered":"<p>Esta variedad de manzana es muy rica tanto para comer como para emplearla para cocinar, incluso para hacer dulce (tengo un amigo de Errezil cuya madre hace un dulce buen\u00edsimo con esta manzana). El \u00e1rbol es una pasada lo grande y bonito que est\u00e1. Hace un par de a\u00f1os le hice una buena poda con [&hellip;]<!-- AddThis Advanced Settings generic via filter on get_the_excerpt --><!-- AddThis Share Buttons generic via filter on get_the_excerpt --><\/p>\n","protected":false},"author":25,"featured_media":0,"comment_status":"open","ping_status":"closed","sticky":false,"template":"","format":"standard","meta":[],"categories":[3],"tags":[],"_links":{"self":[{"href":"https:\/\/blogs.diariovasco.com\/baratzean\/wp-json\/wp\/v2\/posts\/1186"}],"collection":[{"href":"https:\/\/blogs.diariovasco.com\/baratzean\/wp-json\/wp\/v2\/posts"}],"about":[{"href":"https:\/\/blogs.diariovasco.com\/baratzean\/wp-json\/wp\/v2\/types\/post"}],"author":[{"embeddable":true,"href":"https:\/\/blogs.diariovasco.com\/baratzean\/wp-json\/wp\/v2\/users\/25"}],"replies":[{"embeddable":true,"href":"https:\/\/blogs.diariovasco.com\/baratzean\/wp-json\/wp\/v2\/comments?post=1186"}],"version-history":[{"count":0,"href":"https:\/\/blogs.diariovasco.com\/baratzean\/wp-json\/wp\/v2\/posts\/1186\/revisions"}],"wp:attachment":[{"href":"https:\/\/blogs.diariovasco.com\/baratzean\/wp-json\/wp\/v2\/media?parent=1186"}],"wp:term":[{"taxonomy":"category","embeddable":true,"href":"https:\/\/blogs.diariovasco.com\/baratzean\/wp-json\/wp\/v2\/categories?post=1186"},{"taxonomy":"post_tag","embeddable":true,"href":"https:\/\/blogs.diariovasco.com\/baratzean\/wp-json\/wp\/v2\/tags?post=1186"}],"curies":[{"name":"wp","href":"https:\/\/api.w.org\/{rel}","templated":true}]}}