{"id":1187,"date":"2014-09-01T20:12:30","date_gmt":"2014-09-01T19:12:30","guid":{"rendered":"http:\/\/blogs.diariovasco.com\/baratzean\/?p=1187"},"modified":"2014-09-01T20:12:30","modified_gmt":"2014-09-01T19:12:30","slug":"unos-dias-de-vacaciones","status":"publish","type":"post","link":"https:\/\/blogs.diariovasco.com\/baratzean\/2014\/09\/01\/unos-dias-de-vacaciones\/","title":{"rendered":"Unos d\u00edas de vacaciones"},"content":{"rendered":"<p><iframe loading=\"lazy\" width=\"500\" height=\"375\" src=\"https:\/\/www.youtube.com\/embed\/uyyPUGd2r0E?feature=oembed\" frameborder=\"0\" allowfullscreen><\/iframe><br \/>\nLa semana pasada estuve de vacaciones y, en consecuencia, he estado desligado del blog, pero de nuevo estoy aqu\u00ed, dispuesto a seguir contando c\u00f3mo va la huerta, que pr\u00e1cticamente est\u00e1 en la recta final de los productos ricos del verano. He aprovechado que ten\u00edas estos d\u00edas de fiesta para poner un poco en orden algunas cosas que ya se estaban pasando de la raya. Muchas veces suelo comentar que pasar la desbrozadora a su debido momento es muy f\u00e1cil, pero si dejamos crecer en exceso la hierba, y si adem\u00e1s se ha tumbado, el trabajo es mucho m\u00e1s laborioso, como a m\u00ed me ha ocurrido. Entre tomates, vainas, guindillas, etc. no ten\u00eda tiempo para cortar la hierba, que en esta \u00e9poca crece muy r\u00e1pido. La conclusi\u00f3n es que me he pegado una buena pechada para dejar el terreno en las condiciones que se aprecian en el v\u00eddeo. Ahora ya se pueden ver los peque\u00f1os frutales, que hace unos d\u00edas, cuando estuve hablando de las manzanas, casi ni se ve\u00edan.<\/p>\n<!-- AddThis Advanced Settings generic via filter on the_content --><!-- AddThis Share Buttons generic via filter on the_content -->","protected":false},"excerpt":{"rendered":"<p>La semana pasada estuve de vacaciones y, en consecuencia, he estado desligado del blog, pero de nuevo estoy aqu\u00ed, dispuesto a seguir contando c\u00f3mo va la huerta, que pr\u00e1cticamente est\u00e1 en la recta final de los productos ricos del verano. He aprovechado que ten\u00edas estos d\u00edas de fiesta para poner un poco en orden algunas [&hellip;]<!-- AddThis Advanced Settings generic via filter on get_the_excerpt --><!-- AddThis Share Buttons generic via filter on get_the_excerpt --><\/p>\n","protected":false},"author":25,"featured_media":0,"comment_status":"open","ping_status":"closed","sticky":false,"template":"","format":"standard","meta":[],"categories":[3],"tags":[],"_links":{"self":[{"href":"https:\/\/blogs.diariovasco.com\/baratzean\/wp-json\/wp\/v2\/posts\/1187"}],"collection":[{"href":"https:\/\/blogs.diariovasco.com\/baratzean\/wp-json\/wp\/v2\/posts"}],"about":[{"href":"https:\/\/blogs.diariovasco.com\/baratzean\/wp-json\/wp\/v2\/types\/post"}],"author":[{"embeddable":true,"href":"https:\/\/blogs.diariovasco.com\/baratzean\/wp-json\/wp\/v2\/users\/25"}],"replies":[{"embeddable":true,"href":"https:\/\/blogs.diariovasco.com\/baratzean\/wp-json\/wp\/v2\/comments?post=1187"}],"version-history":[{"count":0,"href":"https:\/\/blogs.diariovasco.com\/baratzean\/wp-json\/wp\/v2\/posts\/1187\/revisions"}],"wp:attachment":[{"href":"https:\/\/blogs.diariovasco.com\/baratzean\/wp-json\/wp\/v2\/media?parent=1187"}],"wp:term":[{"taxonomy":"category","embeddable":true,"href":"https:\/\/blogs.diariovasco.com\/baratzean\/wp-json\/wp\/v2\/categories?post=1187"},{"taxonomy":"post_tag","embeddable":true,"href":"https:\/\/blogs.diariovasco.com\/baratzean\/wp-json\/wp\/v2\/tags?post=1187"}],"curies":[{"name":"wp","href":"https:\/\/api.w.org\/{rel}","templated":true}]}}