{"id":1189,"date":"2014-09-02T19:23:59","date_gmt":"2014-09-02T18:23:59","guid":{"rendered":"http:\/\/blogs.diariovasco.com\/baratzean\/?p=1189"},"modified":"2014-09-02T19:23:59","modified_gmt":"2014-09-02T18:23:59","slug":"ultima-poda-de-tomates","status":"publish","type":"post","link":"https:\/\/blogs.diariovasco.com\/baratzean\/2014\/09\/02\/ultima-poda-de-tomates\/","title":{"rendered":"\u00daltima poda de tomates"},"content":{"rendered":"<p><iframe loading=\"lazy\" width=\"500\" height=\"375\" src=\"https:\/\/www.youtube.com\/embed\/v_WOWDMxUTA?feature=oembed\" frameborder=\"0\" allowfullscreen><\/iframe><br \/>\nEl segundo cuadro de tomates que puse, que fue hacia el 7 u 8 de mayo y que posteriormente ha estado afectado por el Mildiu, no solamente se ha recuperado muy bien sino que adem\u00e1s ha cogido bastante tomate por las puntas y es el sexto y s\u00e9ptimo, incluso en algunos el octavo escal\u00f3n de grano. Hace dos semanas pod\u00e9 de media planta hacia abajo todas las hojas y ahora los he podado por arriba para que no crezcan m\u00e1s y la savia se reparta por los granos, ya que de aqu\u00ed en adelante las flores que echen de poco servir\u00e1n. No s\u00e9 si los peque\u00f1os tomates, los de los \u00faltimos escalones, coger\u00e1n cierto tama\u00f1o, pero de momento est\u00e1n muy majos, con lo que como dec\u00eda aqu\u00e9l, \u2018mientras hay vida, hay esperanza\u2019. En el v\u00eddeo se puede observar la poda de las hojas de media planta hacia abajo, as\u00ed como la cantidad de peque\u00f1os tomates que han salido en las puntas. El resto de los tomates que puse antes, en el mes de abril, ya est\u00e1n pr\u00e1cticamente para quitar, apenas si queda alg\u00fan peque\u00f1o tomate Verde y alguno de los de Igeldo Plano. El primer cuadro que puse de Jack tambi\u00e9n est\u00e1 para ir quitando las matas y adecentar un poco el terreno.<\/p>\n<!-- AddThis Advanced Settings generic via filter on the_content --><!-- AddThis Share Buttons generic via filter on the_content -->","protected":false},"excerpt":{"rendered":"<p>El segundo cuadro de tomates que puse, que fue hacia el 7 u 8 de mayo y que posteriormente ha estado afectado por el Mildiu, no solamente se ha recuperado muy bien sino que adem\u00e1s ha cogido bastante tomate por las puntas y es el sexto y s\u00e9ptimo, incluso en algunos el octavo escal\u00f3n de [&hellip;]<!-- AddThis Advanced Settings generic via filter on get_the_excerpt --><!-- AddThis Share Buttons generic via filter on get_the_excerpt --><\/p>\n","protected":false},"author":25,"featured_media":0,"comment_status":"open","ping_status":"closed","sticky":false,"template":"","format":"standard","meta":[],"categories":[3],"tags":[],"_links":{"self":[{"href":"https:\/\/blogs.diariovasco.com\/baratzean\/wp-json\/wp\/v2\/posts\/1189"}],"collection":[{"href":"https:\/\/blogs.diariovasco.com\/baratzean\/wp-json\/wp\/v2\/posts"}],"about":[{"href":"https:\/\/blogs.diariovasco.com\/baratzean\/wp-json\/wp\/v2\/types\/post"}],"author":[{"embeddable":true,"href":"https:\/\/blogs.diariovasco.com\/baratzean\/wp-json\/wp\/v2\/users\/25"}],"replies":[{"embeddable":true,"href":"https:\/\/blogs.diariovasco.com\/baratzean\/wp-json\/wp\/v2\/comments?post=1189"}],"version-history":[{"count":0,"href":"https:\/\/blogs.diariovasco.com\/baratzean\/wp-json\/wp\/v2\/posts\/1189\/revisions"}],"wp:attachment":[{"href":"https:\/\/blogs.diariovasco.com\/baratzean\/wp-json\/wp\/v2\/media?parent=1189"}],"wp:term":[{"taxonomy":"category","embeddable":true,"href":"https:\/\/blogs.diariovasco.com\/baratzean\/wp-json\/wp\/v2\/categories?post=1189"},{"taxonomy":"post_tag","embeddable":true,"href":"https:\/\/blogs.diariovasco.com\/baratzean\/wp-json\/wp\/v2\/tags?post=1189"}],"curies":[{"name":"wp","href":"https:\/\/api.w.org\/{rel}","templated":true}]}}