{"id":1190,"date":"2014-09-03T18:41:11","date_gmt":"2014-09-03T17:41:11","guid":{"rendered":"http:\/\/blogs.diariovasco.com\/baratzean\/?p=1190"},"modified":"2014-09-03T18:41:11","modified_gmt":"2014-09-03T17:41:11","slug":"buenos-dias-para-preparar-la-tierra-2","status":"publish","type":"post","link":"https:\/\/blogs.diariovasco.com\/baratzean\/2014\/09\/03\/buenos-dias-para-preparar-la-tierra-2\/","title":{"rendered":"Buenos d\u00edas para preparar la tierra"},"content":{"rendered":"<p><iframe loading=\"lazy\" width=\"500\" height=\"375\" src=\"https:\/\/www.youtube.com\/embed\/DoiGYgpb59A?feature=oembed\" frameborder=\"0\" allowfullscreen><\/iframe><br \/>\nDespu\u00e9s de las lluvias de la semana pasada, el lunes estuve preparando la tierra con la m\u00e1quina para poner unos puerros y unas coliflores. Con este tiempo de sol la tierra quedar\u00e1 muy esponjosa y suelta, muy buena para luego poder plantar los puerros y coliflores antes de que llueva. Este a\u00f1o voy un poco tarde para hacer estas plantaciones, ya que me gusta ponerlas a \u00faltimos de julio o primeros de agosto. Lo que ocurre es que a todo no se puede llegar y este a\u00f1o tendr\u00e1 que ser un poco m\u00e1s tarde cuando los ponga. La semana pasada le llam\u00e9 al viverista Zaldune (que el a\u00f1o pasado me prepar\u00f3 un par de variedades de puerro para que as\u00ed este a\u00f1o tuviera la oportunidad de poder escoger) y me dijo que el puerro lo ten\u00eda todav\u00eda un poco peque\u00f1o pero que ya me buscar\u00eda en la Feria buena planta. Con respecto a las coliflores pondr\u00e9 de dos clases diferentes para que no vengan todas a la vez. As\u00ed, unas que son tempranas vendr\u00e1n para \u00faltimos de diciembre y las otras para enero o febrero.<\/p>\n<!-- AddThis Advanced Settings generic via filter on the_content --><!-- AddThis Share Buttons generic via filter on the_content -->","protected":false},"excerpt":{"rendered":"<p>Despu\u00e9s de las lluvias de la semana pasada, el lunes estuve preparando la tierra con la m\u00e1quina para poner unos puerros y unas coliflores. Con este tiempo de sol la tierra quedar\u00e1 muy esponjosa y suelta, muy buena para luego poder plantar los puerros y coliflores antes de que llueva. Este a\u00f1o voy un poco [&hellip;]<!-- AddThis Advanced Settings generic via filter on get_the_excerpt --><!-- AddThis Share Buttons generic via filter on get_the_excerpt --><\/p>\n","protected":false},"author":25,"featured_media":0,"comment_status":"open","ping_status":"closed","sticky":false,"template":"","format":"standard","meta":[],"categories":[3],"tags":[],"_links":{"self":[{"href":"https:\/\/blogs.diariovasco.com\/baratzean\/wp-json\/wp\/v2\/posts\/1190"}],"collection":[{"href":"https:\/\/blogs.diariovasco.com\/baratzean\/wp-json\/wp\/v2\/posts"}],"about":[{"href":"https:\/\/blogs.diariovasco.com\/baratzean\/wp-json\/wp\/v2\/types\/post"}],"author":[{"embeddable":true,"href":"https:\/\/blogs.diariovasco.com\/baratzean\/wp-json\/wp\/v2\/users\/25"}],"replies":[{"embeddable":true,"href":"https:\/\/blogs.diariovasco.com\/baratzean\/wp-json\/wp\/v2\/comments?post=1190"}],"version-history":[{"count":0,"href":"https:\/\/blogs.diariovasco.com\/baratzean\/wp-json\/wp\/v2\/posts\/1190\/revisions"}],"wp:attachment":[{"href":"https:\/\/blogs.diariovasco.com\/baratzean\/wp-json\/wp\/v2\/media?parent=1190"}],"wp:term":[{"taxonomy":"category","embeddable":true,"href":"https:\/\/blogs.diariovasco.com\/baratzean\/wp-json\/wp\/v2\/categories?post=1190"},{"taxonomy":"post_tag","embeddable":true,"href":"https:\/\/blogs.diariovasco.com\/baratzean\/wp-json\/wp\/v2\/tags?post=1190"}],"curies":[{"name":"wp","href":"https:\/\/api.w.org\/{rel}","templated":true}]}}