{"id":1191,"date":"2014-09-04T19:12:42","date_gmt":"2014-09-04T18:12:42","guid":{"rendered":"http:\/\/blogs.diariovasco.com\/baratzean\/?p=1191"},"modified":"2014-09-04T19:12:42","modified_gmt":"2014-09-04T18:12:42","slug":"planta-de-guindilla-para-semilla","status":"publish","type":"post","link":"https:\/\/blogs.diariovasco.com\/baratzean\/2014\/09\/04\/planta-de-guindilla-para-semilla\/","title":{"rendered":"Planta de guindilla para semilla"},"content":{"rendered":"<p><iframe loading=\"lazy\" width=\"500\" height=\"375\" src=\"https:\/\/www.youtube.com\/embed\/bD45v7d3YrI?feature=oembed\" frameborder=\"0\" allowfullscreen><\/iframe><br \/>\nYa coment\u00e9 en un anterior post que suelo dejar una planta de guindilla sin recogerle ninguna para luego escoger las m\u00e1s bonitas para semilla. Pues bien, como se puede observar en el v\u00eddeo, la planta ya est\u00e1 un poco cascada despu\u00e9s de aguantar toda su producci\u00f3n, que hasta la fecha, como se puede observar, es bastante buena. Tambi\u00e9n se ven muchas guindillas rojas y otras que se est\u00e1n madurando. Ahora, al no recoger ninguna guindilla, tengo la posibilidad de escoger las m\u00e1s bonitas, tanto en la largura como en la silueta, que no est\u00e9n retorcidas. Siempre es bueno que las semillas sean de los mejores frutos de la planta para una buena conservaci\u00f3n de la variedad.<\/p>\n<!-- AddThis Advanced Settings generic via filter on the_content --><!-- AddThis Share Buttons generic via filter on the_content -->","protected":false},"excerpt":{"rendered":"<p>Ya coment\u00e9 en un anterior post que suelo dejar una planta de guindilla sin recogerle ninguna para luego escoger las m\u00e1s bonitas para semilla. Pues bien, como se puede observar en el v\u00eddeo, la planta ya est\u00e1 un poco cascada despu\u00e9s de aguantar toda su producci\u00f3n, que hasta la fecha, como se puede observar, es [&hellip;]<!-- AddThis Advanced Settings generic via filter on get_the_excerpt --><!-- AddThis Share Buttons generic via filter on get_the_excerpt --><\/p>\n","protected":false},"author":25,"featured_media":0,"comment_status":"open","ping_status":"closed","sticky":false,"template":"","format":"standard","meta":[],"categories":[3],"tags":[],"_links":{"self":[{"href":"https:\/\/blogs.diariovasco.com\/baratzean\/wp-json\/wp\/v2\/posts\/1191"}],"collection":[{"href":"https:\/\/blogs.diariovasco.com\/baratzean\/wp-json\/wp\/v2\/posts"}],"about":[{"href":"https:\/\/blogs.diariovasco.com\/baratzean\/wp-json\/wp\/v2\/types\/post"}],"author":[{"embeddable":true,"href":"https:\/\/blogs.diariovasco.com\/baratzean\/wp-json\/wp\/v2\/users\/25"}],"replies":[{"embeddable":true,"href":"https:\/\/blogs.diariovasco.com\/baratzean\/wp-json\/wp\/v2\/comments?post=1191"}],"version-history":[{"count":0,"href":"https:\/\/blogs.diariovasco.com\/baratzean\/wp-json\/wp\/v2\/posts\/1191\/revisions"}],"wp:attachment":[{"href":"https:\/\/blogs.diariovasco.com\/baratzean\/wp-json\/wp\/v2\/media?parent=1191"}],"wp:term":[{"taxonomy":"category","embeddable":true,"href":"https:\/\/blogs.diariovasco.com\/baratzean\/wp-json\/wp\/v2\/categories?post=1191"},{"taxonomy":"post_tag","embeddable":true,"href":"https:\/\/blogs.diariovasco.com\/baratzean\/wp-json\/wp\/v2\/tags?post=1191"}],"curies":[{"name":"wp","href":"https:\/\/api.w.org\/{rel}","templated":true}]}}