{"id":1192,"date":"2014-09-08T18:30:31","date_gmt":"2014-09-08T17:30:31","guid":{"rendered":"http:\/\/blogs.diariovasco.com\/baratzean\/?p=1192"},"modified":"2014-09-08T18:30:31","modified_gmt":"2014-09-08T17:30:31","slug":"planta-de-puerro-y-coliflores","status":"publish","type":"post","link":"https:\/\/blogs.diariovasco.com\/baratzean\/2014\/09\/08\/planta-de-puerro-y-coliflores\/","title":{"rendered":"Planta de Puerro y coliflores"},"content":{"rendered":"<p><iframe loading=\"lazy\" width=\"500\" height=\"375\" src=\"https:\/\/www.youtube.com\/embed\/9pMHulPxMIg?feature=oembed\" frameborder=\"0\" allowfullscreen><\/iframe><br \/>\nEl fin de semana pasado estuve plantando los puerros y las coliflores que le hab\u00eda comprado previamente al viverista Zaldune. Despu\u00e9s de dejar pasar unos d\u00edas de sol y buen tiempo, que le han venido a la tierra \u2018como anillo al dedo\u2019 plant\u00e9 los puerros y las coliflores. El domingo por la tarde-noche les llovi\u00f3 con lo que no he tenido que estar regando. Le ped\u00ed al viverista que los puerros fueran los de desarrollo grande y ya veremos qu\u00e9 tama\u00f1o cogen. Me conformar\u00eda con que se hicieran como los de a\u00f1o pasado. Las coliflores, para que no me pase como el \u00faltimo invierno, que me vinieron todas a la vez, he cogido de tres desarrollos diferentes. Para Navidad, enero y febrero. Es la primera vez que planto de esta forma y ya comentar\u00e9 c\u00f3mo crecen y si se desarrollan como dice el viverista. En el v\u00eddeo se puede observar que las l\u00edneas de puerros est\u00e1n un poco torcidas, pero es el efecto de la c\u00e1mara ya que la toma est\u00e1 cogida desde una esquina. <\/p>\n<!-- AddThis Advanced Settings generic via filter on the_content --><!-- AddThis Share Buttons generic via filter on the_content -->","protected":false},"excerpt":{"rendered":"<p>El fin de semana pasado estuve plantando los puerros y las coliflores que le hab\u00eda comprado previamente al viverista Zaldune. Despu\u00e9s de dejar pasar unos d\u00edas de sol y buen tiempo, que le han venido a la tierra \u2018como anillo al dedo\u2019 plant\u00e9 los puerros y las coliflores. El domingo por la tarde-noche les llovi\u00f3 [&hellip;]<!-- AddThis Advanced Settings generic via filter on get_the_excerpt --><!-- AddThis Share Buttons generic via filter on get_the_excerpt --><\/p>\n","protected":false},"author":25,"featured_media":0,"comment_status":"open","ping_status":"closed","sticky":false,"template":"","format":"standard","meta":[],"categories":[3],"tags":[],"_links":{"self":[{"href":"https:\/\/blogs.diariovasco.com\/baratzean\/wp-json\/wp\/v2\/posts\/1192"}],"collection":[{"href":"https:\/\/blogs.diariovasco.com\/baratzean\/wp-json\/wp\/v2\/posts"}],"about":[{"href":"https:\/\/blogs.diariovasco.com\/baratzean\/wp-json\/wp\/v2\/types\/post"}],"author":[{"embeddable":true,"href":"https:\/\/blogs.diariovasco.com\/baratzean\/wp-json\/wp\/v2\/users\/25"}],"replies":[{"embeddable":true,"href":"https:\/\/blogs.diariovasco.com\/baratzean\/wp-json\/wp\/v2\/comments?post=1192"}],"version-history":[{"count":0,"href":"https:\/\/blogs.diariovasco.com\/baratzean\/wp-json\/wp\/v2\/posts\/1192\/revisions"}],"wp:attachment":[{"href":"https:\/\/blogs.diariovasco.com\/baratzean\/wp-json\/wp\/v2\/media?parent=1192"}],"wp:term":[{"taxonomy":"category","embeddable":true,"href":"https:\/\/blogs.diariovasco.com\/baratzean\/wp-json\/wp\/v2\/categories?post=1192"},{"taxonomy":"post_tag","embeddable":true,"href":"https:\/\/blogs.diariovasco.com\/baratzean\/wp-json\/wp\/v2\/tags?post=1192"}],"curies":[{"name":"wp","href":"https:\/\/api.w.org\/{rel}","templated":true}]}}