{"id":1195,"date":"2014-09-10T19:07:34","date_gmt":"2014-09-10T18:07:34","guid":{"rendered":"http:\/\/blogs.diariovasco.com\/baratzean\/?p=1195"},"modified":"2014-09-10T19:07:34","modified_gmt":"2014-09-10T18:07:34","slug":"la-uva-moscatel-3","status":"publish","type":"post","link":"https:\/\/blogs.diariovasco.com\/baratzean\/2014\/09\/10\/la-uva-moscatel-3\/","title":{"rendered":"La uva moscatel"},"content":{"rendered":"<p><iframe loading=\"lazy\" width=\"500\" height=\"375\" src=\"https:\/\/www.youtube.com\/embed\/-Lo1GCwTlKo?feature=oembed\" frameborder=\"0\" allowfullscreen><\/iframe><br \/>\nHace poco tiempo escrib\u00ed en el blog sobre una parra que tengo de uva moscatel por delante de la txabola para hacer sombra (trabajo que hace a la perfecci\u00f3n). Pues bien,  parece que hasta la fecha el tiempo le est\u00e1 acompa\u00f1ando y la uva va madurando. Con el tiempo que estamos teniendo y con lo que han pronosticado para los pr\u00f3ximos d\u00edas es f\u00e1cil que terminen de madurar como es debido y pueda recogerlas en su punto. Es una uva que cuando madura bien es muy dulce y rica para comer. Como se puede observar en el v\u00eddeo hay algunos racimos peque\u00f1os pero hay un par de ellos de foto.  <\/p>\n<!-- AddThis Advanced Settings generic via filter on the_content --><!-- AddThis Share Buttons generic via filter on the_content -->","protected":false},"excerpt":{"rendered":"<p>Hace poco tiempo escrib\u00ed en el blog sobre una parra que tengo de uva moscatel por delante de la txabola para hacer sombra (trabajo que hace a la perfecci\u00f3n). Pues bien, parece que hasta la fecha el tiempo le est\u00e1 acompa\u00f1ando y la uva va madurando. Con el tiempo que estamos teniendo y con lo [&hellip;]<!-- AddThis Advanced Settings generic via filter on get_the_excerpt --><!-- AddThis Share Buttons generic via filter on get_the_excerpt --><\/p>\n","protected":false},"author":25,"featured_media":0,"comment_status":"open","ping_status":"closed","sticky":false,"template":"","format":"standard","meta":[],"categories":[3],"tags":[],"_links":{"self":[{"href":"https:\/\/blogs.diariovasco.com\/baratzean\/wp-json\/wp\/v2\/posts\/1195"}],"collection":[{"href":"https:\/\/blogs.diariovasco.com\/baratzean\/wp-json\/wp\/v2\/posts"}],"about":[{"href":"https:\/\/blogs.diariovasco.com\/baratzean\/wp-json\/wp\/v2\/types\/post"}],"author":[{"embeddable":true,"href":"https:\/\/blogs.diariovasco.com\/baratzean\/wp-json\/wp\/v2\/users\/25"}],"replies":[{"embeddable":true,"href":"https:\/\/blogs.diariovasco.com\/baratzean\/wp-json\/wp\/v2\/comments?post=1195"}],"version-history":[{"count":0,"href":"https:\/\/blogs.diariovasco.com\/baratzean\/wp-json\/wp\/v2\/posts\/1195\/revisions"}],"wp:attachment":[{"href":"https:\/\/blogs.diariovasco.com\/baratzean\/wp-json\/wp\/v2\/media?parent=1195"}],"wp:term":[{"taxonomy":"category","embeddable":true,"href":"https:\/\/blogs.diariovasco.com\/baratzean\/wp-json\/wp\/v2\/categories?post=1195"},{"taxonomy":"post_tag","embeddable":true,"href":"https:\/\/blogs.diariovasco.com\/baratzean\/wp-json\/wp\/v2\/tags?post=1195"}],"curies":[{"name":"wp","href":"https:\/\/api.w.org\/{rel}","templated":true}]}}