{"id":1196,"date":"2014-09-11T19:07:32","date_gmt":"2014-09-11T18:07:32","guid":{"rendered":"http:\/\/blogs.diariovasco.com\/baratzean\/?p=1196"},"modified":"2014-09-11T19:07:32","modified_gmt":"2014-09-11T18:07:32","slug":"un-poquito-de-agua-vendria-muy-bien-a-la-huerta","status":"publish","type":"post","link":"https:\/\/blogs.diariovasco.com\/baratzean\/2014\/09\/11\/un-poquito-de-agua-vendria-muy-bien-a-la-huerta\/","title":{"rendered":"Un poquito de agua vendr\u00eda muy bien a la huerta"},"content":{"rendered":"<p><a href=\"\/baratzean\/wp-content\/uploads\/sites\/13\/2014\/09\/lluvia1.jpg\"><img loading=\"lazy\" src=\"\/baratzean\/wp-content\/uploads\/sites\/13\/2014\/09\/lluvia1.jpg\" alt=\"\" title=\"lluvia\" width=\"640\" height=\"480\" class=\"alignleft size-full wp-image-1198\" srcset=\"https:\/\/static-blogs.diariovasco.com\/wp-content\/uploads\/sites\/13\/2014\/09\/lluvia1.jpg 640w, https:\/\/static-blogs.diariovasco.com\/wp-content\/uploads\/sites\/13\/2014\/09\/lluvia1-300x225.jpg 300w\" sizes=\"(max-width: 640px) 100vw, 640px\" \/><\/a><br \/>\nAunque la noche del domingo al lunes hubo tormenta y llovi\u00f3 un poco, a la huerta le vendr\u00eda muy bien un poquito de lluvia. Y es que llevamos unos d\u00edas que el sol calienta bien, sin llegar a subir mucho las temperaturas ya que no llegan a los 30 grados, pero el sol calienta bien y hay mucha humedad. A las peque\u00f1as plantas de puerro, coliflor, berza, as\u00ed como las \u00faltimas vainas que sembr\u00e9 les vendr\u00eda de maravilla un d\u00eda de agua, pero los pron\u00f3sticos de los meteor\u00f3logos auguran que el agua brillar\u00e1 por su ausencia durante los pr\u00f3ximos d\u00edas. A las guindillas habr\u00e1 que seguirles regando a diario para que tengan humedad, se hagan r\u00e1pido y no piquen, si no se pondr\u00e1n rabiosas y no habr\u00e1 quien se las pueda llevar a la boca, salvo aquell@s a los que les guste que les pongan la boca calentita&#8230; De todos modos este tiempo les viene muy bien a las alubias que as\u00ed se ir\u00e1n secando antes. La mata de las primeras que sembr\u00e9 ya est\u00e1 bastante seca, no as\u00ed las \u00faltimas, que todav\u00eda est\u00e1n muy verdes.<\/p>\n<!-- AddThis Advanced Settings generic via filter on the_content --><!-- AddThis Share Buttons generic via filter on the_content -->","protected":false},"excerpt":{"rendered":"<p>Aunque la noche del domingo al lunes hubo tormenta y llovi\u00f3 un poco, a la huerta le vendr\u00eda muy bien un poquito de lluvia. Y es que llevamos unos d\u00edas que el sol calienta bien, sin llegar a subir mucho las temperaturas ya que no llegan a los 30 grados, pero el sol calienta bien [&hellip;]<!-- AddThis Advanced Settings generic via filter on get_the_excerpt --><!-- AddThis Share Buttons generic via filter on get_the_excerpt --><\/p>\n","protected":false},"author":25,"featured_media":0,"comment_status":"open","ping_status":"closed","sticky":false,"template":"","format":"standard","meta":[],"categories":[3],"tags":[],"_links":{"self":[{"href":"https:\/\/blogs.diariovasco.com\/baratzean\/wp-json\/wp\/v2\/posts\/1196"}],"collection":[{"href":"https:\/\/blogs.diariovasco.com\/baratzean\/wp-json\/wp\/v2\/posts"}],"about":[{"href":"https:\/\/blogs.diariovasco.com\/baratzean\/wp-json\/wp\/v2\/types\/post"}],"author":[{"embeddable":true,"href":"https:\/\/blogs.diariovasco.com\/baratzean\/wp-json\/wp\/v2\/users\/25"}],"replies":[{"embeddable":true,"href":"https:\/\/blogs.diariovasco.com\/baratzean\/wp-json\/wp\/v2\/comments?post=1196"}],"version-history":[{"count":0,"href":"https:\/\/blogs.diariovasco.com\/baratzean\/wp-json\/wp\/v2\/posts\/1196\/revisions"}],"wp:attachment":[{"href":"https:\/\/blogs.diariovasco.com\/baratzean\/wp-json\/wp\/v2\/media?parent=1196"}],"wp:term":[{"taxonomy":"category","embeddable":true,"href":"https:\/\/blogs.diariovasco.com\/baratzean\/wp-json\/wp\/v2\/categories?post=1196"},{"taxonomy":"post_tag","embeddable":true,"href":"https:\/\/blogs.diariovasco.com\/baratzean\/wp-json\/wp\/v2\/tags?post=1196"}],"curies":[{"name":"wp","href":"https:\/\/api.w.org\/{rel}","templated":true}]}}