{"id":1200,"date":"2014-09-16T19:54:50","date_gmt":"2014-09-16T18:54:50","guid":{"rendered":"http:\/\/blogs.diariovasco.com\/baratzean\/?p=1200"},"modified":"2014-09-16T19:54:50","modified_gmt":"2014-09-16T18:54:50","slug":"un-poquito-de-mineral-a-las-coliflores","status":"publish","type":"post","link":"https:\/\/blogs.diariovasco.com\/baratzean\/2014\/09\/16\/un-poquito-de-mineral-a-las-coliflores\/","title":{"rendered":"Un poquito de mineral a las coliflores"},"content":{"rendered":"<p><iframe loading=\"lazy\" width=\"500\" height=\"375\" src=\"https:\/\/www.youtube.com\/embed\/wJyWagwlCVA?feature=oembed\" frameborder=\"0\" allowfullscreen><\/iframe><br \/>\nHoy, por la ma\u00f1ana, hac\u00eda bastante bochorno. Estaba medio nublado, pero hac\u00eda calor y aunque el domingo llovi\u00f3, las peque\u00f1as plantas de coliflor y puerro que puse la semana anterior no creo que lo est\u00e9n pasando muy bien. Como ten\u00eda intenci\u00f3n de regarlas, he aprovechado para hacerles un agujero en la tierra y echarles un poco de mineral 15x15x15. Es bueno, despu\u00e9s de plantadas y una vez que hayan cogido un poquito de fuerza, ayudarles en el desarrollo con un poco de alimento, bien sea con alg\u00fan abono foliar, o con alg\u00fan abono mineral a trav\u00e9s de la tierra. En el v\u00eddeo se puede observar  las plantas de berza que he puesto esta misma ma\u00f1ana, as\u00ed c\u00f3mo el puerro que, aunque a duras penas (debido al tiempo seco), ya se ha puesto de pie. Joxean desde esta perspectiva parece que las l\u00edneas de puerro est\u00e1n m\u00e1s derechas, no?<br \/>\nSeg\u00fan estoy escribiendo este post, se ha desatado una tormenta y est\u00e1 lloviendo con bastante fuerza. No vendr\u00e1 mal esta lluvia a la huerta en general, aunque si cae con fuerza no se aprovecha bien el agua.<\/p>\n<!-- AddThis Advanced Settings generic via filter on the_content --><!-- AddThis Share Buttons generic via filter on the_content -->","protected":false},"excerpt":{"rendered":"<p>Hoy, por la ma\u00f1ana, hac\u00eda bastante bochorno. Estaba medio nublado, pero hac\u00eda calor y aunque el domingo llovi\u00f3, las peque\u00f1as plantas de coliflor y puerro que puse la semana anterior no creo que lo est\u00e9n pasando muy bien. Como ten\u00eda intenci\u00f3n de regarlas, he aprovechado para hacerles un agujero en la tierra y echarles un [&hellip;]<!-- AddThis Advanced Settings generic via filter on get_the_excerpt --><!-- AddThis Share Buttons generic via filter on get_the_excerpt --><\/p>\n","protected":false},"author":25,"featured_media":0,"comment_status":"open","ping_status":"closed","sticky":false,"template":"","format":"standard","meta":[],"categories":[3],"tags":[],"_links":{"self":[{"href":"https:\/\/blogs.diariovasco.com\/baratzean\/wp-json\/wp\/v2\/posts\/1200"}],"collection":[{"href":"https:\/\/blogs.diariovasco.com\/baratzean\/wp-json\/wp\/v2\/posts"}],"about":[{"href":"https:\/\/blogs.diariovasco.com\/baratzean\/wp-json\/wp\/v2\/types\/post"}],"author":[{"embeddable":true,"href":"https:\/\/blogs.diariovasco.com\/baratzean\/wp-json\/wp\/v2\/users\/25"}],"replies":[{"embeddable":true,"href":"https:\/\/blogs.diariovasco.com\/baratzean\/wp-json\/wp\/v2\/comments?post=1200"}],"version-history":[{"count":0,"href":"https:\/\/blogs.diariovasco.com\/baratzean\/wp-json\/wp\/v2\/posts\/1200\/revisions"}],"wp:attachment":[{"href":"https:\/\/blogs.diariovasco.com\/baratzean\/wp-json\/wp\/v2\/media?parent=1200"}],"wp:term":[{"taxonomy":"category","embeddable":true,"href":"https:\/\/blogs.diariovasco.com\/baratzean\/wp-json\/wp\/v2\/categories?post=1200"},{"taxonomy":"post_tag","embeddable":true,"href":"https:\/\/blogs.diariovasco.com\/baratzean\/wp-json\/wp\/v2\/tags?post=1200"}],"curies":[{"name":"wp","href":"https:\/\/api.w.org\/{rel}","templated":true}]}}