{"id":1201,"date":"2014-09-17T19:10:38","date_gmt":"2014-09-17T18:10:38","guid":{"rendered":"http:\/\/blogs.diariovasco.com\/baratzean\/?p=1201"},"modified":"2014-09-17T19:10:38","modified_gmt":"2014-09-17T18:10:38","slug":"la-alubia-negra-8","status":"publish","type":"post","link":"https:\/\/blogs.diariovasco.com\/baratzean\/2014\/09\/17\/la-alubia-negra-8\/","title":{"rendered":"La alubia negra"},"content":{"rendered":"<p><iframe loading=\"lazy\" width=\"500\" height=\"375\" src=\"https:\/\/www.youtube.com\/embed\/Su4ECQTN35k?feature=oembed\" frameborder=\"0\" allowfullscreen><\/iframe><br \/>\nLa primera siembra que hice de alubia negra a mediados de mayo est\u00e1 madurando muy bien. Con el mes de septiembre que llevamos, y m\u00e1s en concreto con los \u00faltimos d\u00edas, se ha secado pr\u00e1cticamente en una semana. Ya est\u00e1 lista para recoger cualquier d\u00eda de estos. Sin embargo la alubia blanca y la segunda alubia negra que sembr\u00e9, que est\u00e1n al lado una de la otra, han cogido ro\u00f1a y no tienen pr\u00e1cticamente nada. Estaban muy bonitas las matas pero cuando ten\u00eda que comenzar a echar la flor le entr\u00f3 la ro\u00f1a, primero a la blanca y posteriormente a la negra. Lo que m\u00e1s me fastidia es que pr\u00e1cticamente todo lo que recoja de alubia blanca voy a tener que dejarlo para semilla del a\u00f1o que viene y en consecuencia pocas alubias blancas voy a comer este a\u00f1o. Ma\u00f1ana pondr\u00e9 un v\u00eddeo sobre la alubia blanca para que se pueda ver la diferencia entre unas y otras.<\/p>\n<!-- AddThis Advanced Settings generic via filter on the_content --><!-- AddThis Share Buttons generic via filter on the_content -->","protected":false},"excerpt":{"rendered":"<p>La primera siembra que hice de alubia negra a mediados de mayo est\u00e1 madurando muy bien. Con el mes de septiembre que llevamos, y m\u00e1s en concreto con los \u00faltimos d\u00edas, se ha secado pr\u00e1cticamente en una semana. Ya est\u00e1 lista para recoger cualquier d\u00eda de estos. Sin embargo la alubia blanca y la segunda [&hellip;]<!-- AddThis Advanced Settings generic via filter on get_the_excerpt --><!-- AddThis Share Buttons generic via filter on get_the_excerpt --><\/p>\n","protected":false},"author":25,"featured_media":0,"comment_status":"open","ping_status":"closed","sticky":false,"template":"","format":"standard","meta":[],"categories":[3],"tags":[],"_links":{"self":[{"href":"https:\/\/blogs.diariovasco.com\/baratzean\/wp-json\/wp\/v2\/posts\/1201"}],"collection":[{"href":"https:\/\/blogs.diariovasco.com\/baratzean\/wp-json\/wp\/v2\/posts"}],"about":[{"href":"https:\/\/blogs.diariovasco.com\/baratzean\/wp-json\/wp\/v2\/types\/post"}],"author":[{"embeddable":true,"href":"https:\/\/blogs.diariovasco.com\/baratzean\/wp-json\/wp\/v2\/users\/25"}],"replies":[{"embeddable":true,"href":"https:\/\/blogs.diariovasco.com\/baratzean\/wp-json\/wp\/v2\/comments?post=1201"}],"version-history":[{"count":0,"href":"https:\/\/blogs.diariovasco.com\/baratzean\/wp-json\/wp\/v2\/posts\/1201\/revisions"}],"wp:attachment":[{"href":"https:\/\/blogs.diariovasco.com\/baratzean\/wp-json\/wp\/v2\/media?parent=1201"}],"wp:term":[{"taxonomy":"category","embeddable":true,"href":"https:\/\/blogs.diariovasco.com\/baratzean\/wp-json\/wp\/v2\/categories?post=1201"},{"taxonomy":"post_tag","embeddable":true,"href":"https:\/\/blogs.diariovasco.com\/baratzean\/wp-json\/wp\/v2\/tags?post=1201"}],"curies":[{"name":"wp","href":"https:\/\/api.w.org\/{rel}","templated":true}]}}