{"id":1203,"date":"2014-09-23T16:22:45","date_gmt":"2014-09-23T15:22:45","guid":{"rendered":"http:\/\/blogs.diariovasco.com\/baratzean\/?p=1203"},"modified":"2014-09-23T16:22:45","modified_gmt":"2014-09-23T15:22:45","slug":"la-alubia-blanca-4","status":"publish","type":"post","link":"https:\/\/blogs.diariovasco.com\/baratzean\/2014\/09\/23\/la-alubia-blanca-4\/","title":{"rendered":"La alubia blanca"},"content":{"rendered":"<p><iframe loading=\"lazy\" width=\"500\" height=\"375\" src=\"https:\/\/www.youtube.com\/embed\/vEhAsT3Oo7U?feature=oembed\" frameborder=\"0\" allowfullscreen><\/iframe><br \/>\nLa semana pasada comentaba c\u00f3mo la alubia negra se hab\u00eda secado muy bien con el calor que tuvimos y que ya est\u00e1 recogida. Tambi\u00e9n coment\u00e9 que la alubia blanca hab\u00eda cogido ro\u00f1a cuando estaba comenzando a echar la flor y que por tanto, adem\u00e1s de perder mucha flor, no iba a ser un buen a\u00f1o de alubia blanca en mi huerta. Lo que adem\u00e1s ocurri\u00f3 fue que otras cuatro filas de alubia negra, que estaban sembradas al lado de la blanca, a su vez tambi\u00e9n han cogido ro\u00f1a y tienen muy pocas \u2018lecas\u2019. En el v\u00eddeo, como se puede apreciar, la planta ya est\u00e1 seca y esta misma semana, si acompa\u00f1a un poco de tiempo, las recoger\u00e9 ya que no voy a tener mucho trabajo dada la poca cantidad que hay.<\/p>\n<!-- AddThis Advanced Settings generic via filter on the_content --><!-- AddThis Share Buttons generic via filter on the_content -->","protected":false},"excerpt":{"rendered":"<p>La semana pasada comentaba c\u00f3mo la alubia negra se hab\u00eda secado muy bien con el calor que tuvimos y que ya est\u00e1 recogida. Tambi\u00e9n coment\u00e9 que la alubia blanca hab\u00eda cogido ro\u00f1a cuando estaba comenzando a echar la flor y que por tanto, adem\u00e1s de perder mucha flor, no iba a ser un buen a\u00f1o [&hellip;]<!-- AddThis Advanced Settings generic via filter on get_the_excerpt --><!-- AddThis Share Buttons generic via filter on get_the_excerpt --><\/p>\n","protected":false},"author":25,"featured_media":0,"comment_status":"open","ping_status":"closed","sticky":false,"template":"","format":"standard","meta":[],"categories":[3],"tags":[],"_links":{"self":[{"href":"https:\/\/blogs.diariovasco.com\/baratzean\/wp-json\/wp\/v2\/posts\/1203"}],"collection":[{"href":"https:\/\/blogs.diariovasco.com\/baratzean\/wp-json\/wp\/v2\/posts"}],"about":[{"href":"https:\/\/blogs.diariovasco.com\/baratzean\/wp-json\/wp\/v2\/types\/post"}],"author":[{"embeddable":true,"href":"https:\/\/blogs.diariovasco.com\/baratzean\/wp-json\/wp\/v2\/users\/25"}],"replies":[{"embeddable":true,"href":"https:\/\/blogs.diariovasco.com\/baratzean\/wp-json\/wp\/v2\/comments?post=1203"}],"version-history":[{"count":0,"href":"https:\/\/blogs.diariovasco.com\/baratzean\/wp-json\/wp\/v2\/posts\/1203\/revisions"}],"wp:attachment":[{"href":"https:\/\/blogs.diariovasco.com\/baratzean\/wp-json\/wp\/v2\/media?parent=1203"}],"wp:term":[{"taxonomy":"category","embeddable":true,"href":"https:\/\/blogs.diariovasco.com\/baratzean\/wp-json\/wp\/v2\/categories?post=1203"},{"taxonomy":"post_tag","embeddable":true,"href":"https:\/\/blogs.diariovasco.com\/baratzean\/wp-json\/wp\/v2\/tags?post=1203"}],"curies":[{"name":"wp","href":"https:\/\/api.w.org\/{rel}","templated":true}]}}