{"id":1204,"date":"2014-09-24T20:16:31","date_gmt":"2014-09-24T19:16:31","guid":{"rendered":"http:\/\/blogs.diariovasco.com\/baratzean\/?p=1204"},"modified":"2014-09-24T20:16:31","modified_gmt":"2014-09-24T19:16:31","slug":"las-calabazas-9","status":"publish","type":"post","link":"https:\/\/blogs.diariovasco.com\/baratzean\/2014\/09\/24\/las-calabazas-9\/","title":{"rendered":"Las calabazas"},"content":{"rendered":"<p> <iframe loading=\"lazy\" width=\"500\" height=\"375\" src=\"https:\/\/www.youtube.com\/embed\/j07drJ9bNMU?feature=oembed\" frameborder=\"0\" allowfullscreen><\/iframe><br \/>\nCon los d\u00edas pasados de sol y altas temperaturas, las calabazas han madurado mucho y ya se puede comenzar a recoger. El fin de semana pasado abr\u00ed la primera y ten\u00eda un tono rojo-salm\u00f3n muy bonito. Si me acuerdo, a la pr\u00f3xima que abra le sacar\u00e9 un v\u00eddeo para que pod\u00e1is comprobar el color llamativo que tiene, ya que no todas las variedades de calabaza tienen los mismos tonos de color. Este a\u00f1o tampoco batir\u00e9 el r\u00e9cord de 26 kilos. Tengo bastantes que oscilan entre los 13 y los 17 kilos y tres o cuatro como las que se pueden apreciar en el v\u00eddeo de alrededor de 20 kilos. Por tanto habr\u00e1 que esperar otro a\u00f1o m\u00e1s para ver si volvemos a batir el r\u00e9cord.<\/p>\n<!-- AddThis Advanced Settings generic via filter on the_content --><!-- AddThis Share Buttons generic via filter on the_content -->","protected":false},"excerpt":{"rendered":"<p>Con los d\u00edas pasados de sol y altas temperaturas, las calabazas han madurado mucho y ya se puede comenzar a recoger. El fin de semana pasado abr\u00ed la primera y ten\u00eda un tono rojo-salm\u00f3n muy bonito. Si me acuerdo, a la pr\u00f3xima que abra le sacar\u00e9 un v\u00eddeo para que pod\u00e1is comprobar el color llamativo [&hellip;]<!-- AddThis Advanced Settings generic via filter on get_the_excerpt --><!-- AddThis Share Buttons generic via filter on get_the_excerpt --><\/p>\n","protected":false},"author":25,"featured_media":0,"comment_status":"open","ping_status":"closed","sticky":false,"template":"","format":"standard","meta":[],"categories":[3],"tags":[],"_links":{"self":[{"href":"https:\/\/blogs.diariovasco.com\/baratzean\/wp-json\/wp\/v2\/posts\/1204"}],"collection":[{"href":"https:\/\/blogs.diariovasco.com\/baratzean\/wp-json\/wp\/v2\/posts"}],"about":[{"href":"https:\/\/blogs.diariovasco.com\/baratzean\/wp-json\/wp\/v2\/types\/post"}],"author":[{"embeddable":true,"href":"https:\/\/blogs.diariovasco.com\/baratzean\/wp-json\/wp\/v2\/users\/25"}],"replies":[{"embeddable":true,"href":"https:\/\/blogs.diariovasco.com\/baratzean\/wp-json\/wp\/v2\/comments?post=1204"}],"version-history":[{"count":0,"href":"https:\/\/blogs.diariovasco.com\/baratzean\/wp-json\/wp\/v2\/posts\/1204\/revisions"}],"wp:attachment":[{"href":"https:\/\/blogs.diariovasco.com\/baratzean\/wp-json\/wp\/v2\/media?parent=1204"}],"wp:term":[{"taxonomy":"category","embeddable":true,"href":"https:\/\/blogs.diariovasco.com\/baratzean\/wp-json\/wp\/v2\/categories?post=1204"},{"taxonomy":"post_tag","embeddable":true,"href":"https:\/\/blogs.diariovasco.com\/baratzean\/wp-json\/wp\/v2\/tags?post=1204"}],"curies":[{"name":"wp","href":"https:\/\/api.w.org\/{rel}","templated":true}]}}