{"id":1205,"date":"2014-09-30T18:19:43","date_gmt":"2014-09-30T17:19:43","guid":{"rendered":"http:\/\/blogs.diariovasco.com\/baratzean\/?p=1205"},"modified":"2014-09-30T18:19:43","modified_gmt":"2014-09-30T17:19:43","slug":"las-guindillas","status":"publish","type":"post","link":"https:\/\/blogs.diariovasco.com\/baratzean\/2014\/09\/30\/las-guindillas\/","title":{"rendered":"Las guindillas"},"content":{"rendered":"<p><iframe loading=\"lazy\" width=\"500\" height=\"375\" src=\"https:\/\/www.youtube.com\/embed\/xjMhyXVSCmU?feature=oembed\" frameborder=\"0\" allowfullscreen><\/iframe><br \/>\nLa semana pasada recog\u00ed las guindillas de la planta que hab\u00eda dejado para semilla, sin coger ninguna a fin de poder elegir las m\u00e1s bonitas de la planta. Las m\u00e1s largas y rectas, que son de las que obtendr\u00e9 la semilla para el a\u00f1o que viene. Aunque con tres o cuatro guindillas es suficiente, ya que tienen bastantes semillas, dejo unas cuantas m\u00e1s. Ahora les pasar\u00e9 un peque\u00f1o hilo por la txustarra y las dejar\u00e9 en la cocina de manera que cuando elabore cualquier plato al que le haga falta un poco de guindilla para darle un \u2018toque de sabor\u2019, no hay m\u00e1s que coger una y a cocinar&#8230;<\/p>\n<!-- AddThis Advanced Settings generic via filter on the_content --><!-- AddThis Share Buttons generic via filter on the_content -->","protected":false},"excerpt":{"rendered":"<p>La semana pasada recog\u00ed las guindillas de la planta que hab\u00eda dejado para semilla, sin coger ninguna a fin de poder elegir las m\u00e1s bonitas de la planta. Las m\u00e1s largas y rectas, que son de las que obtendr\u00e9 la semilla para el a\u00f1o que viene. Aunque con tres o cuatro guindillas es suficiente, ya [&hellip;]<!-- AddThis Advanced Settings generic via filter on get_the_excerpt --><!-- AddThis Share Buttons generic via filter on get_the_excerpt --><\/p>\n","protected":false},"author":25,"featured_media":0,"comment_status":"open","ping_status":"closed","sticky":false,"template":"","format":"standard","meta":[],"categories":[3],"tags":[],"_links":{"self":[{"href":"https:\/\/blogs.diariovasco.com\/baratzean\/wp-json\/wp\/v2\/posts\/1205"}],"collection":[{"href":"https:\/\/blogs.diariovasco.com\/baratzean\/wp-json\/wp\/v2\/posts"}],"about":[{"href":"https:\/\/blogs.diariovasco.com\/baratzean\/wp-json\/wp\/v2\/types\/post"}],"author":[{"embeddable":true,"href":"https:\/\/blogs.diariovasco.com\/baratzean\/wp-json\/wp\/v2\/users\/25"}],"replies":[{"embeddable":true,"href":"https:\/\/blogs.diariovasco.com\/baratzean\/wp-json\/wp\/v2\/comments?post=1205"}],"version-history":[{"count":0,"href":"https:\/\/blogs.diariovasco.com\/baratzean\/wp-json\/wp\/v2\/posts\/1205\/revisions"}],"wp:attachment":[{"href":"https:\/\/blogs.diariovasco.com\/baratzean\/wp-json\/wp\/v2\/media?parent=1205"}],"wp:term":[{"taxonomy":"category","embeddable":true,"href":"https:\/\/blogs.diariovasco.com\/baratzean\/wp-json\/wp\/v2\/categories?post=1205"},{"taxonomy":"post_tag","embeddable":true,"href":"https:\/\/blogs.diariovasco.com\/baratzean\/wp-json\/wp\/v2\/tags?post=1205"}],"curies":[{"name":"wp","href":"https:\/\/api.w.org\/{rel}","templated":true}]}}