{"id":1208,"date":"2014-10-07T20:26:44","date_gmt":"2014-10-07T19:26:44","guid":{"rendered":"http:\/\/blogs.diariovasco.com\/baratzean\/?p=1208"},"modified":"2014-10-07T20:26:44","modified_gmt":"2014-10-07T19:26:44","slug":"vaya-tiempo-de-lujo-que-tenemos","status":"publish","type":"post","link":"https:\/\/blogs.diariovasco.com\/baratzean\/2014\/10\/07\/vaya-tiempo-de-lujo-que-tenemos\/","title":{"rendered":"Vaya tiempo de lujo que tenemos!!!"},"content":{"rendered":"<p><iframe loading=\"lazy\" width=\"500\" height=\"375\" src=\"https:\/\/www.youtube.com\/embed\/PjaW7EOdrmw?feature=oembed\" frameborder=\"0\" allowfullscreen><\/iframe><br \/>\nHola amigos blogueros. Os tengo un poco abandonados, pero es que ya de la huerta no se puede decir demasiado. Todav\u00eda estoy recogiendo algunos tomates y estos \u00faltimos d\u00edas del mes de septiembre y primeros de octubre estoy aprovechando para recoger las alubias y limpiar los terrenos, ya que este a\u00f1o tengo la intenci\u00f3n de echar un poco de cal. A ver si de esta forma elimino los posibles hongos que tenga en la tierra. Tengo que decir que las alubias han madurado muy bien, con este tiempo se han ido secando y como pod\u00e9is observar en el v\u00eddeo est\u00e1n muy sequitas y buenas. Hay bastante diferencia de un cuadro a otro, ya que a uno de ellos le atac\u00f3 la ro\u00f1a y en consecuencia perdi\u00f3 mucha flor. Ahora parece que vienen unos d\u00edas de agua, que no le vendr\u00e1 mal al \u00faltimo cuadro de vainas que puse. Si llueve un poquito y le acompa\u00f1a el tiempo, todav\u00eda pienso comer unas vainas de la huerta. Ya veremos&#8230;<\/p>\n<!-- AddThis Advanced Settings generic via filter on the_content --><!-- AddThis Share Buttons generic via filter on the_content -->","protected":false},"excerpt":{"rendered":"<p>Hola amigos blogueros. Os tengo un poco abandonados, pero es que ya de la huerta no se puede decir demasiado. Todav\u00eda estoy recogiendo algunos tomates y estos \u00faltimos d\u00edas del mes de septiembre y primeros de octubre estoy aprovechando para recoger las alubias y limpiar los terrenos, ya que este a\u00f1o tengo la intenci\u00f3n de [&hellip;]<!-- AddThis Advanced Settings generic via filter on get_the_excerpt --><!-- AddThis Share Buttons generic via filter on get_the_excerpt --><\/p>\n","protected":false},"author":25,"featured_media":0,"comment_status":"open","ping_status":"closed","sticky":false,"template":"","format":"standard","meta":[],"categories":[3],"tags":[],"_links":{"self":[{"href":"https:\/\/blogs.diariovasco.com\/baratzean\/wp-json\/wp\/v2\/posts\/1208"}],"collection":[{"href":"https:\/\/blogs.diariovasco.com\/baratzean\/wp-json\/wp\/v2\/posts"}],"about":[{"href":"https:\/\/blogs.diariovasco.com\/baratzean\/wp-json\/wp\/v2\/types\/post"}],"author":[{"embeddable":true,"href":"https:\/\/blogs.diariovasco.com\/baratzean\/wp-json\/wp\/v2\/users\/25"}],"replies":[{"embeddable":true,"href":"https:\/\/blogs.diariovasco.com\/baratzean\/wp-json\/wp\/v2\/comments?post=1208"}],"version-history":[{"count":0,"href":"https:\/\/blogs.diariovasco.com\/baratzean\/wp-json\/wp\/v2\/posts\/1208\/revisions"}],"wp:attachment":[{"href":"https:\/\/blogs.diariovasco.com\/baratzean\/wp-json\/wp\/v2\/media?parent=1208"}],"wp:term":[{"taxonomy":"category","embeddable":true,"href":"https:\/\/blogs.diariovasco.com\/baratzean\/wp-json\/wp\/v2\/categories?post=1208"},{"taxonomy":"post_tag","embeddable":true,"href":"https:\/\/blogs.diariovasco.com\/baratzean\/wp-json\/wp\/v2\/tags?post=1208"}],"curies":[{"name":"wp","href":"https:\/\/api.w.org\/{rel}","templated":true}]}}