{"id":1212,"date":"2014-10-09T21:47:01","date_gmt":"2014-10-09T20:47:01","guid":{"rendered":"http:\/\/blogs.diariovasco.com\/baratzean\/?p=1212"},"modified":"2014-10-09T21:47:01","modified_gmt":"2014-10-09T20:47:01","slug":"la-lluvia-vendra-bien-a-las-ultimas-vainas","status":"publish","type":"post","link":"https:\/\/blogs.diariovasco.com\/baratzean\/2014\/10\/09\/la-lluvia-vendra-bien-a-las-ultimas-vainas\/","title":{"rendered":"La lluvia vendr\u00e1 bien a las \u00faltimas vainas"},"content":{"rendered":"<p><iframe loading=\"lazy\" width=\"500\" height=\"375\" src=\"https:\/\/www.youtube.com\/embed\/oXijDLGiJAA?feature=oembed\" frameborder=\"0\" allowfullscreen><\/iframe><br \/>\nEl agua que ha ca\u00eddo hoy les vendr\u00e1 muy bien a las \u00faltimas vainas que sembr\u00e9 en el cuadro del que saqu\u00e9 la patata. La primera floraci\u00f3n que tuvieron no fue del todo bien ya que el tiempo no les ha acompa\u00f1ado en absoluto, mucha sequ\u00eda y calor, y al final terminaron retorci\u00e9ndose y haci\u00e9ndose muy feas. Ni comparaci\u00f3n a cuando tienen buen tiempo y se hacen largas y con una piel fina. Ahora han comenzado a dar la segunda flor y es f\u00e1cil que con esta lluvia y temperaturas m\u00e1s frescas (que es lo habitual por esta fechas) pueda terminar cogiendo algunas hasta final de octubre o primeros de noviembre.<\/p>\n<!-- AddThis Advanced Settings generic via filter on the_content --><!-- AddThis Share Buttons generic via filter on the_content -->","protected":false},"excerpt":{"rendered":"<p>El agua que ha ca\u00eddo hoy les vendr\u00e1 muy bien a las \u00faltimas vainas que sembr\u00e9 en el cuadro del que saqu\u00e9 la patata. La primera floraci\u00f3n que tuvieron no fue del todo bien ya que el tiempo no les ha acompa\u00f1ado en absoluto, mucha sequ\u00eda y calor, y al final terminaron retorci\u00e9ndose y haci\u00e9ndose [&hellip;]<!-- AddThis Advanced Settings generic via filter on get_the_excerpt --><!-- AddThis Share Buttons generic via filter on get_the_excerpt --><\/p>\n","protected":false},"author":25,"featured_media":0,"comment_status":"open","ping_status":"closed","sticky":false,"template":"","format":"standard","meta":[],"categories":[3],"tags":[],"_links":{"self":[{"href":"https:\/\/blogs.diariovasco.com\/baratzean\/wp-json\/wp\/v2\/posts\/1212"}],"collection":[{"href":"https:\/\/blogs.diariovasco.com\/baratzean\/wp-json\/wp\/v2\/posts"}],"about":[{"href":"https:\/\/blogs.diariovasco.com\/baratzean\/wp-json\/wp\/v2\/types\/post"}],"author":[{"embeddable":true,"href":"https:\/\/blogs.diariovasco.com\/baratzean\/wp-json\/wp\/v2\/users\/25"}],"replies":[{"embeddable":true,"href":"https:\/\/blogs.diariovasco.com\/baratzean\/wp-json\/wp\/v2\/comments?post=1212"}],"version-history":[{"count":0,"href":"https:\/\/blogs.diariovasco.com\/baratzean\/wp-json\/wp\/v2\/posts\/1212\/revisions"}],"wp:attachment":[{"href":"https:\/\/blogs.diariovasco.com\/baratzean\/wp-json\/wp\/v2\/media?parent=1212"}],"wp:term":[{"taxonomy":"category","embeddable":true,"href":"https:\/\/blogs.diariovasco.com\/baratzean\/wp-json\/wp\/v2\/categories?post=1212"},{"taxonomy":"post_tag","embeddable":true,"href":"https:\/\/blogs.diariovasco.com\/baratzean\/wp-json\/wp\/v2\/tags?post=1212"}],"curies":[{"name":"wp","href":"https:\/\/api.w.org\/{rel}","templated":true}]}}