{"id":1214,"date":"2014-10-20T19:22:28","date_gmt":"2014-10-20T18:22:28","guid":{"rendered":"http:\/\/blogs.diariovasco.com\/baratzean\/?p=1214"},"modified":"2014-10-20T19:22:28","modified_gmt":"2014-10-20T18:22:28","slug":"estiercol-para-la-proxima-temporada","status":"publish","type":"post","link":"https:\/\/blogs.diariovasco.com\/baratzean\/2014\/10\/20\/estiercol-para-la-proxima-temporada\/","title":{"rendered":"Esti\u00e9rcol para la pr\u00f3xima temporada"},"content":{"rendered":"<p><iframe loading=\"lazy\" width=\"500\" height=\"375\" src=\"https:\/\/www.youtube.com\/embed\/7uJ5d4H0bPY?feature=oembed\" frameborder=\"0\" allowfullscreen><\/iframe><br \/>\nEl fin de semana pasado el cami\u00f3n que me suele traer el esti\u00e9rcol de vaca me trajo un viaje como se puede apreciar en v\u00eddeo. El esti\u00e9rcol est\u00e1 muy bien, poca paja se observa, lo cual quiere decir que est\u00e1 ya bastante descompuesto. Otras veces suele estar muy fresco y se ve mucha paja entre el esti\u00e9rcol. Hoy por la ma\u00f1ana he estado acomod\u00e1ndolo al caj\u00f3n que tengo un poquito m\u00e1s abajo (que me ha costado un triunfo, pues he estado desde las 09.00 hasta las 13.00 horas) y ma\u00f1ana lo tapar\u00e9 con unos pl\u00e1sticos negros hasta el mes de febrero, cuando comenzar\u00e9 a sacarlo para mezclarlo con la tierra para poner la patata. Todos los a\u00f1os suelo comentar que aqu\u00e9llos que pod\u00e1is acumular en una esquina de la huerta un mont\u00f3n de esti\u00e9rcol y taparlo para despu\u00e9s el a\u00f1o que viene tratar la huerta con \u00e9l, no tiene nada que ver con el esti\u00e9rcol tra\u00eddo de las cuadras y echado directamente en la huerta. El primero estar\u00e1 descompuesto y lleno de nutrientes para que las plantas cojan fuerza. y se desarrollen bien, el segundo estar\u00e1 muy fresco y sin descomponer, por tanto no tendr\u00e1 ni la mitad de nutrientes.  <\/p>\n<!-- AddThis Advanced Settings generic via filter on the_content --><!-- AddThis Share Buttons generic via filter on the_content -->","protected":false},"excerpt":{"rendered":"<p>El fin de semana pasado el cami\u00f3n que me suele traer el esti\u00e9rcol de vaca me trajo un viaje como se puede apreciar en v\u00eddeo. El esti\u00e9rcol est\u00e1 muy bien, poca paja se observa, lo cual quiere decir que est\u00e1 ya bastante descompuesto. Otras veces suele estar muy fresco y se ve mucha paja entre [&hellip;]<!-- AddThis Advanced Settings generic via filter on get_the_excerpt --><!-- AddThis Share Buttons generic via filter on get_the_excerpt --><\/p>\n","protected":false},"author":25,"featured_media":0,"comment_status":"open","ping_status":"closed","sticky":false,"template":"","format":"standard","meta":[],"categories":[3],"tags":[],"_links":{"self":[{"href":"https:\/\/blogs.diariovasco.com\/baratzean\/wp-json\/wp\/v2\/posts\/1214"}],"collection":[{"href":"https:\/\/blogs.diariovasco.com\/baratzean\/wp-json\/wp\/v2\/posts"}],"about":[{"href":"https:\/\/blogs.diariovasco.com\/baratzean\/wp-json\/wp\/v2\/types\/post"}],"author":[{"embeddable":true,"href":"https:\/\/blogs.diariovasco.com\/baratzean\/wp-json\/wp\/v2\/users\/25"}],"replies":[{"embeddable":true,"href":"https:\/\/blogs.diariovasco.com\/baratzean\/wp-json\/wp\/v2\/comments?post=1214"}],"version-history":[{"count":0,"href":"https:\/\/blogs.diariovasco.com\/baratzean\/wp-json\/wp\/v2\/posts\/1214\/revisions"}],"wp:attachment":[{"href":"https:\/\/blogs.diariovasco.com\/baratzean\/wp-json\/wp\/v2\/media?parent=1214"}],"wp:term":[{"taxonomy":"category","embeddable":true,"href":"https:\/\/blogs.diariovasco.com\/baratzean\/wp-json\/wp\/v2\/categories?post=1214"},{"taxonomy":"post_tag","embeddable":true,"href":"https:\/\/blogs.diariovasco.com\/baratzean\/wp-json\/wp\/v2\/tags?post=1214"}],"curies":[{"name":"wp","href":"https:\/\/api.w.org\/{rel}","templated":true}]}}