{"id":1216,"date":"2014-10-23T19:31:26","date_gmt":"2014-10-23T18:31:26","guid":{"rendered":"http:\/\/blogs.diariovasco.com\/baratzean\/?p=1216"},"modified":"2014-10-23T19:31:26","modified_gmt":"2014-10-23T18:31:26","slug":"cal-para-la-huerta","status":"publish","type":"post","link":"https:\/\/blogs.diariovasco.com\/baratzean\/2014\/10\/23\/cal-para-la-huerta\/","title":{"rendered":"Cal para la huerta"},"content":{"rendered":"<p><iframe loading=\"lazy\" width=\"500\" height=\"375\" src=\"https:\/\/www.youtube.com\/embed\/VTwAagq8KR4?feature=oembed\" frameborder=\"0\" allowfullscreen><\/iframe><br \/>\nCon tantos d\u00edas de buen tiempo que llevamos he podido limpiar casi toda la huerta, si exceptuamos unos pocos tomates, guindillas y unas vainas que he dejado porque todav\u00eda estoy recogiendo unas pocas. El resto est\u00e1 todo limpio y el seto cortado. En tres peque\u00f1as hogueras y con permiso de los municipales (que si no aparecen al minuto) he quemado todos los rastrojos y como coment\u00e9 en su d\u00eda, ahora tengo la intenci\u00f3n de echar un poco de cal y pasar la m\u00e1quina por encima sin profundizar. M\u00e1s que nada para que no se la lleve el viento, puesto que la cal est\u00e1 en polvo. Me estuve asesorando para ver cu\u00e1nto ten\u00eda que echar sobre la tierra, ya que va a ser la primera vez que haga esta labor, y nadie me ha dicho qu\u00e9 cantidad tengo que echar. Toda la gente a la que he preguntado, que trata la huerta con cal, me ha contestando que hay que espolvorear la cal por encima de la tierra de tal forma que \u00e9sta quede semi-blanca y a continuaci\u00f3n pasar la m\u00e1quina por encima para mezclar. Tambi\u00e9n me han comentado que este tipo de labor hay que repetirla cada tres a\u00f1os. Hace a\u00f1os, cuando era peque\u00f1o, me acuerdo que en casa sol\u00edan hacer este trabajo pero lo hac\u00edan de manera diferente, ya que cavaban el terreno a mano, con la pala, y posteriormente echaban la cal, de tal forma que quedaba \u00e9sta entre los terrones de tierra e iba penetrando poco a poco con la lluvia y dem\u00e1s. En el v\u00eddeo se puede apreciar c\u00f3mo ha quedado el cuadro de tierra despu\u00e9s de echar la cal. Despu\u00e9s he pasado la m\u00e1quina de forma superficial para mezclarla.<\/p>\n<!-- AddThis Advanced Settings generic via filter on the_content --><!-- AddThis Share Buttons generic via filter on the_content -->","protected":false},"excerpt":{"rendered":"<p>Con tantos d\u00edas de buen tiempo que llevamos he podido limpiar casi toda la huerta, si exceptuamos unos pocos tomates, guindillas y unas vainas que he dejado porque todav\u00eda estoy recogiendo unas pocas. El resto est\u00e1 todo limpio y el seto cortado. En tres peque\u00f1as hogueras y con permiso de los municipales (que si no [&hellip;]<!-- AddThis Advanced Settings generic via filter on get_the_excerpt --><!-- AddThis Share Buttons generic via filter on get_the_excerpt --><\/p>\n","protected":false},"author":25,"featured_media":0,"comment_status":"open","ping_status":"closed","sticky":false,"template":"","format":"standard","meta":[],"categories":[3],"tags":[],"_links":{"self":[{"href":"https:\/\/blogs.diariovasco.com\/baratzean\/wp-json\/wp\/v2\/posts\/1216"}],"collection":[{"href":"https:\/\/blogs.diariovasco.com\/baratzean\/wp-json\/wp\/v2\/posts"}],"about":[{"href":"https:\/\/blogs.diariovasco.com\/baratzean\/wp-json\/wp\/v2\/types\/post"}],"author":[{"embeddable":true,"href":"https:\/\/blogs.diariovasco.com\/baratzean\/wp-json\/wp\/v2\/users\/25"}],"replies":[{"embeddable":true,"href":"https:\/\/blogs.diariovasco.com\/baratzean\/wp-json\/wp\/v2\/comments?post=1216"}],"version-history":[{"count":0,"href":"https:\/\/blogs.diariovasco.com\/baratzean\/wp-json\/wp\/v2\/posts\/1216\/revisions"}],"wp:attachment":[{"href":"https:\/\/blogs.diariovasco.com\/baratzean\/wp-json\/wp\/v2\/media?parent=1216"}],"wp:term":[{"taxonomy":"category","embeddable":true,"href":"https:\/\/blogs.diariovasco.com\/baratzean\/wp-json\/wp\/v2\/categories?post=1216"},{"taxonomy":"post_tag","embeddable":true,"href":"https:\/\/blogs.diariovasco.com\/baratzean\/wp-json\/wp\/v2\/tags?post=1216"}],"curies":[{"name":"wp","href":"https:\/\/api.w.org\/{rel}","templated":true}]}}