{"id":1221,"date":"2014-11-01T17:29:55","date_gmt":"2014-11-01T16:29:55","guid":{"rendered":"http:\/\/blogs.diariovasco.com\/baratzean\/?p=1221"},"modified":"2014-11-01T17:29:55","modified_gmt":"2014-11-01T16:29:55","slug":"repaso-a-la-temporada","status":"publish","type":"post","link":"https:\/\/blogs.diariovasco.com\/baratzean\/2014\/11\/01\/repaso-a-la-temporada\/","title":{"rendered":"Repaso a la temporada"},"content":{"rendered":"<p>Como todos los a\u00f1os para finalizar la temporada \u2013y aunque de vez en cuando har\u00e9 alguna peque\u00f1a entrada,  bien para comentar la siembra de habas o de guisantes\u2013 har\u00e9 un peque\u00f1o comentario sobre c\u00f3mo ha transcurrido este 2014 en mi huerta.<br \/>\nEn primavera, con respecto a las habas y guisantes puede que sea el peor a\u00f1o que recuerde desde que llevo en la huerta. Se estropearon enseguida y no recog\u00ed pr\u00e1cticamente nada. No fue igual con los cogollos, que se desarrollaron muy bien e hicieron unas cabezas muy bonitas. Lo mismo puedo decir de la patata, que se hizo una mata muy grande y el grano fue muy bueno, siendo un a\u00f1o m\u00e1s que aceptable en cuanto a \u00e9stos dos \u00faltimos productos. Luego vinieron las siembras de vainas, tomates, alubias, cebollas, guindillas, pimientos&#8230;<br \/>\nEn cuanto a la vaina, ha sido un a\u00f1o normal. Alg\u00fan ciclo de menguante mejor que otro, pero en t\u00e9rminos generales, normal. En cuanto a la alubia, la primera siembra fall\u00f3 y las dos posteriores que hice fueron dispares. Una ha sido bastante buena y la otra, aunque se desarroll\u00f3 bien, cuando ten\u00eda que dar la flor cogi\u00f3 ro\u00f1a y no ha dado ni la mitad que la primera. Tampoco la blanca ha dado apenas, estaba al lado de la alubia negra que cogi\u00f3 ro\u00f1a y tambi\u00e9n se contagi\u00f3. Las cebollas, para no fallar, hicieron una cabeza muy buena, como pr\u00e1cticamente todos los a\u00f1os. Para las guindillas tambi\u00e9n ha sido un a\u00f1o normal. Aunque no ha llovido mucho en los meses de agosto, septiembre y octubre,  las temperaturas no han sido elevadas y al que las haya regado a menudo no le habr\u00e1n picado (por lo menos las m\u00edas). Para los pimientos ha sido un temporada \u2018ni fu, ni fa\u2019, recogiendo algo menos que el a\u00f1o pasado. Las calabazas han dado parecido a otros a\u00f1os, aunque la diferencia puede estribar en que otros a\u00f1os hab\u00eda algunas de bastante peso y otras peque\u00f1as. Sin embargo este a\u00f1o la homogeneidad era pr\u00e1ctica general. Muy pocas han llegado a los 20 kilos, pero tambi\u00e9n pocas han bajado de los 10 kilos.<br \/>\nY con respecto al tomate, la primera tanda que puse se desarroll\u00f3 bien y recog\u00ed m\u00e1s o menos lo normal. La segunda que puse, hacia Sanfermines, cogi\u00f3 ro\u00f1a y pens\u00e9 que se estropear\u00eda todo, pero la realidad fue todo lo contrario, despu\u00e9s de tratarlos con \u2018Galben\u2019, se recuperaron y ha sido un a\u00f1o muy bueno para esa segunda tanda, tan es as\u00ed que cogi\u00f3 flor en los escalones altos y he estado recogiendo sus frutos durante todo el mes de octubre. Todav\u00eda estoy comiendo algunos. Esto que he comentado de los tomates es en relaci\u00f3n a la variedad \u2018Jack\u2019. Las variedades de \u2018Igeldo Plano\u2019, \u2018Igeldo Puntiagudo\u2019 y \u2018Verdes\u2019, comenzaron a dar pronto, pero tambi\u00e9n para primeros de septiembre se estropearon y en consecuencia me qued\u00e9 sin poder seguir disfrutando de ellos. Pero en t\u00e9rminos generales se puede decir que ha sido un a\u00f1o aceptable de tomate \u2018en mi huerta\u2019. Ahora quedan unas pocas berzas, coliflores y puerros, que mal paso llevan ya que cuando todav\u00eda eran peque\u00f1as, un d\u00eda entr\u00f3 la cabra del vecino y les dio un repaso que no s\u00e9 c\u00f3mo terminar\u00e1n desarroll\u00e1ndose.<br \/>\nEn invierno, como os he dicho en algunas ocasiones, me gusta dejar que la tierra descanse y en consecuencia, poco puedo contar. De todas maneras, de vez en cuando har\u00e9 alg\u00fan peque\u00f1o comentario, cuando siembre las habas, los guisantes y otras cosillas que merezcan alguna menci\u00f3n. Si alguien est\u00e1 interesado en escribir alg\u00fan comentario, puede hacerlo y hablaremos, ya que tengo intenci\u00f3n de mirar el blog de vez en cuando.<br \/>\nGracias a tod@s, porque creo que hemos logrado un gran blog, al que poco a poco se va sumando m\u00e1s gente. Entre todos seguro que conseguiremos mejores resultados. No me despido porque, como digo, de vez en cuando ir\u00e9 haciendo alg\u00fan comentario. GRACIAS A TOD@S Y UN FUERTE ABRAZO.<\/p>\n<!-- AddThis Advanced Settings generic via filter on the_content --><!-- AddThis Share Buttons generic via filter on the_content -->","protected":false},"excerpt":{"rendered":"<p>Como todos los a\u00f1os para finalizar la temporada \u2013y aunque de vez en cuando har\u00e9 alguna peque\u00f1a entrada, bien para comentar la siembra de habas o de guisantes\u2013 har\u00e9 un peque\u00f1o comentario sobre c\u00f3mo ha transcurrido este 2014 en mi huerta. En primavera, con respecto a las habas y guisantes puede que sea el peor [&hellip;]<!-- AddThis Advanced Settings generic via filter on get_the_excerpt --><!-- AddThis Share Buttons generic via filter on get_the_excerpt --><\/p>\n","protected":false},"author":25,"featured_media":0,"comment_status":"open","ping_status":"closed","sticky":false,"template":"","format":"standard","meta":[],"categories":[3],"tags":[],"_links":{"self":[{"href":"https:\/\/blogs.diariovasco.com\/baratzean\/wp-json\/wp\/v2\/posts\/1221"}],"collection":[{"href":"https:\/\/blogs.diariovasco.com\/baratzean\/wp-json\/wp\/v2\/posts"}],"about":[{"href":"https:\/\/blogs.diariovasco.com\/baratzean\/wp-json\/wp\/v2\/types\/post"}],"author":[{"embeddable":true,"href":"https:\/\/blogs.diariovasco.com\/baratzean\/wp-json\/wp\/v2\/users\/25"}],"replies":[{"embeddable":true,"href":"https:\/\/blogs.diariovasco.com\/baratzean\/wp-json\/wp\/v2\/comments?post=1221"}],"version-history":[{"count":0,"href":"https:\/\/blogs.diariovasco.com\/baratzean\/wp-json\/wp\/v2\/posts\/1221\/revisions"}],"wp:attachment":[{"href":"https:\/\/blogs.diariovasco.com\/baratzean\/wp-json\/wp\/v2\/media?parent=1221"}],"wp:term":[{"taxonomy":"category","embeddable":true,"href":"https:\/\/blogs.diariovasco.com\/baratzean\/wp-json\/wp\/v2\/categories?post=1221"},{"taxonomy":"post_tag","embeddable":true,"href":"https:\/\/blogs.diariovasco.com\/baratzean\/wp-json\/wp\/v2\/tags?post=1221"}],"curies":[{"name":"wp","href":"https:\/\/api.w.org\/{rel}","templated":true}]}}