{"id":1222,"date":"2014-12-01T20:59:23","date_gmt":"2014-12-01T19:59:23","guid":{"rendered":"http:\/\/blogs.diariovasco.com\/baratzean\/?p=1222"},"modified":"2014-12-01T20:59:23","modified_gmt":"2014-12-01T19:59:23","slug":"siembra-de-guisantes-principe-alberto-y-habas-muchamiel","status":"publish","type":"post","link":"https:\/\/blogs.diariovasco.com\/baratzean\/2014\/12\/01\/siembra-de-guisantes-principe-alberto-y-habas-muchamiel\/","title":{"rendered":"Siembra de guisantes \u2018Pr\u00edncipe Alberto\u2019 y habas &#039;Muchamiel&#039;"},"content":{"rendered":"<p><iframe loading=\"lazy\" width=\"500\" height=\"375\" src=\"https:\/\/www.youtube.com\/embed\/s-mP_0wzJrc?feature=oembed\" frameborder=\"0\" allowfullscreen><\/iframe><br \/>\nComo ya coment\u00e9 en el \u00faltimo post, ir\u00e9 haciendo alg\u00fan comentario seg\u00fan haga algunas siembras  (que m\u00e1s bien son pocas en esta \u00e9poca del a\u00f1o).  Hacia el d\u00eda 20 del mes pasado hice la siembra de guisantes y habas. En cuanto a los guisantes: hasta la fecha casi siempre hab\u00eda sembrado la variedad \u2018Petit Provenzal\u2019, m\u00e1s que nada porque es el que m\u00e1s r\u00e1pido viene y porque adem\u00e1s da los frutos en un per\u00edodo m\u00e1s largo de tiempo. Este a\u00f1o he decidido cambiar de variedad y he sembrado \u2018Pr\u00edncipe Alberto\u2019. Esta variedad es m\u00e1s fina para comer, pero lo normal es que los frutos los d\u00e9 en menor espacio de tiempo. Tambi\u00e9n se diferencian en cuanto a la altura, ya que el primero justo rebasa el metro (aunque en ocasiones crece algo m\u00e1s) y el segundo suele rebasar normalmente el metro y medio. El cambio de variedad tambi\u00e9n se ha debido a que en los \u00faltimos a\u00f1os he tenido problemas con la variedad \u2018Petit Provenzal\u2019. Hace unos a\u00f1os era un guisante que se daba muy bien pero en los \u00faltimos tiempos se ha estropeado con facilidad y el \u00faltimo pr\u00e1cticamente no he recogido nada. Ya veremos como va este a\u00f1o con el cambio de variedad&#8230; Con respecto a las habas, este a\u00f1o he vuelto a sembrar la variedad \u2018Muchamiel\u2019, el a\u00f1o pasado tampoco fue como para tirar cohetes con respecto a esta variedad, ya que pr\u00e1cticamente se estropearon, como los guisantes, muy pronto. La realidad es que el comienzo del pasado a\u00f1o no fue muy bueno aunque luego respondi\u00f3 de mejor manera la huerta. Este a\u00f1o he tratado toda la huerta con cal por si la tierra ten\u00eda hongos o alguna bacteria que estropeara las ra\u00edces de las plantas.  <\/p>\n<!-- AddThis Advanced Settings generic via filter on the_content --><!-- AddThis Share Buttons generic via filter on the_content -->","protected":false},"excerpt":{"rendered":"<p>Como ya coment\u00e9 en el \u00faltimo post, ir\u00e9 haciendo alg\u00fan comentario seg\u00fan haga algunas siembras (que m\u00e1s bien son pocas en esta \u00e9poca del a\u00f1o). Hacia el d\u00eda 20 del mes pasado hice la siembra de guisantes y habas. En cuanto a los guisantes: hasta la fecha casi siempre hab\u00eda sembrado la variedad \u2018Petit Provenzal\u2019, [&hellip;]<!-- AddThis Advanced Settings generic via filter on get_the_excerpt --><!-- AddThis Share Buttons generic via filter on get_the_excerpt --><\/p>\n","protected":false},"author":25,"featured_media":0,"comment_status":"open","ping_status":"closed","sticky":false,"template":"","format":"standard","meta":[],"categories":[3],"tags":[],"_links":{"self":[{"href":"https:\/\/blogs.diariovasco.com\/baratzean\/wp-json\/wp\/v2\/posts\/1222"}],"collection":[{"href":"https:\/\/blogs.diariovasco.com\/baratzean\/wp-json\/wp\/v2\/posts"}],"about":[{"href":"https:\/\/blogs.diariovasco.com\/baratzean\/wp-json\/wp\/v2\/types\/post"}],"author":[{"embeddable":true,"href":"https:\/\/blogs.diariovasco.com\/baratzean\/wp-json\/wp\/v2\/users\/25"}],"replies":[{"embeddable":true,"href":"https:\/\/blogs.diariovasco.com\/baratzean\/wp-json\/wp\/v2\/comments?post=1222"}],"version-history":[{"count":0,"href":"https:\/\/blogs.diariovasco.com\/baratzean\/wp-json\/wp\/v2\/posts\/1222\/revisions"}],"wp:attachment":[{"href":"https:\/\/blogs.diariovasco.com\/baratzean\/wp-json\/wp\/v2\/media?parent=1222"}],"wp:term":[{"taxonomy":"category","embeddable":true,"href":"https:\/\/blogs.diariovasco.com\/baratzean\/wp-json\/wp\/v2\/categories?post=1222"},{"taxonomy":"post_tag","embeddable":true,"href":"https:\/\/blogs.diariovasco.com\/baratzean\/wp-json\/wp\/v2\/tags?post=1222"}],"curies":[{"name":"wp","href":"https:\/\/api.w.org\/{rel}","templated":true}]}}