{"id":219,"date":"2012-01-04T20:19:46","date_gmt":"2012-01-04T19:19:46","guid":{"rendered":"http:\/\/blogs.diariovasco.com\/baratzean\/?p=219"},"modified":"2012-01-04T20:19:46","modified_gmt":"2012-01-04T19:19:46","slug":"limpiando-las-zarzas-del-vecino","status":"publish","type":"post","link":"https:\/\/blogs.diariovasco.com\/baratzean\/2012\/01\/04\/limpiando-las-zarzas-del-vecino\/","title":{"rendered":"Limpiando las zarzas del vecino"},"content":{"rendered":"<p><a href=\"\/baratzean\/wp-content\/uploads\/sites\/13\/2012\/01\/Zarzas.jpg\"><img loading=\"lazy\" class=\"alignleft size-full wp-image-220\" title=\"Zarzas\" src=\"\/baratzean\/wp-content\/uploads\/sites\/13\/2012\/01\/Zarzas.jpg\" alt=\"\" width=\"640\" height=\"380\" srcset=\"https:\/\/static-blogs.diariovasco.com\/wp-content\/uploads\/sites\/13\/2012\/01\/Zarzas.jpg 640w, https:\/\/static-blogs.diariovasco.com\/wp-content\/uploads\/sites\/13\/2012\/01\/Zarzas-300x178.jpg 300w\" sizes=\"(max-width: 640px) 100vw, 640px\" \/><\/a><br \/>\nNo se si os acordar\u00e9is, pero a\u00f1o pasado os coment\u00e9 que hab\u00eda limpiado parte de las zarzas y ca\u00f1as del vecino, porque est\u00e1n todo el a\u00f1o atacando mi zona. Como su terreno est\u00e1 m\u00e1s alto que el m\u00edo, todo termina cayendo al nuestro, tanto ca\u00f1as como acacias y dem\u00e1s. Con este tiempo no se puede poner un pie en la huerta, por lo que esta ma\u00f1ana he estado cortando las zarzas para hacer sitio y ahora con mucha paciencia ir\u00e9 sacando las ca\u00f1as. Hay un desaguisado despu\u00e9s de tantos a\u00f1os sin sacarlas\u2026 Algunas est\u00e1n derechas, pero otras est\u00e1n rotas y hechas pur\u00e9, y es dif\u00edcil sacarlas. Con un poco de paciencia y tes\u00f3n terminar\u00e1 quedando limpio. De esta manera entrar\u00e1 bien el sol a los \u00e1rboles que quiero seguir poniendo este a\u00f1o.<\/p>\n<!-- AddThis Advanced Settings generic via filter on the_content --><!-- AddThis Share Buttons generic via filter on the_content -->","protected":false},"excerpt":{"rendered":"<p>No se si os acordar\u00e9is, pero a\u00f1o pasado os coment\u00e9 que hab\u00eda limpiado parte de las zarzas y ca\u00f1as del vecino, porque est\u00e1n todo el a\u00f1o atacando mi zona. Como su terreno est\u00e1 m\u00e1s alto que el m\u00edo, todo termina cayendo al nuestro, tanto ca\u00f1as como acacias y dem\u00e1s. Con este tiempo no se puede [&hellip;]<!-- AddThis Advanced Settings generic via filter on get_the_excerpt --><!-- AddThis Share Buttons generic via filter on get_the_excerpt --><\/p>\n","protected":false},"author":25,"featured_media":0,"comment_status":"open","ping_status":"closed","sticky":false,"template":"","format":"standard","meta":[],"categories":[3],"tags":[],"_links":{"self":[{"href":"https:\/\/blogs.diariovasco.com\/baratzean\/wp-json\/wp\/v2\/posts\/219"}],"collection":[{"href":"https:\/\/blogs.diariovasco.com\/baratzean\/wp-json\/wp\/v2\/posts"}],"about":[{"href":"https:\/\/blogs.diariovasco.com\/baratzean\/wp-json\/wp\/v2\/types\/post"}],"author":[{"embeddable":true,"href":"https:\/\/blogs.diariovasco.com\/baratzean\/wp-json\/wp\/v2\/users\/25"}],"replies":[{"embeddable":true,"href":"https:\/\/blogs.diariovasco.com\/baratzean\/wp-json\/wp\/v2\/comments?post=219"}],"version-history":[{"count":0,"href":"https:\/\/blogs.diariovasco.com\/baratzean\/wp-json\/wp\/v2\/posts\/219\/revisions"}],"wp:attachment":[{"href":"https:\/\/blogs.diariovasco.com\/baratzean\/wp-json\/wp\/v2\/media?parent=219"}],"wp:term":[{"taxonomy":"category","embeddable":true,"href":"https:\/\/blogs.diariovasco.com\/baratzean\/wp-json\/wp\/v2\/categories?post=219"},{"taxonomy":"post_tag","embeddable":true,"href":"https:\/\/blogs.diariovasco.com\/baratzean\/wp-json\/wp\/v2\/tags?post=219"}],"curies":[{"name":"wp","href":"https:\/\/api.w.org\/{rel}","templated":true}]}}