{"id":30,"date":"2011-02-02T19:48:27","date_gmt":"2011-02-02T19:48:27","guid":{"rendered":"http:\/\/blogs.diariovasco.com\/baratzean\/?p=30"},"modified":"2011-02-02T19:48:27","modified_gmt":"2011-02-02T19:48:27","slug":"preparacion_de_canas","status":"publish","type":"post","link":"https:\/\/blogs.diariovasco.com\/baratzean\/2011\/02\/02\/preparacion_de_canas\/","title":{"rendered":"Preparaci\u00f3n de ca\u00f1as"},"content":{"rendered":"<p><IMG height=177 hspace=4 src=\"\/baratzean\/wp-content\/uploads\/sites\/13\" width=225 align=left vspace=2><BR>Como el tiempo est\u00e1 como est\u00e1, que no hace ni sol ni aire, la tierra no se seca nada y entonces poco se puede hacer en la huerta. Con la tierra mojada, como sab\u00e9is, es mejor no andar encima, porque si no queda muy apelmazada.<BR>As\u00ed que, aunque casi se nos ha escapado el menguante, he decidido ir a cortar unas ca\u00f1as.<BR>Tengo un ca\u00f1averal que puse hace unos 20 a\u00f1os y se ha<IMG height=229 hspace=2 src=\"..\/..\/media\/02022011107_01.jpg\" width=106 align=right vspace=6> extendido una barbaridad. Voy a ir cortando las ca\u00f1as para tener preparadas para los tomates, las vainas, las alubias y tambi\u00e9n preparar\u00e9 otras m\u00e1s peque\u00f1as para las guindillas y pimientos.<BR>El corte de las ca\u00f1as se ha de realizar en los menguantes de diciembre, enero y febrero. De esta forma duran bastantes mas a\u00f1os.<BR>Suelo cortalas de unos 2.50 m. porque, a diferencia de otros sitios, los tomates y las vainas y las alubias las ato de cuatro en cuatro. Ya s\u00e9 que para el tomate es mejor de uno en uno, pero debido a que mi huerta est\u00e1 situada en la costa y, por tanto, est\u00e1 expuesta a los vientos del oeste (en ocasiones bastante fuertes) he de atarlos de esa manera para que no los tire el viento.<BR>El corte de la ca\u00f1a tiene que ser muy pegado a la tierra con un serrucho y no con un hacha. Con el serrucho el corte es plano y con el hacha queda en punta y as\u00ed el a\u00f1o siguiente nos resultar\u00e1 menos peligroso andar por el ca\u00f1averal.<BR>Hay que ir preparando las cosas para cuando llegue el momento&#8230;.<BR><\/p>\n<!-- AddThis Advanced Settings generic via filter on the_content --><!-- AddThis Share Buttons generic via filter on the_content -->","protected":false},"excerpt":{"rendered":"<p>Como el tiempo est\u00e1 como est\u00e1, que no hace ni sol ni aire, la tierra no se seca nada y entonces poco se puede hacer en la huerta. Con la tierra mojada, como sab\u00e9is, es mejor no andar encima, porque si no queda muy apelmazada.As\u00ed que, aunque casi se nos ha escapado el menguante, he [&hellip;]<!-- AddThis Advanced Settings generic via filter on get_the_excerpt --><!-- AddThis Share Buttons generic via filter on get_the_excerpt --><\/p>\n","protected":false},"author":25,"featured_media":0,"comment_status":"open","ping_status":"closed","sticky":false,"template":"","format":"standard","meta":[],"categories":[2],"tags":[4],"_links":{"self":[{"href":"https:\/\/blogs.diariovasco.com\/baratzean\/wp-json\/wp\/v2\/posts\/30"}],"collection":[{"href":"https:\/\/blogs.diariovasco.com\/baratzean\/wp-json\/wp\/v2\/posts"}],"about":[{"href":"https:\/\/blogs.diariovasco.com\/baratzean\/wp-json\/wp\/v2\/types\/post"}],"author":[{"embeddable":true,"href":"https:\/\/blogs.diariovasco.com\/baratzean\/wp-json\/wp\/v2\/users\/25"}],"replies":[{"embeddable":true,"href":"https:\/\/blogs.diariovasco.com\/baratzean\/wp-json\/wp\/v2\/comments?post=30"}],"version-history":[{"count":0,"href":"https:\/\/blogs.diariovasco.com\/baratzean\/wp-json\/wp\/v2\/posts\/30\/revisions"}],"wp:attachment":[{"href":"https:\/\/blogs.diariovasco.com\/baratzean\/wp-json\/wp\/v2\/media?parent=30"}],"wp:term":[{"taxonomy":"category","embeddable":true,"href":"https:\/\/blogs.diariovasco.com\/baratzean\/wp-json\/wp\/v2\/categories?post=30"},{"taxonomy":"post_tag","embeddable":true,"href":"https:\/\/blogs.diariovasco.com\/baratzean\/wp-json\/wp\/v2\/tags?post=30"}],"curies":[{"name":"wp","href":"https:\/\/api.w.org\/{rel}","templated":true}]}}