{"id":167,"date":"2016-11-03T15:00:23","date_gmt":"2016-11-03T14:00:23","guid":{"rendered":"http:\/\/blogs.diariovasco.com\/bidaion-propuesta-viajes\/?p=167"},"modified":"2016-11-03T15:00:23","modified_gmt":"2016-11-03T14:00:23","slug":"surfeando-de-arcachon-a-hossegor","status":"publish","type":"post","link":"https:\/\/blogs.diariovasco.com\/bidaion-propuesta-viajes\/2016\/11\/03\/surfeando-de-arcachon-a-hossegor\/","title":{"rendered":"Surfeando de Arcachon a Hossegor"},"content":{"rendered":"<p>Destinos cercanos pero desconocidos por tenerlos m\u00e1s a mano. Es lo que me pasa siempre con Las Landas o con <strong>Aquitania<\/strong> en general. Parece que por tenerlo cerca no hace falta visitarlo, que ya lo conocemos. Y mira t\u00fa por d\u00f3nde, que siempre descubrimos algo nuevo. Como la vez que fuimos a visitar <strong>Arcachon y su Duna<\/strong>.\u00a0<a href=\"\/bidaion-propuesta-viajes\/wp-content\/uploads\/sites\/84\/2016\/10\/DUNA.jpg\"><img loading=\"lazy\" class=\"aligncenter size-medium wp-image-168\" title=\"DUNA\" src=\"\/bidaion-propuesta-viajes\/wp-content\/uploads\/sites\/84\/2016\/10\/DUNA.jpg\" alt=\"duna de pila, viajes en autocaravana\" width=\"300\" height=\"168\" srcset=\"https:\/\/static-blogs.diariovasco.com\/wp-content\/uploads\/sites\/84\/2016\/10\/DUNA.jpg 1000w, https:\/\/static-blogs.diariovasco.com\/wp-content\/uploads\/sites\/84\/2016\/10\/DUNA-300x169.jpg 300w, https:\/\/static-blogs.diariovasco.com\/wp-content\/uploads\/sites\/84\/2016\/10\/DUNA-768x432.jpg 768w\" sizes=\"(max-width: 300px) 100vw, 300px\" \/><\/a><\/p>\n<p>Vayamos por partes, recorr\u00ed unos cuantos blogs de viajes, entre ellos los de mi compa\u00f1era de afici\u00f3n Oiartza. Sab\u00eda que hab\u00edan estado en la Duna de Pyla y me tom\u00e9 la libertad de visitar su <a href=\"http:\/\/furgobidaiakfamilian.blogspot.com.es\/2016\/09\/la-cuenca-de-arcachon-donde-nacen-las.html\" target=\"_blank\">blog <\/a>para tomar ideas. <strong>Pero nunca un viaje se parece a otro aunque se vaya a los mismos sitios.\u00a0<\/strong><\/p>\n<p>Salimos el jueves por la tarde con direcci\u00f3n a Arcach\u00f3n, por lo que tras tres horas de viaje lo l\u00f3gico es <strong>llegar de noche<\/strong>. No me gusta llegar en oscuro si no conozco el destino, porque de noche, <strong>todos los gatos son pardos<\/strong>, y los <a title=\"Cainolofobia o que el cielo caiga sobre nuestras cabezas\" href=\"https:\/\/blogs.diariovasco.com\/bidaion-propuesta-viajes\/2016\/06\/09\/98\/\">miedos <\/a>est\u00e1n ah\u00ed. Ten\u00edamos por suerte la gran gu\u00eda de \u00e1reas de Europa para autocaravanas, y ah\u00ed ven\u00edan las coordenadas de un \u00e1rea en Arcach\u00f3n. Pusimos rumbo a ellas, y sin embargo nos dimos la vuelta. Las coordenadas nos dec\u00edan que el \u00e1rea estaba ah\u00ed mismo, delante de nuestras narices, <strong>junto a las piscinas municipales<\/strong>, pero no hab\u00eda ning\u00fan compa\u00f1ero, la zona era sospechosa y nuestro perrito a\u00fan no est\u00e1 preparado para defendernos. Adem\u00e1s rondaban dos t\u00edos por las inmediaciones, dimos media vuelta y seguimos buscando un sitio m\u00e1s apropiado. <strong>Sentido com\u00fan<\/strong>.<\/p>\n<p>Finalmente en una de las m\u00faltiples rotondas vimos un letrero de <strong>CampingCar<\/strong>, junto a un supermercado. En Francia es muy com\u00fan que habiliten espacios en el parking o en las <strong>traseras de los hipermercados<\/strong> para que las autocaravanas puedan pernoctar. <strong>Cu\u00e1nto nos queda por aprender!\u00a0<a href=\"\/bidaion-propuesta-viajes\/wp-content\/uploads\/sites\/84\/2016\/11\/area-super.jpg\"><img loading=\"lazy\" class=\"alignright size-medium wp-image-175\" title=\"area super\" src=\"\/bidaion-propuesta-viajes\/wp-content\/uploads\/sites\/84\/2016\/11\/area-super.jpg\" alt=\"area campingcar en arcachon \" width=\"300\" height=\"168\" srcset=\"https:\/\/static-blogs.diariovasco.com\/wp-content\/uploads\/sites\/84\/2016\/11\/area-super.jpg 1000w, https:\/\/static-blogs.diariovasco.com\/wp-content\/uploads\/sites\/84\/2016\/11\/area-super-300x169.jpg 300w, https:\/\/static-blogs.diariovasco.com\/wp-content\/uploads\/sites\/84\/2016\/11\/area-super-768x432.jpg 768w\" sizes=\"(max-width: 300px) 100vw, 300px\" \/><\/a><\/strong><\/p>\n<p><a href=\"\/bidaion-propuesta-viajes\/wp-content\/uploads\/sites\/84\/2016\/10\/PARKING-DUNA.jpg\"><img loading=\"lazy\" class=\"size-medium wp-image-169 alignleft\" title=\"PARKING DUNA\" src=\"\/bidaion-propuesta-viajes\/wp-content\/uploads\/sites\/84\/2016\/10\/PARKING-DUNA.jpg\" alt=\"parking duna de pylat. viajar en autocaravana\" width=\"300\" height=\"168\" srcset=\"https:\/\/static-blogs.diariovasco.com\/wp-content\/uploads\/sites\/84\/2016\/10\/PARKING-DUNA.jpg 1000w, https:\/\/static-blogs.diariovasco.com\/wp-content\/uploads\/sites\/84\/2016\/10\/PARKING-DUNA-300x169.jpg 300w, https:\/\/static-blogs.diariovasco.com\/wp-content\/uploads\/sites\/84\/2016\/10\/PARKING-DUNA-768x432.jpg 768w\" sizes=\"(max-width: 300px) 100vw, 300px\" \/><\/a><\/p>\n<p>Al despertar, con la luz del d\u00eda, todo se ve\u00eda diferente, pusimos rumbo a la<strong> Duna de Pylat<\/strong>. \u00a0El parking de la duna s\u00f3lo cuesta <strong>4\u20ac para todo el d\u00eda<\/strong>, la multa por dormir u olvidarte el \u00a0ticket son 40\u20ac, m\u00e1s de uno habr\u00e1 preferido dormir ah\u00ed bajo multa. No se puede, pero no es mala opci\u00f3n.\u00a0Las autocaravanas se \u00a0desperdigaban como setas entre el bosque.<\/p>\n<p>Aprovechamos muy bien el d\u00eda,<strong> visitamos la Duna por \u00a0la ma\u00f1ana<\/strong> y mis chicos fueron hasta la gran cresta. Corrimos por la duna y disfrutamos de \u00a0preciosas vistas al mar. Comimos en la autocaravana en el parking, descansamos un \u00a0poquito e hicimos la visita por la tarde, <strong>al atardecer<\/strong>, mucha menos gente, m\u00e1s fresquete pero con unas vistas de la puesta de sol m\u00e1s que recomendables.<\/p>\n<p>Antes de que se volviera a hacer de noche, pusimos rumbo a otro \u00e1rea que aparec\u00eda en la gu\u00eda, esta vez cerca de\u00a0<strong>la Bassin de Arcachon<\/strong>, en realidad encima de la Bassin, <strong>en una colina<\/strong>. Junto a la carretera. All\u00ed s\u00ed, all\u00ed hab\u00eda varios compa\u00f1eros, y all\u00ed s\u00ed nos quedamos a dormir muy a gusto.\u00a0<a href=\"\/bidaion-propuesta-viajes\/wp-content\/uploads\/sites\/84\/2016\/10\/AREA-ARCACHON-BASSIN.jpg\"><img loading=\"lazy\" class=\"aligncenter size-medium wp-image-170\" title=\"AREA ARCACHON BASSIN\" src=\"\/bidaion-propuesta-viajes\/wp-content\/uploads\/sites\/84\/2016\/10\/AREA-ARCACHON-BASSIN.jpg\" alt=\"area bassin de arcachon. \" width=\"300\" height=\"168\" srcset=\"https:\/\/static-blogs.diariovasco.com\/wp-content\/uploads\/sites\/84\/2016\/10\/AREA-ARCACHON-BASSIN.jpg 1000w, https:\/\/static-blogs.diariovasco.com\/wp-content\/uploads\/sites\/84\/2016\/10\/AREA-ARCACHON-BASSIN-300x169.jpg 300w, https:\/\/static-blogs.diariovasco.com\/wp-content\/uploads\/sites\/84\/2016\/10\/AREA-ARCACHON-BASSIN-768x432.jpg 768w\" sizes=\"(max-width: 300px) 100vw, 300px\" \/><\/a><\/p>\n<p>Por la ma\u00f1ana nos dio para pasear junto al gran lago de Arcachon, y llegamos caminando hasta el <strong>embarcadero<\/strong>, con el que en \u00e9poca estival \u00a0puedes coger una lancha que te lleva hasta el otro lado por 1\u20ac,<strong> al Cabo de Ferret<\/strong>. <a href=\"\/bidaion-propuesta-viajes\/wp-content\/uploads\/sites\/84\/2016\/10\/EMBARCADERO.jpg\"><img loading=\"lazy\" class=\"alignleft size-medium wp-image-171\" title=\"EMBARCADERO\" src=\"\/bidaion-propuesta-viajes\/wp-content\/uploads\/sites\/84\/2016\/10\/EMBARCADERO.jpg\" alt=\"bassin de arcachon viajes en autocaravana. embarcadero para cap ferret\" width=\"300\" height=\"169\" srcset=\"https:\/\/static-blogs.diariovasco.com\/wp-content\/uploads\/sites\/84\/2016\/10\/EMBARCADERO.jpg 3264w, https:\/\/static-blogs.diariovasco.com\/wp-content\/uploads\/sites\/84\/2016\/10\/EMBARCADERO-300x169.jpg 300w, https:\/\/static-blogs.diariovasco.com\/wp-content\/uploads\/sites\/84\/2016\/10\/EMBARCADERO-768x433.jpg 768w, https:\/\/static-blogs.diariovasco.com\/wp-content\/uploads\/sites\/84\/2016\/10\/EMBARCADERO-1024x577.jpg 1024w\" sizes=\"(max-width: 300px) 100vw, 300px\" \/><\/a>All\u00ed hubi\u00e9ramos \u00a0querido ir en carretera, pero estaba a m\u00e1s de hora y media. Y no lo vimos practico. El s\u00e1bado \u00a0decidimos bajar y acercarnos a casa, y pusimos rumbo a <strong>Hossegor y Capbreton<\/strong>. Dormimos \u00a0en un \u00e1rea<strong> ideal para surferos<\/strong> (N 43\u00b038&#8217;09&#8221;,\u00a0 W 1\u00b026&#8217;48&#8221;) 8.90\u20ac que pasan a cobrarte casi \u00a0sin terminar de aparcar, 133 plazas disponibles junto a la playa, algunas plazas con \u00a0electricidad, acceso directo a las grandes playas del Atl\u00e1ntico. Pero sinceramente lejos de la \u00a0vida y de los pueblos.<\/p>\n<p><a href=\"\/bidaion-propuesta-viajes\/wp-content\/uploads\/sites\/84\/2016\/10\/AREA-CAPBRETON.jpg\"><img loading=\"lazy\" class=\"aligncenter size-medium wp-image-172\" title=\"AREA CAPBRETON\" src=\"\/bidaion-propuesta-viajes\/wp-content\/uploads\/sites\/84\/2016\/10\/AREA-CAPBRETON.jpg\" alt=\"viajar en autocaravana por las landas. capbreton\" width=\"300\" height=\"168\" srcset=\"https:\/\/static-blogs.diariovasco.com\/wp-content\/uploads\/sites\/84\/2016\/10\/AREA-CAPBRETON.jpg 1000w, https:\/\/static-blogs.diariovasco.com\/wp-content\/uploads\/sites\/84\/2016\/10\/AREA-CAPBRETON-300x169.jpg 300w, https:\/\/static-blogs.diariovasco.com\/wp-content\/uploads\/sites\/84\/2016\/10\/AREA-CAPBRETON-768x432.jpg 768w\" sizes=\"(max-width: 300px) 100vw, 300px\" \/><\/a> El puerto de Capbreton, donde se compran los mejores pescados del \u00a0mundo, est\u00e1 a unos 4 kil\u00f3metros, y la vidilla de <strong>Hossegor<\/strong> mejor vivirla desde su nueva \u00e1rea. \u00a0<strong>(N43.67156 W1.41955)<\/strong> Un \u00e1rea inaugurada el pasado a\u00f1o, en el que habr\u00e1 unas 50 plazas, con mesas de madera, con la posibilidad de hacer barbacoa, con la tranquilidad que te da un acceso restringido. Junto a un front\u00f3n que hasta hace unos a\u00f1os estaba escondido por los bosques landeses. 6\u20ac en temporada baja que bien los hubiera pagado la noche anterior. Desde este \u00e1rea, en bici, est\u00e1s cerca del lago de Hossegor, y cerca del pueblo.\u00a0<a href=\"\/bidaion-propuesta-viajes\/wp-content\/uploads\/sites\/84\/2016\/10\/AREA-HOSSEGOR.jpg\"><img loading=\"lazy\" class=\"aligncenter size-medium wp-image-173\" title=\"AREA HOSSEGOR\" src=\"\/bidaion-propuesta-viajes\/wp-content\/uploads\/sites\/84\/2016\/10\/AREA-HOSSEGOR.jpg\" alt=\"hossegor en autocaravana\" width=\"300\" height=\"168\" srcset=\"https:\/\/static-blogs.diariovasco.com\/wp-content\/uploads\/sites\/84\/2016\/10\/AREA-HOSSEGOR.jpg 1000w, https:\/\/static-blogs.diariovasco.com\/wp-content\/uploads\/sites\/84\/2016\/10\/AREA-HOSSEGOR-300x169.jpg 300w, https:\/\/static-blogs.diariovasco.com\/wp-content\/uploads\/sites\/84\/2016\/10\/AREA-HOSSEGOR-768x432.jpg 768w\" sizes=\"(max-width: 300px) 100vw, 300px\" \/><\/a><\/p>\n<p>Acabar el fin de semana as\u00ed de bien, con un buen libro, una barbacoa de pescado y verduras y una tranquilidad que te permite recuperar fuerzas para toda la semana, no tiene precio.<\/p>\n<!-- AddThis Advanced Settings generic via filter on the_content --><!-- AddThis Share Buttons generic via filter on the_content -->","protected":false},"excerpt":{"rendered":"<p>Destinos cercanos pero desconocidos por tenerlos m\u00e1s a mano. Es lo que me pasa siempre con Las Landas o con Aquitania en general. Parece que por tenerlo cerca no hace falta visitarlo, que ya lo conocemos. Y mira t\u00fa por d\u00f3nde, que siempre descubrimos algo nuevo. Como la vez que fuimos a visitar Arcachon y [&hellip;]<!-- AddThis Advanced Settings generic via filter on get_the_excerpt --><!-- AddThis Share Buttons generic via filter on get_the_excerpt --><\/p>\n","protected":false},"author":116,"featured_media":0,"comment_status":"open","ping_status":"closed","sticky":false,"template":"","format":"standard","meta":[],"categories":[8],"tags":[25,26,42],"_links":{"self":[{"href":"https:\/\/blogs.diariovasco.com\/bidaion-propuesta-viajes\/wp-json\/wp\/v2\/posts\/167"}],"collection":[{"href":"https:\/\/blogs.diariovasco.com\/bidaion-propuesta-viajes\/wp-json\/wp\/v2\/posts"}],"about":[{"href":"https:\/\/blogs.diariovasco.com\/bidaion-propuesta-viajes\/wp-json\/wp\/v2\/types\/post"}],"author":[{"embeddable":true,"href":"https:\/\/blogs.diariovasco.com\/bidaion-propuesta-viajes\/wp-json\/wp\/v2\/users\/116"}],"replies":[{"embeddable":true,"href":"https:\/\/blogs.diariovasco.com\/bidaion-propuesta-viajes\/wp-json\/wp\/v2\/comments?post=167"}],"version-history":[{"count":0,"href":"https:\/\/blogs.diariovasco.com\/bidaion-propuesta-viajes\/wp-json\/wp\/v2\/posts\/167\/revisions"}],"wp:attachment":[{"href":"https:\/\/blogs.diariovasco.com\/bidaion-propuesta-viajes\/wp-json\/wp\/v2\/media?parent=167"}],"wp:term":[{"taxonomy":"category","embeddable":true,"href":"https:\/\/blogs.diariovasco.com\/bidaion-propuesta-viajes\/wp-json\/wp\/v2\/categories?post=167"},{"taxonomy":"post_tag","embeddable":true,"href":"https:\/\/blogs.diariovasco.com\/bidaion-propuesta-viajes\/wp-json\/wp\/v2\/tags?post=167"}],"curies":[{"name":"wp","href":"https:\/\/api.w.org\/{rel}","templated":true}]}}