{"id":258,"date":"2017-04-11T09:00:17","date_gmt":"2017-04-11T07:00:17","guid":{"rendered":"http:\/\/blogs.diariovasco.com\/bidaion-propuesta-viajes\/?p=219"},"modified":"2017-04-11T09:00:17","modified_gmt":"2017-04-11T07:00:17","slug":"de-cuando-max-entro-en-la-piojita","status":"publish","type":"post","link":"https:\/\/blogs.diariovasco.com\/bidaion-propuesta-viajes\/2017\/04\/11\/de-cuando-max-entro-en-la-piojita\/","title":{"rendered":"De cuando Max entro en la Piojita"},"content":{"rendered":"<p>En mi casa nunca hab\u00eda entrado un perro. Ni si quiera de visita. De peque\u00f1a tampoco tuve buenas experiencias con perritos, y mi madre nunca nos dej\u00f3 tener animales en casa, como mucho un canario, que por cierto se muri\u00f3 mientras est\u00e1bamos de camping bajo el cuidado de mi abueli (o eso me dijeron).<\/p>\n<p>El caso es que l<strong>os perros no entraban en mis planes<\/strong>. Sin embargo ve\u00edamos que a medida que \u00edbamos <strong>quit\u00e1ndonos el miedo de dormir<\/strong> en cualquier sitio con la piojita, ve\u00edamos la necesidad de <strong>dormir m\u00e1s protegidos<\/strong>. Nos d\u00e1bamos cuenta que muchos compa\u00f1eros llevan <strong>alarmas peludas<\/strong>. Y empezamos a pensar un buen chucho que nos cuidara durante los viajes. Pero claro, teniendo en cuenta nuestra nula experiencia, necesit\u00e1bamos un perrito todoterreno, f\u00e1cil de cuidar, no muy grande, perro guardi\u00e1n, paciente con los ni\u00f1os, pelo corto&#8230; madre m\u00eda demasiadas caracter\u00edsticas.<\/p>\n<p>Pensamos en boxer, en pastor alem\u00e1n, en pitbull&#8230; todos esos me parec\u00edan realmente grandes tanto para un piso como para una autocaravana. Adem\u00e1s para no conocer nada del mundo perruno me parec\u00eda empezar demasiado fuerte. No me ve\u00eda capaz de <strong>convivir con un perro al que le ten\u00eda miedo.<\/strong><\/p>\n<p>Por casualidades de la vida, tuvimos la oportunidad de conocer a un perrito que no ten\u00eda casi ninguna de las caracter\u00edsticas anteriores, no daba nada de miedo, no era grande, no parec\u00eda que fuese muy guardi\u00e1n, y ten\u00eda pinta de ser el\u00e9ctrico y poco paciente con los ni\u00f1os. Lo \u00fanico que s\u00ed cumpl\u00eda que era de pelo corto.\u00a0<a href=\"\/bidaion-propuesta-viajes\/wp-content\/uploads\/sites\/84\/2017\/04\/Max-par-ala-piojita-3.jpg\"><img loading=\"lazy\" class=\"aligncenter size-medium wp-image-249\" title=\"Max en casa\" src=\"\/bidaion-propuesta-viajes\/wp-content\/uploads\/sites\/84\/2017\/04\/Max-par-ala-piojita-3.jpg\" alt=\"De cuando Max entr\u00f3 en la piojita\" width=\"300\" height=\"169\" srcset=\"https:\/\/static-blogs.diariovasco.com\/wp-content\/uploads\/sites\/84\/2017\/04\/Max-par-ala-piojita-3.jpg 850w, https:\/\/static-blogs.diariovasco.com\/wp-content\/uploads\/sites\/84\/2017\/04\/Max-par-ala-piojita-3-300x169.jpg 300w, https:\/\/static-blogs.diariovasco.com\/wp-content\/uploads\/sites\/84\/2017\/04\/Max-par-ala-piojita-3-768x433.jpg 768w\" sizes=\"(max-width: 300px) 100vw, 300px\" \/><\/a><\/p>\n<p>No ten\u00eda nombre, era realmente peque\u00f1o cuando lleg\u00f3 a nuestra casa, apenas tres meses. Y la verdad es que nos conquist\u00f3 enseguida. Le pusimos MAX de nombre por tener pinta de ser muy grande, maxi. Aunque perfectamente le pod\u00edamos haber puesto <strong>Torrente o Houdini<\/strong>. Porque tiene una capacidad para coger la ropa interior y com\u00e9rsela o de escaparse por una peque\u00f1a rendija.<\/p>\n<p>Hechas las presentaciones, nuestro perrito viaja con nosotros desde el primer d\u00eda. Ha aprendido perfectamente a viajar en autocaravana. A ladrar s\u00f3lo cuando los ruidos no le son conocidos. <strong>Es un gran perro guardi\u00e1n<\/strong>. Y est\u00e1 pendiente de cualquier movimiento que pueda darse en el exterior de la autocaravana. Viaja en su camita atado y nunca se ha mareado. Yo creo que disfruta casi m\u00e1s que nosotros de nuestra casita con ruedas. Puede que haya varias razones para ello, pasa m\u00e1s tiempo con nosotros, <strong>duerme m\u00e1s cerca<\/strong> de nosotros, corre m\u00e1s, huele cosas nuevas, le dejemos solo en casa y se puede subir al sof\u00e1 cuando no miramos. Ha encontrado un txokito de lo m\u00e1s agradable debajo de la mesa, junto a una de las salidas de calefacci\u00f3n.<\/p>\n<p>Cuando le tenemos que dejar s\u00f3lo en la autocaravana, hemos aprendido a dejarle atado porque sino llega a todas partes y nos da miedo que le d\u00e9 al bot\u00f3n de abrir o que se coma la basura o que se suba al salpicadero y nos rompa alg\u00fan sensor de la alarma. Asi pues, le dejemos atado en corto con su agua y comida y si hace bueno con la claraboya entreabierta y si hace malo o hemos ido a esquiar, con la calefacci\u00f3n bajita para mantener el calor. Sabemos que no llora porque nos quedamos un rato escuchando y no hace nada. De hecho yo creo que se <strong>sonr\u00ede<\/strong> cuando nos ve alejarnos y se alegra de tener toda la casita para \u00e9l solo, aunque est\u00e9 atado en corto.<\/p>\n<p><a href=\"\/bidaion-propuesta-viajes\/wp-content\/uploads\/sites\/84\/2017\/04\/Max-par-ala-piojita-1.jpg\"><img loading=\"lazy\" class=\"alignleft size-medium wp-image-250\" title=\"Max en la piojita\" src=\"\/bidaion-propuesta-viajes\/wp-content\/uploads\/sites\/84\/2017\/04\/Max-par-ala-piojita-1.jpg\" alt=\"De cuando Max entr\u00f3 en la piojita\" width=\"300\" height=\"169\" srcset=\"https:\/\/static-blogs.diariovasco.com\/wp-content\/uploads\/sites\/84\/2017\/04\/Max-par-ala-piojita-1.jpg 850w, https:\/\/static-blogs.diariovasco.com\/wp-content\/uploads\/sites\/84\/2017\/04\/Max-par-ala-piojita-1-300x169.jpg 300w, https:\/\/static-blogs.diariovasco.com\/wp-content\/uploads\/sites\/84\/2017\/04\/Max-par-ala-piojita-1-768x433.jpg 768w\" sizes=\"(max-width: 300px) 100vw, 300px\" \/><\/a>\u00a0Cuando alguna vez hemos entrado a alg\u00fan camping, le atamos al tapacubos de una de las \u00a0ruedas y as\u00ed puede estar cerca nuestro, bajo la sombra del toldo y al aire libre. A\u00fan no \u00a0podemos dejarle sin atar porque es un cachorro y creo que se escapar\u00eda. Es una pena que \u00a0haya campings que nos encantan y que no permitan perros. Ni si quiera perritos chiquitos \u00a0como este, ni si quiera atados. Esto nos genera un problema y quiz\u00e1 tengamos que cambiar \u00a0de destino.<\/p>\n<p>La verdad es que ha resultado todo un acierto nuestro peque\u00f1o Max. Es un gran perro \u00a0guardi\u00e1n, y yo duermo a pierna suelta (antes tambi\u00e9n, la verdad) y salvo contadas ocasiones \u00a0casi siempre le llevamos a todas partes. Adem\u00e1s al no ser muy grande duerme perfectamente dentro del habit\u00e1culo sin necesidad de adaptar el garaje.<\/p>\n<p>A mi me gustar\u00eda saber desde aqu\u00ed <strong>qu\u00e9 accesorios perrunos<\/strong> utiliz\u00e1is en vuestras casitas con ruedas? Viajan en transportin? Viajan con alg\u00fan arn\u00e9s especifico? Ten\u00e9is alguna camita especial para \u00e9l?<\/p>\n<p>&nbsp;<\/p>\n<p>Y tambi\u00e9n me gustar\u00eda saber si alguna vez os hab\u00e9is visto en alguna <strong>situaci\u00f3n rara\/dif\u00edcil\/complicada con vuestras mascotas<\/strong> en vuestras casas con ruedas. Pod\u00e9is dejar vuestras respuestas en los comentarios.<\/p>\n<p>Ya veis que me he adelantado un poquito a la publicaci\u00f3n. Con este post damos paso a las <strong>vacaciones de semana santa<\/strong>, que se auguran maravillosas y en excelente compa\u00f1\u00eda. Igual que se promet\u00edan<a title=\"Murcia y su provincia\" href=\"https:\/\/blogs.diariovasco.com\/bidaion-propuesta-viajes\/2016\/04\/07\/murcia-y-su-provincia\/\" target=\"_blank\"> las del a\u00f1o pasado<\/a> y que acabaron en &#8220;tragedia&#8221;. Este a\u00f1o espero que no romperme nada. Nos vemos <strong>pasado el puente de mayo<\/strong> para contaros un mont\u00f3n de historias.<\/p>\n<p><strong>Felices Vacaciones. BidaiOn izan!<\/strong><\/p>\n<!-- AddThis Advanced Settings generic via filter on the_content --><!-- AddThis Share Buttons generic via filter on the_content -->","protected":false},"excerpt":{"rendered":"<p>En mi casa nunca hab\u00eda entrado un perro. Ni si quiera de visita. De peque\u00f1a tampoco tuve buenas experiencias con perritos, y mi madre nunca nos dej\u00f3 tener animales en casa, como mucho un canario, que por cierto se muri\u00f3 mientras est\u00e1bamos de camping bajo el cuidado de mi abueli (o eso me dijeron). El [&hellip;]<!-- AddThis Advanced Settings generic via filter on get_the_excerpt --><!-- AddThis Share Buttons generic via filter on get_the_excerpt --><\/p>\n","protected":false},"author":116,"featured_media":0,"comment_status":"open","ping_status":"closed","sticky":false,"template":"","format":"standard","meta":[],"categories":[11],"tags":[50,21,44],"_links":{"self":[{"href":"https:\/\/blogs.diariovasco.com\/bidaion-propuesta-viajes\/wp-json\/wp\/v2\/posts\/258"}],"collection":[{"href":"https:\/\/blogs.diariovasco.com\/bidaion-propuesta-viajes\/wp-json\/wp\/v2\/posts"}],"about":[{"href":"https:\/\/blogs.diariovasco.com\/bidaion-propuesta-viajes\/wp-json\/wp\/v2\/types\/post"}],"author":[{"embeddable":true,"href":"https:\/\/blogs.diariovasco.com\/bidaion-propuesta-viajes\/wp-json\/wp\/v2\/users\/116"}],"replies":[{"embeddable":true,"href":"https:\/\/blogs.diariovasco.com\/bidaion-propuesta-viajes\/wp-json\/wp\/v2\/comments?post=258"}],"version-history":[{"count":0,"href":"https:\/\/blogs.diariovasco.com\/bidaion-propuesta-viajes\/wp-json\/wp\/v2\/posts\/258\/revisions"}],"wp:attachment":[{"href":"https:\/\/blogs.diariovasco.com\/bidaion-propuesta-viajes\/wp-json\/wp\/v2\/media?parent=258"}],"wp:term":[{"taxonomy":"category","embeddable":true,"href":"https:\/\/blogs.diariovasco.com\/bidaion-propuesta-viajes\/wp-json\/wp\/v2\/categories?post=258"},{"taxonomy":"post_tag","embeddable":true,"href":"https:\/\/blogs.diariovasco.com\/bidaion-propuesta-viajes\/wp-json\/wp\/v2\/tags?post=258"}],"curies":[{"name":"wp","href":"https:\/\/api.w.org\/{rel}","templated":true}]}}