{"id":349,"date":"2017-10-27T18:59:53","date_gmt":"2017-10-27T16:59:53","guid":{"rendered":"http:\/\/blogs.diariovasco.com\/bidaion-propuesta-viajes\/?p=349"},"modified":"2017-10-28T17:09:08","modified_gmt":"2017-10-28T15:09:08","slug":"deseos-para-visitar","status":"publish","type":"post","link":"https:\/\/blogs.diariovasco.com\/bidaion-propuesta-viajes\/2017\/10\/27\/deseos-para-visitar\/","title":{"rendered":"Deseos para visitar"},"content":{"rendered":"<p>Al igual que hace algunos meses os coment\u00e9 que me apetec\u00eda visitar unos u otros lugares de cara al verano, ahora me pongo caprichosa con el oto\u00f1o\/invierno.<\/p>\n<p>Tengo muchas ganas de visitar <strong>Irati<\/strong>, oto\u00f1o es su \u00e9poca sin duda, esos colores tan espectaculares, el lecho del suelo lleno de hojas&#8230;.<\/p>\n<p>Tambi\u00e9n me apetece visitar <strong>Formigal<\/strong> en temporada de esqu\u00ed. Y si pudiera ir acompa\u00f1ada de mi monitor de esqu\u00ed favorito para mis txikis, mejor.<\/p>\n<p>Otro destino que nos gustar\u00eda tocar es <strong>Galicia<\/strong>, quiz\u00e1 en un viaje m\u00e1s largo, semana santa por ejemplo.<\/p>\n<p><strong>Picos de Europa<\/strong>, pasar\u00e1 la autocaravana por los riscos de las gargantas?<\/p>\n<p>Ojo, que tambi\u00e9n me apetece alg\u00fan <strong>camping<\/strong> para hacer vida de camping, relax, hamacas y toldo.<\/p>\n<p>Tambi\u00e9n me encantar\u00eda visitar alguna granja de esas de <strong>France Passion<\/strong>, foie, queser\u00eda o productores de miel.<\/p>\n<p>Si vamos, os lo contaremos. Cu\u00e1l es vuestro fetiche para estos pr\u00f3ximos meses?<\/p>\n<p>&nbsp;<\/p>\n<!-- AddThis Advanced Settings generic via filter on the_content --><!-- AddThis Share Buttons generic via filter on the_content -->","protected":false},"excerpt":{"rendered":"<p>Al igual que hace algunos meses os coment\u00e9 que me apetec\u00eda visitar unos u otros lugares de cara al verano, ahora me pongo caprichosa con el oto\u00f1o\/invierno. Tengo muchas ganas de visitar Irati, oto\u00f1o es su \u00e9poca sin duda, esos colores tan espectaculares, el lecho del suelo lleno de hojas&#8230;. Tambi\u00e9n me apetece visitar Formigal [&hellip;]<!-- AddThis Advanced Settings generic via filter on get_the_excerpt --><!-- AddThis Share Buttons generic via filter on get_the_excerpt --><\/p>\n","protected":false},"author":116,"featured_media":0,"comment_status":"open","ping_status":"closed","sticky":false,"template":"","format":"standard","meta":[],"categories":[11],"tags":[23,39,44],"_links":{"self":[{"href":"https:\/\/blogs.diariovasco.com\/bidaion-propuesta-viajes\/wp-json\/wp\/v2\/posts\/349"}],"collection":[{"href":"https:\/\/blogs.diariovasco.com\/bidaion-propuesta-viajes\/wp-json\/wp\/v2\/posts"}],"about":[{"href":"https:\/\/blogs.diariovasco.com\/bidaion-propuesta-viajes\/wp-json\/wp\/v2\/types\/post"}],"author":[{"embeddable":true,"href":"https:\/\/blogs.diariovasco.com\/bidaion-propuesta-viajes\/wp-json\/wp\/v2\/users\/116"}],"replies":[{"embeddable":true,"href":"https:\/\/blogs.diariovasco.com\/bidaion-propuesta-viajes\/wp-json\/wp\/v2\/comments?post=349"}],"version-history":[{"count":3,"href":"https:\/\/blogs.diariovasco.com\/bidaion-propuesta-viajes\/wp-json\/wp\/v2\/posts\/349\/revisions"}],"predecessor-version":[{"id":356,"href":"https:\/\/blogs.diariovasco.com\/bidaion-propuesta-viajes\/wp-json\/wp\/v2\/posts\/349\/revisions\/356"}],"wp:attachment":[{"href":"https:\/\/blogs.diariovasco.com\/bidaion-propuesta-viajes\/wp-json\/wp\/v2\/media?parent=349"}],"wp:term":[{"taxonomy":"category","embeddable":true,"href":"https:\/\/blogs.diariovasco.com\/bidaion-propuesta-viajes\/wp-json\/wp\/v2\/categories?post=349"},{"taxonomy":"post_tag","embeddable":true,"href":"https:\/\/blogs.diariovasco.com\/bidaion-propuesta-viajes\/wp-json\/wp\/v2\/tags?post=349"}],"curies":[{"name":"wp","href":"https:\/\/api.w.org\/{rel}","templated":true}]}}