{"id":352,"date":"2018-06-07T15:00:15","date_gmt":"2018-06-07T13:00:15","guid":{"rendered":"http:\/\/blogs.diariovasco.com\/bidaion-propuesta-viajes\/?p=352"},"modified":"2018-05-28T19:34:45","modified_gmt":"2018-05-28T17:34:45","slug":"olite-y-la-ribera-navarra","status":"publish","type":"post","link":"https:\/\/blogs.diariovasco.com\/bidaion-propuesta-viajes\/2018\/06\/07\/olite-y-la-ribera-navarra\/","title":{"rendered":"olite y la ribera navarra"},"content":{"rendered":"<p>Desde Gipuzkoa, Navarra siempre es una buena idea, a poco m\u00e1s de hora y algo tenemos lugares tan encantadores como estos que os muestro hoy.<\/p>\n<p>A un mes exacto de los <strong>sanfermines<\/strong>, os traigo una peque\u00f1a recopilaci\u00f3n de pueblos con vaquillas y encierros que pueden resultaros interesantes.<\/p>\n<p>Son para todos conocidos, pero no est\u00e1 de m\u00e1s visitarlos de nuevo ya que dan mucho juego sobre todo cuando en casa llueve, all\u00ed suele hacer mejor tiempo.<\/p>\n<p><strong>Olite<\/strong> es un destino muy conocido, y ahora m\u00e1s c\u00f3modo para los autocaravanistas ya que han inaugurado recientemente su \u00e1rea. <strong>(N\u00a042\u00ba 28&#8242; 50&#8221; \/ W\u00a001\u00ba 38&#8242; 51&#8221;)<\/strong> un \u00e1rea c\u00f3moda para visitar el pueblo, junto a las murallas.<\/p>\n<p>Olite es conocido por su precioso <strong>castillo<\/strong> que se puede visitar, adquiriendo las entradas en la propia oficina de turismo. Cuando estuvimos nosotros, eran fiestas (septiembre) y por supuesto hab\u00eda vaquillas, encierros y todo lo relacionado con ese mundillo. Cortan las calles y sueltan las vacas por el pueblo. Tambi\u00e9n hubo castellets que eran casi tan altos como las c\u00fapulas del propio castillo.<\/p>\n<p>Aprovechamos para comer en un restaurante del pueblo, ya que siempre nos gusta ser agradecidos con la localidad que nos trata tan bien.<\/p>\n<p>Tambi\u00e9n puede ser un destino desde el que acudir a <strong>SendaViva<\/strong>, y aunque en el propio parque no hay \u00e1rea, pod\u00e9is dormir tanto en el parking exterior como en el \u00e1rea de <strong>Arguedas<\/strong>, junto a las casas cueva. Es un \u00e1rea s\u00faper concurrida <strong>(N\u00a042\u00ba 10&#8242; 25&#8221; \/ W\u00a001\u00ba 35&#8242; 29&#8221;<\/strong>). Siempre est\u00e1 llena. Me consta que hay gente que duerme fuera de la misma, junto a la campa del cementerio. Pero no es lo correcto. Podr\u00edan multaros (aunque no creo, la verdad)<\/p>\n<p>Por esa zona se encuentra tambi\u00e9n el \u00e1rea de mis amigos de <a href=\"https:\/\/blogs.diariovasco.com\/bidaion-propuesta-viajes\/2017\/04\/06\/durmiendo-entre-olivares\/\">Artajo<\/a>. Con posibilidad de dormir bajo reserva y visitar tambi\u00e9n las <strong>Bardenas Reales<\/strong>.<\/p>\n<p>Pero si prefer\u00eds seguir con las fiestas populares, las de <strong>Marcilla<\/strong> son bien conocidas. Ten\u00e9is una estupenda \u00e1rea vallada junto a las piscinas municipales <strong>(N\u00a042\u00ba 19&#8242; 15&#8221; \/ W\u00a001\u00ba 43&#8242; 53&#8221;<\/strong>). En caso de que vay\u00e1is a llegar m\u00e1s tarde de las 6 de la tarde, deb\u00e9is avisar para que os abran la verja. Pod\u00e9is tener m\u00e1s informaci\u00f3n en la oficina de turismo\u00a0948 75 70 31<\/p>\n<p><img loading=\"lazy\" class=\"size-large wp-image-400 aligncenter\" src=\"https:\/\/static-blogs.diariovasco.com\/wp-content\/uploads\/sites\/84\/2018\/06\/marcilla-3-628x354.jpg\" alt=\"bidaion marcilla en autocaravana\" width=\"628\" height=\"354\" srcset=\"https:\/\/static-blogs.diariovasco.com\/wp-content\/uploads\/sites\/84\/2018\/06\/marcilla-3-628x354.jpg 628w, https:\/\/static-blogs.diariovasco.com\/wp-content\/uploads\/sites\/84\/2018\/06\/marcilla-3-300x169.jpg 300w, https:\/\/static-blogs.diariovasco.com\/wp-content\/uploads\/sites\/84\/2018\/06\/marcilla-3-768x432.jpg 768w, https:\/\/static-blogs.diariovasco.com\/wp-content\/uploads\/sites\/84\/2018\/06\/marcilla-3.jpg 890w\" sizes=\"(max-width: 628px) 100vw, 628px\" \/><\/p>\n<p><img loading=\"lazy\" class=\"alignleft wp-image-399 size-medium\" src=\"https:\/\/static-blogs.diariovasco.com\/wp-content\/uploads\/sites\/84\/2018\/06\/marcilla-1-169x300.jpg\" alt=\"marcilla en autocaravana bidaiOn\" width=\"169\" height=\"300\" srcset=\"https:\/\/static-blogs.diariovasco.com\/wp-content\/uploads\/sites\/84\/2018\/06\/marcilla-1-169x300.jpg 169w, https:\/\/static-blogs.diariovasco.com\/wp-content\/uploads\/sites\/84\/2018\/06\/marcilla-1-354x628.jpg 354w, https:\/\/static-blogs.diariovasco.com\/wp-content\/uploads\/sites\/84\/2018\/06\/marcilla-1.jpg 501w\" sizes=\"(max-width: 169px) 100vw, 169px\" \/>Marcilla es conocida mundialmente por su <strong>Campeonato de Lanzamiento de la Rabiosa<\/strong>. Un sobrecogedor concurso de lanzamiento de azada. Y digo sobrecogedor porque a veces la susodicha sale disparada a lugares insospechados, por ejemplo para atr\u00e1s. Y claro, imaginaos el susto. Se celebran en agosto, por lo que el buen tiempo lo ten\u00e9is asegurado. Al tener el \u00e1rea junto a las piscinas, pod\u00e9is aprovechar para daros un chapuz\u00f3n. En bici esta muy cerca del pueblo. La \u00fanica pega que le vimos es que las bombonas de butano en la gasolinera eran caras. Pero bueno, por sacarle un pero. Por lo dem\u00e1s, son pueblos de la rivera entretenidos y divertidos. Tambi\u00e9n es un estupendo destino de fin de semana. Cercano pero suficiente para desconectar.<\/p>\n<p>\u00bfTen\u00e9is alg\u00fan destino favorito al que vay\u00e1is una y otra vez? Para nosotros <strong>Navarra<\/strong> es fetiche.<\/p>\n<p>&nbsp;<\/p>\n<p>&nbsp;<\/p>\n<p>&nbsp;<\/p>\n<!-- AddThis Advanced Settings generic via filter on the_content --><!-- AddThis Share Buttons generic via filter on the_content -->","protected":false},"excerpt":{"rendered":"<p>Desde Gipuzkoa, Navarra siempre es una buena idea, a poco m\u00e1s de hora y algo tenemos lugares tan encantadores como estos que os muestro hoy. A un mes exacto de los sanfermines, os traigo una peque\u00f1a recopilaci\u00f3n de pueblos con vaquillas y encierros que pueden resultaros interesantes. Son para todos conocidos, pero no est\u00e1 de [&hellip;]<!-- AddThis Advanced Settings generic via filter on get_the_excerpt --><!-- AddThis Share Buttons generic via filter on get_the_excerpt --><\/p>\n","protected":false},"author":116,"featured_media":0,"comment_status":"open","ping_status":"closed","sticky":false,"template":"","format":"standard","meta":[],"categories":[12],"tags":[16,23,29],"_links":{"self":[{"href":"https:\/\/blogs.diariovasco.com\/bidaion-propuesta-viajes\/wp-json\/wp\/v2\/posts\/352"}],"collection":[{"href":"https:\/\/blogs.diariovasco.com\/bidaion-propuesta-viajes\/wp-json\/wp\/v2\/posts"}],"about":[{"href":"https:\/\/blogs.diariovasco.com\/bidaion-propuesta-viajes\/wp-json\/wp\/v2\/types\/post"}],"author":[{"embeddable":true,"href":"https:\/\/blogs.diariovasco.com\/bidaion-propuesta-viajes\/wp-json\/wp\/v2\/users\/116"}],"replies":[{"embeddable":true,"href":"https:\/\/blogs.diariovasco.com\/bidaion-propuesta-viajes\/wp-json\/wp\/v2\/comments?post=352"}],"version-history":[{"count":4,"href":"https:\/\/blogs.diariovasco.com\/bidaion-propuesta-viajes\/wp-json\/wp\/v2\/posts\/352\/revisions"}],"predecessor-version":[{"id":401,"href":"https:\/\/blogs.diariovasco.com\/bidaion-propuesta-viajes\/wp-json\/wp\/v2\/posts\/352\/revisions\/401"}],"wp:attachment":[{"href":"https:\/\/blogs.diariovasco.com\/bidaion-propuesta-viajes\/wp-json\/wp\/v2\/media?parent=352"}],"wp:term":[{"taxonomy":"category","embeddable":true,"href":"https:\/\/blogs.diariovasco.com\/bidaion-propuesta-viajes\/wp-json\/wp\/v2\/categories?post=352"},{"taxonomy":"post_tag","embeddable":true,"href":"https:\/\/blogs.diariovasco.com\/bidaion-propuesta-viajes\/wp-json\/wp\/v2\/tags?post=352"}],"curies":[{"name":"wp","href":"https:\/\/api.w.org\/{rel}","templated":true}]}}