{"id":36,"date":"2016-02-24T10:00:54","date_gmt":"2016-02-24T09:00:54","guid":{"rendered":"http:\/\/blogs.diariovasco.com\/bidaion-propuesta-viajes\/?p=36"},"modified":"2016-02-24T10:00:54","modified_gmt":"2016-02-24T09:00:54","slug":"paraiso-animal-cabarceno","status":"publish","type":"post","link":"https:\/\/blogs.diariovasco.com\/bidaion-propuesta-viajes\/2016\/02\/24\/paraiso-animal-cabarceno\/","title":{"rendered":"Para\u00edso animal, Cab\u00e1rceno"},"content":{"rendered":"<p style=\"text-align: center;\">Hoy os traigo una escapada de fin de semana deliciosa, id\u00edlica, <strong>ideal para ni\u00f1os y mayores<\/strong>, ideal para ir con tu <strong>autocarvana<\/strong> pero tambi\u00e9n con tu coche particular, puesto que la zona que os voy a recomendar tiene alojamiento rural. No he mirado los nombres de los alojamientos, pero seguro que est\u00e1n en internet.<\/p>\n<p style=\"text-align: center;\"><a href=\"\/bidaion-propuesta-viajes\/wp-content\/uploads\/sites\/84\/2016\/02\/@Bidai_On.jpg\"><img loading=\"lazy\" class=\"aligncenter size-medium wp-image-37\" title=\"@Bidai_On\" src=\"\/bidaion-propuesta-viajes\/wp-content\/uploads\/sites\/84\/2016\/02\/@Bidai_On.jpg\" alt=\"cabarceno\" width=\"300\" height=\"251\" srcset=\"https:\/\/static-blogs.diariovasco.com\/wp-content\/uploads\/sites\/84\/2016\/02\/@Bidai_On.jpg 940w, https:\/\/static-blogs.diariovasco.com\/wp-content\/uploads\/sites\/84\/2016\/02\/@Bidai_On-300x251.jpg 300w, https:\/\/static-blogs.diariovasco.com\/wp-content\/uploads\/sites\/84\/2016\/02\/@Bidai_On-768x644.jpg 768w\" sizes=\"(max-width: 300px) 100vw, 300px\" \/><\/a><\/p>\n<p style=\"text-align: center;\">El \u00e1rea para auotcaravanas del parque de la naturaleza de <strong>Cab\u00e1rceno<\/strong>, est\u00e1 en el pueblo del mismo nombre, en el lado opuesto de la entada principal. El pueblo de Cab\u00e1rceno es muy peque\u00f1o, tiene como mucho diez casas, de las cuales seguramente ocho son alojamientos y restaurantes.<\/p>\n<p style=\"text-align: center;\">Pero vamos a lo nuestro, a nuestro re-descubrimiento. Hab\u00edamos estado en Cab\u00e1rceno de forma tradicional, en coche, sin ni\u00f1os y con un ni\u00f1o, y hemos vuelto los cuatro y la <strong>piojita<\/strong>.<\/p>\n<p style=\"text-align: center;\">Asomarte por la ventana de tu casa con ruedas y ver esta maravilla no tiene precio. Imagino que en <strong>verano<\/strong> habr\u00e1 <strong>tortas<\/strong> para conseguir un buen sitio, porque a los pies del lago, con mesa y zona verde para poder comer fuera&#8230; Pero en pleno febrero.<\/p>\n<p style=\"text-align: center;\"><a href=\"\/bidaion-propuesta-viajes\/wp-content\/uploads\/sites\/84\/2016\/02\/cabarceno4.jpg\"><img loading=\"lazy\" class=\"aligncenter size-medium wp-image-38\" title=\"cabarceno4\" src=\"\/bidaion-propuesta-viajes\/wp-content\/uploads\/sites\/84\/2016\/02\/cabarceno4.jpg\" alt=\"cabarceno area\" width=\"300\" height=\"168\" srcset=\"https:\/\/static-blogs.diariovasco.com\/wp-content\/uploads\/sites\/84\/2016\/02\/cabarceno4.jpg 650w, https:\/\/static-blogs.diariovasco.com\/wp-content\/uploads\/sites\/84\/2016\/02\/cabarceno4-300x168.jpg 300w\" sizes=\"(max-width: 300px) 100vw, 300px\" \/><\/a><\/p>\n<p style=\"text-align: center;\">La entrada por este lado es igual que la principal, s\u00f3lo que por este lado<strong> no puedes sacarte los abonos familiares anuales<\/strong>. Pero si s\u00f3lo v\u00e1is un d\u00eda, pod\u00e9is entrar perfectamente por el lado de los <strong>elefantes<\/strong>. Justo al lado del \u00e1rea. Adem\u00e1s est\u00e1n construyendo un <strong>telef\u00e9rico<\/strong>, un telecabina que te pasear\u00e1 por el parque por medio de varias estaciones y paradas. Justo al lado del \u00e1rea hay una. La idea no es restringir el acceso en tu veh\u00edculo propio, sino m\u00e1s bien ver a los animales desde el aire. Imagino que te har\u00e1n ciertas paradas mientras est\u00e1s colgado. Parece ser que quer\u00edan abrirlo para semana santa, pero creo que no les va a dar tiempo.<\/p>\n<p style=\"text-align: center;\"><a href=\"\/bidaion-propuesta-viajes\/wp-content\/uploads\/sites\/84\/2016\/02\/cabarceno3.jpg\"><img loading=\"lazy\" class=\"aligncenter size-medium wp-image-39\" title=\"cabarceno3\" src=\"\/bidaion-propuesta-viajes\/wp-content\/uploads\/sites\/84\/2016\/02\/cabarceno3.jpg\" alt=\"tel\u00e9ferico de cabarcneo\" width=\"300\" height=\"168\" srcset=\"https:\/\/static-blogs.diariovasco.com\/wp-content\/uploads\/sites\/84\/2016\/02\/cabarceno3.jpg 650w, https:\/\/static-blogs.diariovasco.com\/wp-content\/uploads\/sites\/84\/2016\/02\/cabarceno3-300x168.jpg 300w\" sizes=\"(max-width: 300px) 100vw, 300px\" \/><\/a><\/p>\n<p style=\"text-align: center;\">El parque por supuesto se puede (y casi se debe) visitar en <strong>veh\u00edculo<\/strong>, ya que los recorridos son grandes y en bici la verdad es que tiene sus subiditas, no es como para m\u00ed, desde luego. Tranquilos, las autocas pasan practicamente por todos los caminos, y por donde no pasa,<strong> te avisan.<\/strong><\/p>\n<p style=\"text-align: center;\">En Cab\u00e1rceno todo sigue igual, con sus <strong>ositos<\/strong>, sus elefantes, sus gorilas, sus <strong>jirafas<\/strong>, sus culebras, sus pajaritos. Y en cambio, verlo a trav\u00e9s de los ojos de los ni\u00f1os, es otro parque. Lo hemos disfrutado un mont\u00f3n. Hemos desconectado un mont\u00f3n.<\/p>\n<p style=\"text-align: center;\"><a href=\"\/bidaion-propuesta-viajes\/wp-content\/uploads\/sites\/84\/2016\/02\/Bidai_On.jpg\"><img loading=\"lazy\" class=\"aligncenter size-medium wp-image-40\" title=\"Bidai_On\" src=\"\/bidaion-propuesta-viajes\/wp-content\/uploads\/sites\/84\/2016\/02\/Bidai_On.jpg\" alt=\"animales en cabarceno\" width=\"300\" height=\"239\" srcset=\"https:\/\/static-blogs.diariovasco.com\/wp-content\/uploads\/sites\/84\/2016\/02\/Bidai_On.jpg 944w, https:\/\/static-blogs.diariovasco.com\/wp-content\/uploads\/sites\/84\/2016\/02\/Bidai_On-300x240.jpg 300w, https:\/\/static-blogs.diariovasco.com\/wp-content\/uploads\/sites\/84\/2016\/02\/Bidai_On-768x614.jpg 768w\" sizes=\"(max-width: 300px) 100vw, 300px\" \/><\/a><\/p>\n<p style=\"text-align: center;\">Algunas recomendaciones pr\u00e1cticas:<\/p>\n<p style=\"text-align: center;\">\u00c1rea de cabarceno junto al lago Acebo. (<strong>N43\u00ba21\u00b429&#8243; y W3\u00ba49\u00b410&#8243;<\/strong>)<\/p>\n<p style=\"text-align: center;\">Ojo con el parking que hay dentro del parque, en la<strong> zona de animales de granja, es s\u00faper ventoso<\/strong>, y cuando digo ventoso, es que se te mueve la autoca como si fuera una hoja. La verdad es que ten\u00edamos que habernos puesto a comer en otra zona, como en el parking de la <strong>zona de los gorilas<\/strong>, o en el parking de la zona de los <strong>osos<\/strong>.<\/p>\n<p style=\"text-align: center;\">Comprando el <strong>plan familiar<\/strong>, puedes entrar todas las veces que quieras, si vas un fin de semana, te sirve para ver con m\u00e1s tranquilidad el parque, \u00a0los abonos son anuales, lo tenemos hasta febrero del 2017, con lo cual, en un pr\u00f3ximo viaje por la zona podemos volver a entrar. Y prometo que volveremos.<\/p>\n<p style=\"text-align: center;\"><a href=\"\/bidaion-propuesta-viajes\/wp-content\/uploads\/sites\/84\/2016\/02\/area-cabarceno.jpg\"><img loading=\"lazy\" class=\"aligncenter size-medium wp-image-41\" title=\"area cabarceno\" src=\"\/bidaion-propuesta-viajes\/wp-content\/uploads\/sites\/84\/2016\/02\/area-cabarceno.jpg\" alt=\"area autocaravanas de cabarceno\" width=\"300\" height=\"300\" srcset=\"https:\/\/static-blogs.diariovasco.com\/wp-content\/uploads\/sites\/84\/2016\/02\/area-cabarceno.jpg 612w, https:\/\/static-blogs.diariovasco.com\/wp-content\/uploads\/sites\/84\/2016\/02\/area-cabarceno-150x150.jpg 150w, https:\/\/static-blogs.diariovasco.com\/wp-content\/uploads\/sites\/84\/2016\/02\/area-cabarceno-300x300.jpg 300w\" sizes=\"(max-width: 300px) 100vw, 300px\" \/><\/a><\/p>\n<p style=\"text-align: center;\">Sorprende que en pleno <strong>febrero<\/strong> hubiera m\u00e1s de <strong>diez autocaravanas en el \u00e1rea.<\/strong> As\u00ed es como nos gusta a nosotros pernoctar, rodeados de <strong>compa\u00f1eros<\/strong>. Visitamos el \u00e1rea de <strong>Somo Ribamont\u00e1n al Mar<\/strong>, pero result\u00f3 que estaba vac\u00eda y la verdad es que era un simple parking, lejos del pueblo fantasma. Imagino que en verano ser\u00e1 otra cosa, pero en febrero sin bicis estaba a desmano y el pueblo sin gente. Adem\u00e1s han acotado la entrada a los parkings cercanos a la playa, precisamente para evitar el acceso a las autocaravanas. As\u00ed que decidimos volver a Cab\u00e1rceno. Y acertamos.<\/p>\n<p style=\"text-align: center;\">\u00bfConoc\u00e9is la zona? Qu\u00e9 tal fue vuestra experiencia?<\/p>\n<p>&nbsp;<\/p>\n<p>&nbsp;<\/p>\n<p>&nbsp;<\/p>\n<!-- AddThis Advanced Settings generic via filter on the_content --><!-- AddThis Share Buttons generic via filter on the_content -->","protected":false},"excerpt":{"rendered":"<p>Hoy os traigo una escapada de fin de semana deliciosa, id\u00edlica, ideal para ni\u00f1os y mayores, ideal para ir con tu autocarvana pero tambi\u00e9n con tu coche particular, puesto que la zona que os voy a recomendar tiene alojamiento rural. No he mirado los nombres de los alojamientos, pero seguro que est\u00e1n en internet. El [&hellip;]<!-- AddThis Advanced Settings generic via filter on get_the_excerpt --><!-- AddThis Share Buttons generic via filter on get_the_excerpt --><\/p>\n","protected":false},"author":116,"featured_media":0,"comment_status":"open","ping_status":"closed","sticky":false,"template":"","format":"standard","meta":[],"categories":[4],"tags":[16,42],"_links":{"self":[{"href":"https:\/\/blogs.diariovasco.com\/bidaion-propuesta-viajes\/wp-json\/wp\/v2\/posts\/36"}],"collection":[{"href":"https:\/\/blogs.diariovasco.com\/bidaion-propuesta-viajes\/wp-json\/wp\/v2\/posts"}],"about":[{"href":"https:\/\/blogs.diariovasco.com\/bidaion-propuesta-viajes\/wp-json\/wp\/v2\/types\/post"}],"author":[{"embeddable":true,"href":"https:\/\/blogs.diariovasco.com\/bidaion-propuesta-viajes\/wp-json\/wp\/v2\/users\/116"}],"replies":[{"embeddable":true,"href":"https:\/\/blogs.diariovasco.com\/bidaion-propuesta-viajes\/wp-json\/wp\/v2\/comments?post=36"}],"version-history":[{"count":0,"href":"https:\/\/blogs.diariovasco.com\/bidaion-propuesta-viajes\/wp-json\/wp\/v2\/posts\/36\/revisions"}],"wp:attachment":[{"href":"https:\/\/blogs.diariovasco.com\/bidaion-propuesta-viajes\/wp-json\/wp\/v2\/media?parent=36"}],"wp:term":[{"taxonomy":"category","embeddable":true,"href":"https:\/\/blogs.diariovasco.com\/bidaion-propuesta-viajes\/wp-json\/wp\/v2\/categories?post=36"},{"taxonomy":"post_tag","embeddable":true,"href":"https:\/\/blogs.diariovasco.com\/bidaion-propuesta-viajes\/wp-json\/wp\/v2\/tags?post=36"}],"curies":[{"name":"wp","href":"https:\/\/api.w.org\/{rel}","templated":true}]}}