{"id":46,"date":"2016-04-21T14:34:56","date_gmt":"2016-04-21T12:34:56","guid":{"rendered":"http:\/\/blogs.diariovasco.com\/bidaion-propuesta-viajes\/?p=46"},"modified":"2016-04-21T14:34:56","modified_gmt":"2016-04-21T12:34:56","slug":"como-preparar-un-viaje-largo-en-autocaravana","status":"publish","type":"post","link":"https:\/\/blogs.diariovasco.com\/bidaion-propuesta-viajes\/2016\/04\/21\/como-preparar-un-viaje-largo-en-autocaravana\/","title":{"rendered":"C\u00f3mo preparar un viaje (largo) en autocaravana"},"content":{"rendered":"<p>Muchos de mis lectores sois expertos &#8220;ruteros&#8221; y seguro que ofrec\u00e9is mejores consejos que estos.<\/p>\n<p>Pero imagino que tambi\u00e9n habr\u00e1 gente que est\u00e9 pensando qu\u00e9 l\u00edo eso de la autocaravana, qu\u00e9 hay que tener en cuenta, c\u00f3mo se preparan los viajes, etc. Pues para todos vosotros, os cuento c\u00f3mo organizamos nosotros las salidas largas.<\/p>\n<p>Las cortas, las de fin de semana, est\u00e1 claro, cogemos el mapa de el tiempo, y all\u00e1 donde salga un <strong>sol<\/strong> si no est\u00e1 a m\u00e1s de dos horas, cogemos carretera y manta.<\/p>\n<p>En cambio las largas, las que son de 10 d\u00edas o m\u00e1s, las que llevan un <strong>itinerario<\/strong> de por medio necesitan ser estudiadas.<\/p>\n<p>Tampoco hay que ser muy estricto con el tema, pero en nuestro caso, que a\u00fan somos noveles y vamos con ni\u00f1os debemos tener en cuenta algunos aspectos:<\/p>\n<p>A nivel de <strong>pernoctas<\/strong>, que sean sitios seguros, homologados, autorizados, ll\u00e1malo como quieras, pero con ni\u00f1os peque\u00f1os no podemos arriesgarnos a ir sin llevar localizados unos cuantos sitios. A trav\u00e9s de <strong>foros<\/strong>, compa\u00f1eros, otras experiencias, mapas, apps, <strong>gu\u00edas<\/strong> etc. logramos que pasemos <strong>noches tranquilas<\/strong>. Por suerte no nos ha pasado nunca nada. Pero siempre que se pueda, intentamos llegar a los sitios de pernocta de d\u00eda, damos una vuelta, echamos un vistazo a la zona y usamos el <strong>sentido com\u00fan<\/strong>.<\/p>\n<p><a href=\"\/bidaion-propuesta-viajes\/wp-content\/uploads\/sites\/84\/2016\/03\/mapas.jpg\"><img loading=\"lazy\" class=\"alignleft size-medium wp-image-48\" title=\"mapas\" src=\"\/bidaion-propuesta-viajes\/wp-content\/uploads\/sites\/84\/2016\/03\/mapas.jpg\" alt=\"lio de mapas \" width=\"300\" height=\"168\" srcset=\"https:\/\/static-blogs.diariovasco.com\/wp-content\/uploads\/sites\/84\/2016\/03\/mapas.jpg 1000w, https:\/\/static-blogs.diariovasco.com\/wp-content\/uploads\/sites\/84\/2016\/03\/mapas-300x168.jpg 300w, https:\/\/static-blogs.diariovasco.com\/wp-content\/uploads\/sites\/84\/2016\/03\/mapas-768x431.jpg 768w\" sizes=\"(max-width: 300px) 100vw, 300px\" \/><\/a>\u00a0Cuando pensamos en el itinerario, procuramos que no sea muchos kil\u00f3metros, aunque bien \u00a0es cierto que nuestros ni\u00f1os son <strong>expertos viajeros<\/strong> y no dan mucha guerra y a veces, incluso \u00a0se duermen. En ese caso, avanzamos un poco m\u00e1s. Pero por suerte al llevar la casa a \u00a0cuestas, si entra el hambre, paramos, preparamos, comemos, fregamos y seguimos.<\/p>\n<p>Cuando organizamos un viaje pensamos en todos los p\u00fablicos, es decir, que haya diversi\u00f3n \u00a0para todos los integrantes del viaje, aunque si os soy sincera, sobre todo pensamos en \u00a0&#8220;ellos&#8221;. Diversi\u00f3n, parque tem\u00e1ticos, parques acu\u00e1ticos, piscinas, paseos en bici, etc.<\/p>\n<p>Otro aspecto que solemos tener en cuenta es el<strong> turismo gastron\u00f3mico<\/strong>, este m\u00e1s enfocado a los adultos, pero ellos tambi\u00e9n participan de este festival gastron\u00f3mico, nos gusta probar cosas nuevas o cosas locales, por lo que tambi\u00e9n llevamos apuntados algunos sitios t\u00edpicos donde comer, aunque la verdad, ahora con la tecnolog\u00eda en la palma de la mano, se puede dejar todo un poco menos preparado.<\/p>\n<p>Dependiendo del destino, la semana antes de salir me meto en la <strong>cocina<\/strong> y preparo unos cuantos <strong>tuppers con comida casera<\/strong>, para que luego sea calentar y comer. De esa manera no perdemos tiempo en comprar y cocinar. Al llevar frigo grande en la autoca, nos caben bastantes cosas. As\u00ed que nuestro carnicero ya sabe cuando salimos de vacaciones largas. Por supuesto que dejamos algo para gastar en los lugares a los que vamos. Pero cuando vas a pa\u00edses como <strong>Suiza<\/strong>, en el que un caf\u00e9 te cuesta m\u00e1s de 6\u20ac, os imaginar\u00e9is el por qu\u00e9 de llevar comida casera.<\/p>\n<p>Por supuesto no nos olvidamos de las <strong>bicis<\/strong>, los ba\u00f1adores y los juegos de exterior, esos siempre van en el garaje junto con mesas y sillas y barbacoa. Porque de vez en cuando paramos en campings, y <strong>hacemos vida de camping.<\/strong><\/p>\n<p>\u00bfQu\u00e9 recomendaci\u00f3n echas en falta? \u00bfC\u00f3mo planificas tus salidas en autocaravana?<\/p>\n<p>&nbsp;<\/p>\n<p>&nbsp;<\/p>\n<p>&nbsp;<\/p>\n<p>&nbsp;<\/p>\n<!-- AddThis Advanced Settings generic via filter on the_content --><!-- AddThis Share Buttons generic via filter on the_content -->","protected":false},"excerpt":{"rendered":"<p>Muchos de mis lectores sois expertos &#8220;ruteros&#8221; y seguro que ofrec\u00e9is mejores consejos que estos. Pero imagino que tambi\u00e9n habr\u00e1 gente que est\u00e9 pensando qu\u00e9 l\u00edo eso de la autocaravana, qu\u00e9 hay que tener en cuenta, c\u00f3mo se preparan los viajes, etc. Pues para todos vosotros, os cuento c\u00f3mo organizamos nosotros las salidas largas. Las [&hellip;]<!-- AddThis Advanced Settings generic via filter on get_the_excerpt --><!-- AddThis Share Buttons generic via filter on get_the_excerpt --><\/p>\n","protected":false},"author":116,"featured_media":0,"comment_status":"open","ping_status":"closed","sticky":false,"template":"","format":"standard","meta":[],"categories":[11],"tags":[16,19,31,42],"_links":{"self":[{"href":"https:\/\/blogs.diariovasco.com\/bidaion-propuesta-viajes\/wp-json\/wp\/v2\/posts\/46"}],"collection":[{"href":"https:\/\/blogs.diariovasco.com\/bidaion-propuesta-viajes\/wp-json\/wp\/v2\/posts"}],"about":[{"href":"https:\/\/blogs.diariovasco.com\/bidaion-propuesta-viajes\/wp-json\/wp\/v2\/types\/post"}],"author":[{"embeddable":true,"href":"https:\/\/blogs.diariovasco.com\/bidaion-propuesta-viajes\/wp-json\/wp\/v2\/users\/116"}],"replies":[{"embeddable":true,"href":"https:\/\/blogs.diariovasco.com\/bidaion-propuesta-viajes\/wp-json\/wp\/v2\/comments?post=46"}],"version-history":[{"count":0,"href":"https:\/\/blogs.diariovasco.com\/bidaion-propuesta-viajes\/wp-json\/wp\/v2\/posts\/46\/revisions"}],"wp:attachment":[{"href":"https:\/\/blogs.diariovasco.com\/bidaion-propuesta-viajes\/wp-json\/wp\/v2\/media?parent=46"}],"wp:term":[{"taxonomy":"category","embeddable":true,"href":"https:\/\/blogs.diariovasco.com\/bidaion-propuesta-viajes\/wp-json\/wp\/v2\/categories?post=46"},{"taxonomy":"post_tag","embeddable":true,"href":"https:\/\/blogs.diariovasco.com\/bidaion-propuesta-viajes\/wp-json\/wp\/v2\/tags?post=46"}],"curies":[{"name":"wp","href":"https:\/\/api.w.org\/{rel}","templated":true}]}}