{"id":465,"date":"2019-03-29T15:50:38","date_gmt":"2019-03-29T14:50:38","guid":{"rendered":"https:\/\/blogs.diariovasco.com\/bidaion-propuesta-viajes\/?p=465"},"modified":"2019-03-22T17:49:02","modified_gmt":"2019-03-22T16:49:02","slug":"valencia-esta-que-arde","status":"publish","type":"post","link":"https:\/\/blogs.diariovasco.com\/bidaion-propuesta-viajes\/2019\/03\/29\/valencia-esta-que-arde\/","title":{"rendered":"\u00a1Valencia est\u00e1 que arde!"},"content":{"rendered":"<p>Queridos Lectores,<\/p>\n<p>Tengo la sensaci\u00f3n de haberos fallado, de haberos abandonado en la cuneta. No quiero que pens\u00e9is que me he olvidado de vosotros, o de que no quiero compartir mis viajes con vosotros, simplemente es que no hay viajes.<\/p>\n<p>Lo s\u00e9, queda raro en un blog sobre viajes, pero sab\u00e9is que no me gusta mucho tirar de hemeroteca ni escribir sobre viajes que no haya realizado, me gusta daros la opini\u00f3n de los lugares que visitamos, y sinceramente por una cosa o por otra, no ha sido un oto\u00f1o\/invierno muy viajero. Espero que podamos retomar la &#8220;rutina&#8221; viajera cuanto antes, y no viajar solo en las fechas largas como semana santa o verano.<\/p>\n<p style=\"text-align: center;\">A partir de este p\u00e1rrafo introductorio, quiero recomendaros algunos lugares de pernocta de nuestro \u00faltimo viaje: <strong>Valencia en Fallas.\u00a0<\/strong><\/p>\n<p>Puede parecer que Valencia en fallas es una locura para acercarte con tu autocaravana, y en efecto lo es, sin embargo hay opciones para evitar las aglomeraciones o por lo menos minimizarlas. He de reconocer que fuimos sin reserva pensando que ya encontrar\u00edamos alg\u00fan sitio donde pernoctar, aunque en muchos foros y grupos especializados hablaban de los presuntos robos que se realizan en Valencia capital y la peligrosidad de dormir en los alrededores de la ciudad de las artes y las ciencias. Aun as\u00ed nos arriesgamos a ir sin reserva en ning\u00fan \u00e1rea ni camping cercano a la capital. y claro, pas\u00f3 lo que ten\u00eda que pasar, apenas hab\u00eda sitio en ning\u00fan &#8220;recinto oficial&#8221;, menos mal que el \u00e1rea La Marina ten\u00eda disponible un par de huecos en la hora en la que llegamos. Avisados de que en fallas el precio se multiplicaba, de 11\u20ac pasaba a ser 25\u20ac. (lo s\u00e9, muchos de vosotros no pag\u00e1is eso ni locos) Nosotros entramos aunque sea para la primera noche ya que al no conocer la zona, el ambiente, no nos quer\u00edamos arriesgar a pasar una mala noche con los ni\u00f1os.<\/p>\n<p>De las cuatro noches que nos \u00edbamos a quedar, se quedaron en dos, por la siguiente raz\u00f3n, vimos numerosos compa\u00f1eros aparcados fuera del \u00e1rea, delante mismo de los campings, as\u00ed como en los diferentes parkings habilitados en verano para ir a las playas del Saler. Nos pareci\u00f3 que hac\u00edamos el primo, pagar 25\u20ac por &#8220;guardar&#8221; la autocaravana, teniendo en cuenta que pasas todo el d\u00eda y practicamente no aprovechas el \u00e1rea para nada. As\u00ed que el segundo d\u00eda lo aprovechamos como un camping, ten\u00edamos parcela en lugar de aparcamiento, y nos quedamos a hacer barbacoa y a aprovechar el solecito.<\/p>\n<p>La zona del Saler invita a coger la bici y recorrer sus caminitos sin niguna prisa. Caminitos que te llevan hasta El Palmar. nosotros decidimos comer en uno, El Nou Raco, en el que adem\u00e1s puedes aprovechar para coger una barca t\u00edpica y &#8220;navegar&#8221; por el humedal. Altamente recomendable la experiencia, las paellas y los jardines.<\/p>\n<p>Por supuesto el paseo en bici puede ser todo lo largo que quieras. Apto para ir con los ni\u00f1os, aunque hya un peque\u00f1o tramo que hay que ir por la carretera.<\/p>\n<p>Si en lugar de a la derecha, tiras par ala izquierda, llegar\u00edas hasta Valencia capital, a la zona del Centro Comercial El Saler, que parece ser que es la zona de la que hablaban en foros. Esta debe ser el lugar en el que alguna vez ocurren robos, pero no puedo asegurarlo puesto que nosotros llegamos y nos fuimos en la l\u00ednea 25 del autob\u00fas.<\/p>\n<!-- AddThis Advanced Settings generic via filter on the_content --><!-- AddThis Share Buttons generic via filter on the_content -->","protected":false},"excerpt":{"rendered":"<p>Queridos Lectores, Tengo la sensaci\u00f3n de haberos fallado, de haberos abandonado en la cuneta. No quiero que pens\u00e9is que me he olvidado de vosotros, o de que no quiero compartir mis viajes con vosotros, simplemente es que no hay viajes. Lo s\u00e9, queda raro en un blog sobre viajes, pero sab\u00e9is que no me gusta [&hellip;]<!-- AddThis Advanced Settings generic via filter on get_the_excerpt --><!-- AddThis Share Buttons generic via filter on get_the_excerpt --><\/p>\n","protected":false},"author":116,"featured_media":0,"comment_status":"open","ping_status":"closed","sticky":false,"template":"","format":"standard","meta":[],"categories":[10],"tags":[16,63,29],"_links":{"self":[{"href":"https:\/\/blogs.diariovasco.com\/bidaion-propuesta-viajes\/wp-json\/wp\/v2\/posts\/465"}],"collection":[{"href":"https:\/\/blogs.diariovasco.com\/bidaion-propuesta-viajes\/wp-json\/wp\/v2\/posts"}],"about":[{"href":"https:\/\/blogs.diariovasco.com\/bidaion-propuesta-viajes\/wp-json\/wp\/v2\/types\/post"}],"author":[{"embeddable":true,"href":"https:\/\/blogs.diariovasco.com\/bidaion-propuesta-viajes\/wp-json\/wp\/v2\/users\/116"}],"replies":[{"embeddable":true,"href":"https:\/\/blogs.diariovasco.com\/bidaion-propuesta-viajes\/wp-json\/wp\/v2\/comments?post=465"}],"version-history":[{"count":1,"href":"https:\/\/blogs.diariovasco.com\/bidaion-propuesta-viajes\/wp-json\/wp\/v2\/posts\/465\/revisions"}],"predecessor-version":[{"id":466,"href":"https:\/\/blogs.diariovasco.com\/bidaion-propuesta-viajes\/wp-json\/wp\/v2\/posts\/465\/revisions\/466"}],"wp:attachment":[{"href":"https:\/\/blogs.diariovasco.com\/bidaion-propuesta-viajes\/wp-json\/wp\/v2\/media?parent=465"}],"wp:term":[{"taxonomy":"category","embeddable":true,"href":"https:\/\/blogs.diariovasco.com\/bidaion-propuesta-viajes\/wp-json\/wp\/v2\/categories?post=465"},{"taxonomy":"post_tag","embeddable":true,"href":"https:\/\/blogs.diariovasco.com\/bidaion-propuesta-viajes\/wp-json\/wp\/v2\/tags?post=465"}],"curies":[{"name":"wp","href":"https:\/\/api.w.org\/{rel}","templated":true}]}}