{"id":553,"date":"2020-02-28T09:30:13","date_gmt":"2020-02-28T08:30:13","guid":{"rendered":"https:\/\/blogs.diariovasco.com\/bidaion-propuesta-viajes\/?p=553"},"modified":"2020-02-26T11:33:25","modified_gmt":"2020-02-26T10:33:25","slug":"pirineos-autocaravana","status":"publish","type":"post","link":"https:\/\/blogs.diariovasco.com\/bidaion-propuesta-viajes\/2020\/02\/28\/pirineos-autocaravana\/","title":{"rendered":"A este y al otro lado de los Pirineos"},"content":{"rendered":"<p>Tener autocaravana significa <strong>tener casa en cualquier parte<\/strong>. Ya sea verano o invierno. Ya sea para vacaciones largas o dos d\u00edas de desconexi\u00f3n. Y qu\u00e9 bien nos viene tener casa en cualquier sitio. De esta manera podemos aprovechar la autocaravana durante todo el a\u00f1o y movernos dependiendo de la climatolog\u00eda.<\/p>\n<p>El fin de semana de carnaval quisimos aprovechar que ten\u00edamos el lunes festivo en la escuela para estirar la temporada de esqu\u00ed. La pena que el <strong>cambio clim\u00e1tico<\/strong> est\u00e1 haciendo de las suyas y en pleno febrero la nieve est\u00e1 como en Semana Santa (donde hay nieve).<\/p>\n<p>La semana anterior fuimos a la zona de <strong>Luz Ardiden<\/strong>, donde hay una zona del parking reservada para las autocaravanas. No hay ning\u00fan servicio pero si subes el puerto de noche te aseguras amanecer all\u00ed y desayunar tranquilamente en casa para ser el primero en la cola. Cosa que casi nunca nos pasa porque nos gusta tomarnos el desayuno con calma. Total, estamos ah\u00ed mismo.<\/p>\n<p>Como la nieve en Luz no era espectacular fuimos al siguiente valle, <strong>Bareges La Mongie<\/strong>. Tampoco tiene \u00e1rea pero s\u00ed parking acotado. Fue desolador llegar a la estaci\u00f3n y ver los caminos llenos de hojas y hierba fresca donde el a\u00f1o pasado lo cubr\u00eda la nieve. Aun as\u00ed el peque\u00f1o se fue con su aita a esquiar unas bajadas. Mientras nosotros pase\u00e1bamos con perrito por zonas que normalmente sirven de pistas de esqu\u00ed. Lo bueno de esta estaci\u00f3n es que no tiene puerto, se accede directamente desde el pueblo sin curvas peligrosas.<\/p>\n<p><img loading=\"lazy\" class=\"aligncenter wp-image-554 size-large\" src=\"https:\/\/static-blogs.diariovasco.com\/wp-content\/uploads\/sites\/84\/2020\/02\/ainsa-bidaion-1-628x425.jpg\" alt=\"pirineos en autocaravana bidaiOn\" width=\"628\" height=\"425\" srcset=\"https:\/\/static-blogs.diariovasco.com\/wp-content\/uploads\/sites\/84\/2020\/02\/ainsa-bidaion-1-628x425.jpg 628w, https:\/\/static-blogs.diariovasco.com\/wp-content\/uploads\/sites\/84\/2020\/02\/ainsa-bidaion-1-300x203.jpg 300w, https:\/\/static-blogs.diariovasco.com\/wp-content\/uploads\/sites\/84\/2020\/02\/ainsa-bidaion-1.jpg 647w\" sizes=\"(max-width: 628px) 100vw, 628px\" \/><\/p>\n<p>Para evitar tanta ausencia de nieve, decidimos subir un poco m\u00e1s arriba, y fuimos hasta <a href=\"https:\/\/blogs.diariovasco.com\/bidaion-propuesta-viajes\/2017\/02\/09\/la-piojita-en-la-nieve\/\" target=\"_blank\" rel=\"noopener\">Piau Engaly<\/a>. Ya conocemos esta estaci\u00f3n, de las m\u00e1s altas del Pirineo franc\u00e9s. Adem\u00e1s con un \u00e1rea para autocaravanas con electricidad, wifi y llenado y vaciado. No os exagero si os digo que hab\u00eda m\u00e1s de cien veh\u00edculos. Es un \u00e1rea muy c\u00f3moda puesto que se puede llegar incluso esquiando. Pero claro, tiene que haber nieve. Nos quedamos dos noches y el domingo despu\u00e9s de comer decidimos conocer el otro lado. Para ello cruzamos el <strong>t\u00fanel de Bielsa<\/strong>. Un t\u00fanel estrechito en el que no se puede adelantar y que hay que esperar tu turno para acceder. <strong>Jaca<\/strong> ya lo conocemos de cu\u00e1ndo \u00e9ramos mucho m\u00e1s j\u00f3venes, y buscamos en la <a href=\"https:\/\/www.areasac.es\/ainsa\/huesca\/ainsa_4076_1_ap.html\" target=\"_blank\" rel=\"noopener\">gu\u00eda de AC<\/a> si hab\u00eda otro \u00e1rea por la zona. Qu\u00e9 descubrimiento el de <strong>Ainsa<\/strong>.<\/p>\n<p><img loading=\"lazy\" class=\"aligncenter wp-image-555 size-large\" src=\"https:\/\/static-blogs.diariovasco.com\/wp-content\/uploads\/sites\/84\/2020\/02\/ainsa-bidaion-2-628x429.jpg\" alt=\"pirineos en autocaravana bidaiOn\" width=\"628\" height=\"429\" srcset=\"https:\/\/static-blogs.diariovasco.com\/wp-content\/uploads\/sites\/84\/2020\/02\/ainsa-bidaion-2-628x429.jpg 628w, https:\/\/static-blogs.diariovasco.com\/wp-content\/uploads\/sites\/84\/2020\/02\/ainsa-bidaion-2-300x205.jpg 300w, https:\/\/static-blogs.diariovasco.com\/wp-content\/uploads\/sites\/84\/2020\/02\/ainsa-bidaion-2.jpg 649w\" sizes=\"(max-width: 628px) 100vw, 628px\" \/><\/p>\n<p>Un \u00e1rea junto al casco hist\u00f3rico (lo que veis detr\u00e1s de los \u00e1rboles es el \u00e1rea), en plena naturaleza, con servicios de llenado y vaciado por 1\u20ac y 3\u20ac de parqu\u00edmetro el d\u00eda. No se pueden sacar elementos de acampada pero la verdad es que casi invita a ello por lo id\u00edlico del paisaje.<\/p>\n<p><img loading=\"lazy\" class=\"alignleft size-medium wp-image-556\" src=\"https:\/\/static-blogs.diariovasco.com\/wp-content\/uploads\/sites\/84\/2020\/02\/ainsa-bidaion-3-243x300.jpg\" alt=\"pirineos en autocaravana bidaiOn\" width=\"243\" height=\"300\" srcset=\"https:\/\/static-blogs.diariovasco.com\/wp-content\/uploads\/sites\/84\/2020\/02\/ainsa-bidaion-3-243x300.jpg 243w, https:\/\/static-blogs.diariovasco.com\/wp-content\/uploads\/sites\/84\/2020\/02\/ainsa-bidaion-3.jpg 489w\" sizes=\"(max-width: 243px) 100vw, 243px\" \/>Adem\u00e1s est\u00e1 junto al pueblo amurallado. Y forma parte de los pueblos m\u00e1s bonitos de Espa\u00f1a. Y no me extra\u00f1a. Calles empedradas, plaza mayor porticada, rom\u00e1nico en muchas fachadas, casas blasonadas. Y vistas a los Pirineos. Para agradecer su hospitalidad cenamos la noche del domingo de carnaval en una pizzeria. Muy rica.<\/p>\n<p>La zona da pie a numerosas <a href=\"https:\/\/villadeainsa.com\/rutas-de-senderismo\/\" target=\"_blank\" rel=\"noopener\">rutas en bicicleta<\/a>, o recorridos por la monta\u00f1a. No descartamos una segunda visita para aprovechar las numerosas rutas se\u00f1alizadas que hay.<\/p>\n<p>El lunes despu\u00e9s de pasear al sol pusimos rumbo a casa y comprobamos que la carretera es un poquito mala desde ah\u00ed hasta <strong>Bolta\u00f1a<\/strong> pero luego hay bastantes tramos de autov\u00eda que siguen construyendo cerca del <strong>embalse de Yesa<\/strong>. Cu\u00e1ntos a\u00f1os m\u00e1s tardar\u00e1n en terminarla?!?!<\/p>\n<p>Maravilloso fin de semana y quiz\u00e1 \u00faltimo de la temporada de esqu\u00ed?<\/p>\n<p>&nbsp;<\/p>\n<p>&nbsp;<\/p>\n<!-- AddThis Advanced Settings generic via filter on the_content --><!-- AddThis Share Buttons generic via filter on the_content -->","protected":false},"excerpt":{"rendered":"<p>Tener autocaravana significa tener casa en cualquier parte. Ya sea verano o invierno. Ya sea para vacaciones largas o dos d\u00edas de desconexi\u00f3n. Y qu\u00e9 bien nos viene tener casa en cualquier sitio. De esta manera podemos aprovechar la autocaravana durante todo el a\u00f1o y movernos dependiendo de la climatolog\u00eda. El fin de semana de [&hellip;]<!-- AddThis Advanced Settings generic via filter on get_the_excerpt --><!-- AddThis Share Buttons generic via filter on get_the_excerpt --><\/p>\n","protected":false},"author":116,"featured_media":0,"comment_status":"open","ping_status":"closed","sticky":false,"template":"","format":"standard","meta":[],"categories":[61,8],"tags":[34,36,60],"_links":{"self":[{"href":"https:\/\/blogs.diariovasco.com\/bidaion-propuesta-viajes\/wp-json\/wp\/v2\/posts\/553"}],"collection":[{"href":"https:\/\/blogs.diariovasco.com\/bidaion-propuesta-viajes\/wp-json\/wp\/v2\/posts"}],"about":[{"href":"https:\/\/blogs.diariovasco.com\/bidaion-propuesta-viajes\/wp-json\/wp\/v2\/types\/post"}],"author":[{"embeddable":true,"href":"https:\/\/blogs.diariovasco.com\/bidaion-propuesta-viajes\/wp-json\/wp\/v2\/users\/116"}],"replies":[{"embeddable":true,"href":"https:\/\/blogs.diariovasco.com\/bidaion-propuesta-viajes\/wp-json\/wp\/v2\/comments?post=553"}],"version-history":[{"count":3,"href":"https:\/\/blogs.diariovasco.com\/bidaion-propuesta-viajes\/wp-json\/wp\/v2\/posts\/553\/revisions"}],"predecessor-version":[{"id":559,"href":"https:\/\/blogs.diariovasco.com\/bidaion-propuesta-viajes\/wp-json\/wp\/v2\/posts\/553\/revisions\/559"}],"wp:attachment":[{"href":"https:\/\/blogs.diariovasco.com\/bidaion-propuesta-viajes\/wp-json\/wp\/v2\/media?parent=553"}],"wp:term":[{"taxonomy":"category","embeddable":true,"href":"https:\/\/blogs.diariovasco.com\/bidaion-propuesta-viajes\/wp-json\/wp\/v2\/categories?post=553"},{"taxonomy":"post_tag","embeddable":true,"href":"https:\/\/blogs.diariovasco.com\/bidaion-propuesta-viajes\/wp-json\/wp\/v2\/tags?post=553"}],"curies":[{"name":"wp","href":"https:\/\/api.w.org\/{rel}","templated":true}]}}