{"id":590,"date":"2021-04-09T17:31:38","date_gmt":"2021-04-09T15:31:38","guid":{"rendered":"https:\/\/blogs.diariovasco.com\/bidaion-propuesta-viajes\/?p=590"},"modified":"2021-03-30T17:34:13","modified_gmt":"2021-03-30T15:34:13","slug":"rioja-alavesa-en-bici","status":"publish","type":"post","link":"https:\/\/blogs.diariovasco.com\/bidaion-propuesta-viajes\/2021\/04\/09\/rioja-alavesa-en-bici\/","title":{"rendered":"Rioja Alavesa en bici"},"content":{"rendered":"<h3>No te olvides la bici esta primavera. Ni tampoco las botes de monte.<\/h3>\n<p>Los que m\u00e1s saben de Rioja Alavesa y de <strong>\u00c1lava<\/strong> en general, son mis amigos de <a href=\"https:\/\/www.tierrasinsolitas.com\/que-ver-en-alava-pais-vasco\/\" target=\"_blank\" rel=\"noopener\">Tierras Ins\u00f3litas<\/a>. Pero como la pandemia nos ha reducido nuestros viajes a la Comunidad de cada uno, hemos tenido que tirar de antiguas gu\u00edas y sitios m\u00e1s cercanos.<\/p>\n<p>El primer fin de semana que nos dejaron movernos m\u00e1s all\u00e1 del l\u00edmite perimetral de nuestra ciudad, cogimos la autocaravana para irnos cerca, tan cerca que a los ni\u00f1os no les dio tiempo de casi de encender la tablet. (he dicho casi, eh). Fuimos a los pies del Txindoki. La monta\u00f1a gipuzkoana por excelencia. La monta\u00f1a a la que hay que subir al menos una vez en la vida. La monta\u00f1a que unos dicen que pertenece a Tolosa, otros a Ordizia, otros a Beasain&#8230;. La monta\u00f1a de todos, porque desde su tontorra (cumbre) se ve toda Gipuzkoa, en d\u00edas claros puedes ver hasta Donostia.<\/p>\n<p><strong>Txindoki<\/strong> pertenece a la cadena monta\u00f1osa de Aralar, por eso tambi\u00e9n se ve parte de tierras navarras desde su cumbre. Nosotros accedimos por el lado menos dif\u00edcil, aparcamos la autocaravana en las<strong> campas de Larraitz<\/strong> y empezamos la ascensi\u00f3n. S\u00f3lo hay una fuente, asi que es muy recomendable llevar agua en abundancia y alg\u00fan piscolabis. No es como en Ernio que hay una Benta, aqui solo monta\u00f1a. Est\u00e1 totalmente se\u00f1alizado adem\u00e1s de que el camino est\u00e1 hecho. A\u00fan as\u00ed no est\u00e1 de m\u00e1s ense\u00f1ar a los ni\u00f1os un poquito de lenguaje monta\u00f1\u00e9s y que busquen la siguiente se\u00f1al pintada en un \u00e1rbol o en una roca.<\/p>\n<p><img loading=\"lazy\" class=\"alignleft size-medium wp-image-591\" src=\"https:\/\/static-blogs.diariovasco.com\/wp-content\/uploads\/sites\/84\/2021\/03\/txindoki-239x300.jpg\" alt=\"txindoki en autocaravana\" width=\"239\" height=\"300\" srcset=\"https:\/\/static-blogs.diariovasco.com\/wp-content\/uploads\/sites\/84\/2021\/03\/txindoki-239x300.jpg 239w, https:\/\/static-blogs.diariovasco.com\/wp-content\/uploads\/sites\/84\/2021\/03\/txindoki-768x965.jpg 768w, https:\/\/static-blogs.diariovasco.com\/wp-content\/uploads\/sites\/84\/2021\/03\/txindoki-500x628.jpg 500w, https:\/\/static-blogs.diariovasco.com\/wp-content\/uploads\/sites\/84\/2021\/03\/txindoki.jpg 834w\" sizes=\"(max-width: 239px) 100vw, 239px\" \/><\/p>\n<p>Pero como esto no es un blog de monta\u00f1a sino de autocaravanismo, os cuento la maravillosa experiencia de dormir mecidos por el susurro de Mari. En Larraitz existen dos parkings, uno junto a las mesas y juegos infantiles (ojo con la curva cerrada) y otro en la zona donde aparcan autobuses, junto a la carretera. No tiene servicios de ning\u00fan tipo, pero para un fin de semana no necesitas m\u00e1s. <strong>(N 43\u00b02\u20196.3564\u201d W -2\u00b05\u201947.688\u201d)\u00a0<\/strong>es un parque natural asi que trat\u00e9moslo como se merece.<\/p>\n<p>Desde aqu\u00ed sale tambi\u00e9n un caminito hasta <strong>Amezketa<\/strong> andando que se hace muy f\u00e1cil. Si no quisi\u00e9rais cocinar, tambi\u00e9n hay un par de restaurantes, e incluso unas tirolinas para los ni\u00f1os, pero en \u00e9poca pandemia est\u00e1n cerradas.<\/p>\n<p>No me olvido que el t\u00edtulo del post era Rioja Alavesa en bici. Ya voy.<\/p>\n<p>Al siguiente fin de semana que nos dejaron viajar, fuimos un poquito m\u00e1s all\u00e1, a LaGuardia y ElCiego. Dos poblaciones cercanas y parecidas, cada una con su bodega especial, Ysios y Marqu\u00e9s de Riscal respectivamente. Pero esta vez no \u00edbamos a ir de bodegas, sino de vi\u00f1edos. Y es que hay v\u00edas verdes preciosas y muy accesibles para hacer toda la familia.<\/p>\n<p><img loading=\"lazy\" class=\"aligncenter wp-image-592 \" src=\"https:\/\/static-blogs.diariovasco.com\/wp-content\/uploads\/sites\/84\/2021\/03\/bidaion-rioja-alavesa-2-628x471.jpg\" alt=\"rioja alavesa en bici y autocaravana\" width=\"620\" height=\"465\" srcset=\"https:\/\/static-blogs.diariovasco.com\/wp-content\/uploads\/sites\/84\/2021\/03\/bidaion-rioja-alavesa-2-628x471.jpg 628w, https:\/\/static-blogs.diariovasco.com\/wp-content\/uploads\/sites\/84\/2021\/03\/bidaion-rioja-alavesa-2-300x225.jpg 300w, https:\/\/static-blogs.diariovasco.com\/wp-content\/uploads\/sites\/84\/2021\/03\/bidaion-rioja-alavesa-2-768x576.jpg 768w\" sizes=\"(max-width: 620px) 100vw, 620px\" \/><\/p>\n<p>&nbsp;<\/p>\n<p>Desde ElCiego (\u00e1rea gratuita) la ruta pasa por los vi\u00f1edos propiedad de <strong>Vi\u00f1a Salceda<\/strong> y hay dos rutas circulares que forman parte de una m\u00e1s grande con la que llegar hasta Logro\u00f1o . Nosotros hicimos la que va hasta el r\u00edo Ebro, muy bien se\u00f1alizada. Con algunas partes asfaltadas, pero la mayor\u00eda pedregosa. Tuvimos la suerte adem\u00e1s de ir a finales de marzo, por lo que a\u00fan no estaban los \u00e1rboles llenos de hojas, y pudimos ver algunos nidos. El colof\u00f3n puede ser llegar hasta el \u00e1rea recreativa <strong>La Poveda<\/strong> e incluso comer all\u00ed en las mesas. A la vuelta pod\u00e9is hacer la paradita en la ermita de San Vicente.<\/p>\n<p>En Laguardia no hay \u00e1rea como tal, pero pod\u00e9is pernoctar en el parking del campo de futbol que adem\u00e1s os pilla genial para ir a visitar las Lagunas del Ebro.<\/p>\n<p>Desde este parking adem\u00e1s ten\u00e9is un acceso en ascensor al pueblo por la parte de atr\u00e1s.<\/p>\n<p>El recorrido en bici por las lagunas es precioso, muy suave, e ideal para avistar aves migratorias. Hasta vimos un par de caballos con sus jinetes paseando por los vi\u00f1edos. Os recomiendo totalmente. Y para recuperar fuerzas, acabamos la jornada en un estupendo <a href=\"https:\/\/www.lahuertavieja.com\/\" target=\"_blank\" rel=\"noopener\">restaurante<\/a> con precios competitivos y platos deliciosos, adem\u00e1s de un ampl\u00edsimo parking ideal para nuestra casita con ruedas.<\/p>\n<p>Esperemos que os haya servido de inspiraci\u00f3n para pr\u00f3ximas salidas por nuestro territorio, siempre con mucha precauci\u00f3n y utilizando a m\u00e1s no poder la <a href=\"https:\/\/blogs.diariovasco.com\/bidaion-propuesta-viajes\/2021\/03\/30\/la-app-definitiva-para-tus-viajes-en-autocaravana\/\" target=\"_blank\" rel=\"noopener\">App<\/a> que os coment\u00e9 en la anterior entrada al blog.<\/p>\n<p>Ahora m\u00e1s que nunca, Bidai On izan!<\/p>\n<p>&nbsp;<\/p>\n<p>&nbsp;<\/p>\n<!-- AddThis Advanced Settings generic via filter on the_content --><!-- AddThis Share Buttons generic via filter on the_content -->","protected":false},"excerpt":{"rendered":"<p>No te olvides la bici esta primavera. Ni tampoco las botes de monte. Los que m\u00e1s saben de Rioja Alavesa y de \u00c1lava en general, son mis amigos de Tierras Ins\u00f3litas. Pero como la pandemia nos ha reducido nuestros viajes a la Comunidad de cada uno, hemos tenido que tirar de antiguas gu\u00edas y sitios [&hellip;]<!-- AddThis Advanced Settings generic via filter on get_the_excerpt --><!-- AddThis Share Buttons generic via filter on get_the_excerpt --><\/p>\n","protected":false},"author":116,"featured_media":0,"comment_status":"open","ping_status":"closed","sticky":false,"template":"","format":"standard","meta":[],"categories":[7],"tags":[16,34,60],"_links":{"self":[{"href":"https:\/\/blogs.diariovasco.com\/bidaion-propuesta-viajes\/wp-json\/wp\/v2\/posts\/590"}],"collection":[{"href":"https:\/\/blogs.diariovasco.com\/bidaion-propuesta-viajes\/wp-json\/wp\/v2\/posts"}],"about":[{"href":"https:\/\/blogs.diariovasco.com\/bidaion-propuesta-viajes\/wp-json\/wp\/v2\/types\/post"}],"author":[{"embeddable":true,"href":"https:\/\/blogs.diariovasco.com\/bidaion-propuesta-viajes\/wp-json\/wp\/v2\/users\/116"}],"replies":[{"embeddable":true,"href":"https:\/\/blogs.diariovasco.com\/bidaion-propuesta-viajes\/wp-json\/wp\/v2\/comments?post=590"}],"version-history":[{"count":1,"href":"https:\/\/blogs.diariovasco.com\/bidaion-propuesta-viajes\/wp-json\/wp\/v2\/posts\/590\/revisions"}],"predecessor-version":[{"id":593,"href":"https:\/\/blogs.diariovasco.com\/bidaion-propuesta-viajes\/wp-json\/wp\/v2\/posts\/590\/revisions\/593"}],"wp:attachment":[{"href":"https:\/\/blogs.diariovasco.com\/bidaion-propuesta-viajes\/wp-json\/wp\/v2\/media?parent=590"}],"wp:term":[{"taxonomy":"category","embeddable":true,"href":"https:\/\/blogs.diariovasco.com\/bidaion-propuesta-viajes\/wp-json\/wp\/v2\/categories?post=590"},{"taxonomy":"post_tag","embeddable":true,"href":"https:\/\/blogs.diariovasco.com\/bidaion-propuesta-viajes\/wp-json\/wp\/v2\/tags?post=590"}],"curies":[{"name":"wp","href":"https:\/\/api.w.org\/{rel}","templated":true}]}}