{"id":7,"date":"2016-01-27T00:00:53","date_gmt":"2016-01-26T23:00:53","guid":{"rendered":"http:\/\/blogs.diariovasco.com\/bidaion-propuesta-viajes\/?p=7"},"modified":"2016-01-27T00:00:53","modified_gmt":"2016-01-26T23:00:53","slug":"excursion-a-zugarramurdi","status":"publish","type":"post","link":"https:\/\/blogs.diariovasco.com\/bidaion-propuesta-viajes\/2016\/01\/27\/excursion-a-zugarramurdi\/","title":{"rendered":"Excursi\u00f3n a Zugarramurdi"},"content":{"rendered":"<p>Me incorporo a esta gran familia de bloggers de <strong>El Diario Vasco<\/strong> con la sana intenci\u00f3n de haceros llegar un mundo que a m\u00ed me apasiona y que espero poder transmitiros ese <strong>buen rollo<\/strong> que desprendemos los <strong>autocaravanistas<\/strong>. No, no somos esos tipos inc\u00edvicos que a veces vemos en campamentos ilegales o debajo de la variante en Urki. Tampoco somos esos <strong>guarros<\/strong> que sacan inapropiadamente sus l\u00edquidos en el \u00e1rea de Beriyo o de cualquier \u00e1rea urbana.<\/p>\n<p>El colectivo de autocaravanistas es una <strong>gran familia<\/strong> en la que todos nos ayudamos, colaboramos en dudas y preguntas sobre cu\u00e1l es la mejor autocaravana, qu\u00e9 posible <strong>fallo mec\u00e1nico<\/strong> puede tener el conducto del aire caliente, c\u00f3mo arreglar el WC port\u00e1til o con qu\u00e9 limpiar los dep\u00f3sitos de agua entre otras cosas. Tambi\u00e9n nos ayudamos y nos <strong>recomendamos<\/strong> sitios, y a esto sobre todo voy a dedicarme en estas l\u00edneas y en las futuras.<\/p>\n<p>A recomendar unas <strong>vacaciones diferentes<\/strong>. S\u00ed, lo s\u00e9, necesit\u00e1is un veh\u00edculo apropiado, a lo mejor no ten\u00e9is autocaravana, pero quiz\u00e1 ten\u00e9is caravana, o tienda de campa\u00f1a, o carro, o furgoneta, o <strong>camper<\/strong>, o nada. Pero os gusta<strong> la aventura de dormir aqu\u00ed y all\u00e1.<\/strong><\/p>\n<p>Desde que era peque\u00f1a y ve\u00eda a las autocaravanas en la carretera, y posteriormente en el camping al que iba con mis padres, siempre he querido tener una. Creo que la primera que tuve fue una de juguete y me fascin\u00f3, todo lo que cabe y lo bien guardadito que queda todo. Despu\u00e9s me junt\u00e9 con el que hoy es mi marido, y nos \u00edbamos de camping, con <strong>canadiense<\/strong> y todos los cachivaches que ello conlleva, y admir\u00e1bamos las caravanas y autocaravanas que ve\u00edamos a nuestro alrededor. Tuvimos una <strong>caravana<\/strong> chul\u00edsima y grand\u00edsima, y empezamos a viajar con ella hasta que tuvimos un percance muy grave . Tal vez fue gracias a ello que nos cambiamos a las cuatro ruedas\u00a0y empezamos a viajar. Nos tuvimos que <strong>adaptar<\/strong> un poquito a la forma de viajar pero ya estamos cogi\u00e9ndole la marcha.<\/p>\n<p>Sobre todo os contar\u00e9 viajes propios o recomendaciones para viajar de esta manera. Me consta por los grupos a los que pertenezco que en nuestro territorio hay mucho autocaravanista y \u201ccamperista\u201d. Con lo cual, espero disfrutar mucho con vosotros y vuestros comentarios, ya que como dice una amiga, <strong>en la carretera nos saludamos y en los blogs dejamos comentarios<\/strong>.<\/p>\n<p>Y para empezar con buen pie, os traigo una peque\u00f1a pero agradable excursi\u00f3n a las<strong> cuevas de Zugarramurdi.<\/strong><\/p>\n<p>Atenci\u00f3n al <strong>GPS<\/strong> porque a nosotros nos llev\u00f3 por un <strong>atajo<\/strong> en el que te encontrabas con un paso acotado por una valla que si te pasa como en nuestro caso, que hab\u00eda un coche mal aparcado no pasas, y tuvimos que dar la vuelta y coger el<strong> camino largo<\/strong>, que no result\u00f3 tan largo al fin y al cabo.<\/p>\n<p><strong>La zona no tiene campings ni \u00e1rea<\/strong>s, pero s\u00ed tiene un parking junto al <strong>front\u00f3n<\/strong>, nada m\u00e1s entrar al pueblo a mano izquierda, que aunque es el parking del restaurante, se utiliza para nosotros, para <strong>pernoctar<\/strong>. Cuando estuvimos, dormimos acompa\u00f1ados de unos 8 veh\u00edculos entre campers y AC.\u00a0 El restaurante, \u00e9ste y el resto de los del pueblo, ofrecen <strong>men\u00fas a buen precio<\/strong> para ser un sitio tan tur\u00edstico. Hay uno en concreto (Hostal Graxiana) que adem\u00e1s tiene jard\u00edn con mesas y a veces suele hacer en su exterior una especie de <strong>feria<\/strong> con productos locales, artesan\u00eda y alg\u00fan que otro animalito para exponer (zorro, b\u00faho, alguna rapaz m\u00e1s y un tigre que no s\u00e9 de d\u00f3nde lo sac\u00f3) y resulta agradable tanto para un aperitivo como para comprar alguna cosa. Pan, miel, queso de la zona\u2026<\/p>\n<p>En Zugarramurdi a\u00fan se da el caso de las ventas. <strong><em>Bentak<\/em><\/strong>. En un mismo establecimiento como es el bar, tienes tambi\u00e9n el mostrador de <a href=\"\/bidaion-propuesta-viajes\/wp-content\/uploads\/sites\/84\/2016\/01\/Zugarramurdi_ikuspegia.jpg\"><img loading=\"lazy\" class=\"alignright size-medium wp-image-8\" title=\"Zugarramurdi_ikuspegia\" src=\"\/bidaion-propuesta-viajes\/wp-content\/uploads\/sites\/84\/2016\/01\/Zugarramurdi_ikuspegia.jpg\" alt=\"imagen del pueblo de zugarramurdi\" width=\"300\" height=\"140\" srcset=\"https:\/\/static-blogs.diariovasco.com\/wp-content\/uploads\/sites\/84\/2016\/01\/Zugarramurdi_ikuspegia.jpg 1000w, https:\/\/static-blogs.diariovasco.com\/wp-content\/uploads\/sites\/84\/2016\/01\/Zugarramurdi_ikuspegia-300x140.jpg 300w, https:\/\/static-blogs.diariovasco.com\/wp-content\/uploads\/sites\/84\/2016\/01\/Zugarramurdi_ikuspegia-768x359.jpg 768w\" sizes=\"(max-width: 300px) 100vw, 300px\" \/><\/a>carnicer\u00eda, <strong>ultramarinos<\/strong>, y art\u00edculos de recuerdo. Son cosas que nuestros ni\u00f1os ya no est\u00e1n acostumbrados a ver y les choca.<\/p>\n<p>Por supuesto, lo m\u00e1s t\u00edpico de visitar aqu\u00ed, son <strong>las cuevas y su museo de las brujas<\/strong>. Recomendable por ejemplo\u00a0 para conocer la mitolog\u00eda vasca. Pero tambi\u00e9n para admirar sus casas se\u00f1oriales y sus paseos por los caminos que rodean las cuevas.<\/p>\n<p>Es una bonita excursi\u00f3n para hacer en fin de semana. Adem\u00e1s son carreteras entre pueblos para admirar el <strong>paisaje<\/strong> desde nuestra casa con ruedas. Por supuesto, all\u00e1 donde vamos y <strong>compramos<\/strong>, decimos que vamos en autocaravana, porque queremos contribuir a mejorar la imagen y dar a conocer nuestra manera de viajar.\u00a0 Que sepan los habitantes del lugar al que vamos, que somos gente <strong>respetuosa<\/strong>, que cuidamos el entorno y compramos y <strong>consumimos<\/strong> en su localidad.<\/p>\n<p>Os espero por aqu\u00ed para seguir contando historias sobre ruedas. Y sed bienvenidos a este vuestro txoko de<strong> propuestas de viaje<\/strong> con la casa a cuestas.<\/p>\n<p>&nbsp;<\/p>\n<!-- AddThis Advanced Settings generic via filter on the_content --><!-- AddThis Share Buttons generic via filter on the_content -->","protected":false},"excerpt":{"rendered":"<p>Me incorporo a esta gran familia de bloggers de El Diario Vasco con la sana intenci\u00f3n de haceros llegar un mundo que a m\u00ed me apasiona y que espero poder transmitiros ese buen rollo que desprendemos los autocaravanistas. No, no somos esos tipos inc\u00edvicos que a veces vemos en campamentos ilegales o debajo de la [&hellip;]<!-- AddThis Advanced Settings generic via filter on get_the_excerpt --><!-- AddThis Share Buttons generic via filter on get_the_excerpt --><\/p>\n","protected":false},"author":116,"featured_media":0,"comment_status":"open","ping_status":"closed","sticky":false,"template":"","format":"standard","meta":[],"categories":[12],"tags":[],"_links":{"self":[{"href":"https:\/\/blogs.diariovasco.com\/bidaion-propuesta-viajes\/wp-json\/wp\/v2\/posts\/7"}],"collection":[{"href":"https:\/\/blogs.diariovasco.com\/bidaion-propuesta-viajes\/wp-json\/wp\/v2\/posts"}],"about":[{"href":"https:\/\/blogs.diariovasco.com\/bidaion-propuesta-viajes\/wp-json\/wp\/v2\/types\/post"}],"author":[{"embeddable":true,"href":"https:\/\/blogs.diariovasco.com\/bidaion-propuesta-viajes\/wp-json\/wp\/v2\/users\/116"}],"replies":[{"embeddable":true,"href":"https:\/\/blogs.diariovasco.com\/bidaion-propuesta-viajes\/wp-json\/wp\/v2\/comments?post=7"}],"version-history":[{"count":0,"href":"https:\/\/blogs.diariovasco.com\/bidaion-propuesta-viajes\/wp-json\/wp\/v2\/posts\/7\/revisions"}],"wp:attachment":[{"href":"https:\/\/blogs.diariovasco.com\/bidaion-propuesta-viajes\/wp-json\/wp\/v2\/media?parent=7"}],"wp:term":[{"taxonomy":"category","embeddable":true,"href":"https:\/\/blogs.diariovasco.com\/bidaion-propuesta-viajes\/wp-json\/wp\/v2\/categories?post=7"},{"taxonomy":"post_tag","embeddable":true,"href":"https:\/\/blogs.diariovasco.com\/bidaion-propuesta-viajes\/wp-json\/wp\/v2\/tags?post=7"}],"curies":[{"name":"wp","href":"https:\/\/api.w.org\/{rel}","templated":true}]}}