{"id":88,"date":"2016-05-12T15:00:25","date_gmt":"2016-05-12T13:00:25","guid":{"rendered":"http:\/\/blogs.diariovasco.com\/bidaion-propuesta-viajes\/?p=88"},"modified":"2016-05-12T15:00:25","modified_gmt":"2016-05-12T13:00:25","slug":"canos-de-meca","status":"publish","type":"post","link":"https:\/\/blogs.diariovasco.com\/bidaion-propuesta-viajes\/2016\/05\/12\/canos-de-meca\/","title":{"rendered":"Ca\u00f1os de Meca"},"content":{"rendered":"<div id=\"attachment_90\" style=\"width: 310px\" class=\"wp-caption aligncenter\"><a href=\"\/bidaion-propuesta-viajes\/wp-content\/uploads\/sites\/84\/2016\/05\/canos-de-meca.jpg\"><img aria-describedby=\"caption-attachment-90\" loading=\"lazy\" class=\"size-medium wp-image-90\" title=\"canos de meca\" src=\"\/bidaion-propuesta-viajes\/wp-content\/uploads\/sites\/84\/2016\/05\/canos-de-meca.jpg\" alt=\"ca\u00f1os de meca, atardecer\" width=\"300\" height=\"300\" srcset=\"https:\/\/static-blogs.diariovasco.com\/wp-content\/uploads\/sites\/84\/2016\/05\/canos-de-meca.jpg 495w, https:\/\/static-blogs.diariovasco.com\/wp-content\/uploads\/sites\/84\/2016\/05\/canos-de-meca-150x150.jpg 150w, https:\/\/static-blogs.diariovasco.com\/wp-content\/uploads\/sites\/84\/2016\/05\/canos-de-meca-300x300.jpg 300w\" sizes=\"(max-width: 300px) 100vw, 300px\" \/><\/a><p id=\"caption-attachment-90\" class=\"wp-caption-text\">ca\u00f1os de meca, atardecer<\/p><\/div>\n<p>Queridos Ruteros:<\/p>\n<p>Os escribo desde la memoria y el recuerdo que me evoca el viaje que os relatar\u00e9 a continuaci\u00f3n. Sigo con la pata chula, por eso he tenido que tirar de hemeroteca y me he ido al punto m\u00e1s lejano de nuestra geograf\u00eda.<\/p>\n<p>En octubre anduvimos ruteando por Andaluc\u00eda, y uno de los puntos m\u00e1s bonitos en los que estuvimos fue Ca\u00f1os de Meca. Os voy a ubicar en el mapa por si est\u00e1is despistados<\/p>\n<p style=\"text-align: center;\"><a href=\"\/bidaion-propuesta-viajes\/wp-content\/uploads\/sites\/84\/2016\/05\/mapa-ca\u00f1os.jpg\"><img loading=\"lazy\" width=\"697\" height=\"460\" class=\"aligncenter  wp-image-89\" title=\"mapa ca\u00f1os\" src=\"\/bidaion-propuesta-viajes\/wp-content\/uploads\/sites\/84\/2016\/05\/mapa-ca\u00f1os.jpg\" alt=\"ca\u00f1os de meca\" srcset=\"https:\/\/static-blogs.diariovasco.com\/wp-content\/uploads\/sites\/84\/2016\/05\/mapa-ca\u00f1os.jpg 697w, https:\/\/static-blogs.diariovasco.com\/wp-content\/uploads\/sites\/84\/2016\/05\/mapa-ca\u00f1os-300x198.jpg 300w\" sizes=\"(max-width: 697px) 100vw, 697px\" \/><\/a><\/p>\n<p style=\"text-align: center;\">Provincia de C\u00e1diz. En la Costa muy cerca del Cabo de trafalgar.<\/p>\n<p style=\"text-align: left;\">Ca\u00f1os de Meca es un <strong>para\u00edso<\/strong> casi virgen. Evidentemente en verano se tiene que poner hasta arriba, y as\u00ed lo demuestras las barreras que te impiden el paso en veh\u00edculo motorizado a las playas. Pero en temporada baja,<strong> primavera u oto\u00f1o<\/strong> como fuimos nosotros, es maravilloso. Poquita gente, o la gente justa para disfrutar de un chiringuito chill out, m\u00fasica en directo, brisa que te acaricia el pelo mientras disfrutas de una bonita puesta de sol. Amantes del windsurf y <strong>amantes en general<\/strong>.<\/p>\n<p style=\"text-align: left;\">Paseos por la playa, recoger conchas, paseos en bici, subida al <strong>faro de Trafalgar<\/strong> y conocer un poco de historia. Y yo que pensaba que la batalla de Trafalgar era algo que ocurri\u00f3 en la Gran Breta\u00f1a&#8230;<\/p>\n<p style=\"text-align: left;\"><strong>Aguas azul turquesa<\/strong>, un poquito bravas, con cierto oleaje. Chirinquitos, hostales, apartamentos, aparcamientos y campings. Cuando nosotros estuvimos, entramos a dormir a camping, insisto que no est\u00e1 re\u00f1ido con el <strong>autocaravanismo<\/strong>. En Ca\u00f1os de meca hay un camping que pertenece a la red de CampingRed llamado <strong>Pinar San Jos\u00e9<\/strong>. Agradable, con mucha sombra, con piscina, con muchos bungalows, con pistas de tenis, y con salida a diferentes caminos a pie para recorrer el parque natural que le rodea.<\/p>\n<p style=\"text-align: left;\">Evidentemente, esta escapada no es para hacerla en un fin de semana, pero s\u00ed os la recomiendo en caso de andar por la zona, y si pod\u00e9is en temporada media, mejor. En alta no me hago responsable de vuestra comodidad.<\/p>\n<p style=\"text-align: left;\">Ya me contar\u00e9is. La semana pr\u00f3xima s\u00ed o s\u00ed espero contaros una salida reciente. Qu\u00e9 ganas tengo de rutear aunque sea con muletas.<\/p>\n<!-- AddThis Advanced Settings generic via filter on the_content --><!-- AddThis Share Buttons generic via filter on the_content -->","protected":false},"excerpt":{"rendered":"<p>Queridos Ruteros: Os escribo desde la memoria y el recuerdo que me evoca el viaje que os relatar\u00e9 a continuaci\u00f3n. Sigo con la pata chula, por eso he tenido que tirar de hemeroteca y me he ido al punto m\u00e1s lejano de nuestra geograf\u00eda. En octubre anduvimos ruteando por Andaluc\u00eda, y uno de los puntos [&hellip;]<!-- AddThis Advanced Settings generic via filter on get_the_excerpt --><!-- AddThis Share Buttons generic via filter on get_the_excerpt --><\/p>\n","protected":false},"author":116,"featured_media":0,"comment_status":"open","ping_status":"closed","sticky":false,"template":"","format":"standard","meta":[],"categories":[2],"tags":[19],"_links":{"self":[{"href":"https:\/\/blogs.diariovasco.com\/bidaion-propuesta-viajes\/wp-json\/wp\/v2\/posts\/88"}],"collection":[{"href":"https:\/\/blogs.diariovasco.com\/bidaion-propuesta-viajes\/wp-json\/wp\/v2\/posts"}],"about":[{"href":"https:\/\/blogs.diariovasco.com\/bidaion-propuesta-viajes\/wp-json\/wp\/v2\/types\/post"}],"author":[{"embeddable":true,"href":"https:\/\/blogs.diariovasco.com\/bidaion-propuesta-viajes\/wp-json\/wp\/v2\/users\/116"}],"replies":[{"embeddable":true,"href":"https:\/\/blogs.diariovasco.com\/bidaion-propuesta-viajes\/wp-json\/wp\/v2\/comments?post=88"}],"version-history":[{"count":0,"href":"https:\/\/blogs.diariovasco.com\/bidaion-propuesta-viajes\/wp-json\/wp\/v2\/posts\/88\/revisions"}],"wp:attachment":[{"href":"https:\/\/blogs.diariovasco.com\/bidaion-propuesta-viajes\/wp-json\/wp\/v2\/media?parent=88"}],"wp:term":[{"taxonomy":"category","embeddable":true,"href":"https:\/\/blogs.diariovasco.com\/bidaion-propuesta-viajes\/wp-json\/wp\/v2\/categories?post=88"},{"taxonomy":"post_tag","embeddable":true,"href":"https:\/\/blogs.diariovasco.com\/bidaion-propuesta-viajes\/wp-json\/wp\/v2\/tags?post=88"}],"curies":[{"name":"wp","href":"https:\/\/api.w.org\/{rel}","templated":true}]}}