{"id":101,"date":"2013-08-02T13:38:17","date_gmt":"2013-08-02T11:38:17","guid":{"rendered":"http:\/\/blogs.diariovasco.com\/caballo-ganador\/?p=101"},"modified":"2013-08-02T13:38:17","modified_gmt":"2013-08-02T11:38:17","slug":"visitamos-a-una-estrella","status":"publish","type":"post","link":"https:\/\/blogs.diariovasco.com\/caballo-ganador\/2013\/08\/02\/visitamos-a-una-estrella\/","title":{"rendered":"Visitamos a una estrella."},"content":{"rendered":"<p>Como pre\u00e1mbulo a la disputa del Criterium Nacional, reservado a los m\u00e1s j\u00f3venes del Hip\u00f3dromo, A Caballo Ganador se desplaz\u00f3 hasta el Mirador de Ul\u00eda de Rub\u00e9n Trincado, uno de los principales baluartes del nuevo movimiento culinario existente en Donostia.<\/p>\n<p>Pisamos un local con estrella Michel\u00edn y disfrutamos con un men\u00fa para fondistas pero con un recorrido que todos terminamos con gran facilidad. Cocina creativa a la vez que fiel a los buenos productos que en este territorio estamos acostumbrados a valorar.<\/p>\n<div id=\"attachment_105\" style=\"width: 658px\" class=\"wp-caption alignleft\"><a href=\"\/caballo-ganador\/wp-content\/uploads\/sites\/61\/2013\/08\/GRUPO-MIRADOR2.jpg\"><img aria-describedby=\"caption-attachment-105\" loading=\"lazy\" class=\"size-full wp-image-105\" title=\"GRUPO MIRADOR\" src=\"\/caballo-ganador\/wp-content\/uploads\/sites\/61\/2013\/08\/GRUPO-MIRADOR2.jpg\" alt=\"\" width=\"648\" height=\"484\" srcset=\"https:\/\/static-blogs.diariovasco.com\/wp-content\/uploads\/sites\/61\/2013\/08\/GRUPO-MIRADOR2.jpg 648w, https:\/\/static-blogs.diariovasco.com\/wp-content\/uploads\/sites\/61\/2013\/08\/GRUPO-MIRADOR2-300x224.jpg 300w\" sizes=\"(max-width: 648px) 100vw, 648px\" \/><\/a><p id=\"caption-attachment-105\" class=\"wp-caption-text\">Posamos en uno de los mejores marcos de la ciudad.<\/p><\/div>\n<p>Una tertulia muy amena sirvi\u00f3 para explicar algunas opiniones referentes al momento de nuestro Turf. Quer\u00edamos ponerlo en su sitio y resaltar lo m\u00e1s brillante del mismo. \u00c9stas fueron las opiniones de los presentes:<\/p>\n<p>Jes\u00fas Galdona: Celtic Rock debe salir al extranjero para demostrar lo que vale. Adem\u00e1s opino que tiene que quedarse en Francia. Si fuera m\u00edo su futuro estar\u00eda en Chantilly. Tenemos el ejemplo de Mauri Delcher que est\u00e1 triunfando con buenos caballos espa\u00f1oles.<\/p>\n<p>Imanol Arruti: El mejor caballo del hip\u00f3dromo es Cielo Canarias, un ejemplar de Grupo III en Francia. Desde luego un listed est\u00e1 claramente a su alcance. En cuanto a Celtic Rock tengo dudas sobre su posible papel en el extranjero pero en la Copa de Oro me parece muy dif\u00edcil de batir.<\/p>\n<p>Kike Marrahi: Jos\u00e9 Luis Mart\u00ednez est\u00e1 viviendo una segunda juventud. Tuvo un bache pero se ha recuperado. Es un jockey a destacar junto a Oscar Ortiz de Urbina. Jos\u00e9 Luis es m\u00e1s t\u00e9cnico y Oscar m\u00e1s en\u00e9rgico.<\/p>\n<p>I\u00f1igo Zabaleta: Sleeping Wan me parece un caballo de Grupo y creo que lo va a demostrar el pr\u00f3ximo a\u00f1o. Todav\u00eda est\u00e1 sin hacer pero demuestra muy buenas maneras al igual que Rilke al que tambi\u00e9n tengo en buena consideraci\u00f3n.<\/p>\n<p>Pepe Dioni: Celtic Rock no tiene enemigo en los hip\u00f3dromos espa\u00f1oles y en mi opini\u00f3n nuestro Turf se le ha quedado peque\u00f1o. Me alegrar\u00eda si saliese a demostrar que tiene un valor para competir en un nivel m\u00e1s alto en Francia.<\/p>\n<p>I\u00f1aki Agirre: \u00c1lvaro G\u00f3mez es un jockey con gran proyecci\u00f3n y me ilusionar\u00eda que contara con alguna oportunidad en el Turf franc\u00e9s. Tiene aptitudes y puede ser un buen profesional si trabaja seriamente para conseguirlo.<\/p>\n<p>Ignacio Mendiola: Celtic Rock es el l\u00edder y debe pasar a Francia. Es un caballo internacional. En cuanto a los jockeys me gusta Ortiz de Urbina sobre todo en las carreras de potros con los que tiene muy buena mano.<\/p>\n<p>Iosu Ruiz: Hay que poner en valor que en plena crisis Donostia tenga un hip\u00f3dromo funcionando con una temporada que re\u00fane muchos atractivos. En cuanto a los profesionales menciono con rotundidad a Guillermo Arizkorreta, un donostiarra con un m\u00e9rito extraordianerio. Sin ser familia ligada a las carreras de caballos hoy es un n\u00famero uno.<\/p>\n<div id=\"attachment_106\" style=\"width: 460px\" class=\"wp-caption alignleft\"><a href=\"\/caballo-ganador\/wp-content\/uploads\/sites\/61\/2013\/08\/CIELO_CANARIAS_21.jpg\"><img aria-describedby=\"caption-attachment-106\" loading=\"lazy\" class=\"size-full wp-image-106\" title=\"CIELO_CANARIAS_21\" src=\"\/caballo-ganador\/wp-content\/uploads\/sites\/61\/2013\/08\/CIELO_CANARIAS_21.jpg\" alt=\"\" width=\"450\" height=\"300\" srcset=\"https:\/\/static-blogs.diariovasco.com\/wp-content\/uploads\/sites\/61\/2013\/08\/CIELO_CANARIAS_21.jpg 450w, https:\/\/static-blogs.diariovasco.com\/wp-content\/uploads\/sites\/61\/2013\/08\/CIELO_CANARIAS_21-300x200.jpg 300w\" sizes=\"(max-width: 450px) 100vw, 450px\" \/><\/a><p id=\"caption-attachment-106\" class=\"wp-caption-text\">Cielo Canarias, una de nuestras estrellas.<\/p><\/div>\n<p>&nbsp;<\/p>\n<p>&nbsp;<\/p>\n<p>&nbsp;<\/p>\n<p>&nbsp;<\/p>\n<p>&nbsp;<\/p>\n<p>&nbsp;<\/p>\n<p>&nbsp;<\/p>\n<p>&nbsp;<\/p>\n<p>&nbsp;<\/p>\n<p>&nbsp;<\/p>\n<p>&nbsp;<\/p>\n<p>PRON\u00d3STICOS<\/p>\n<p>Jes\u00fas Galdona:<\/p>\n<p>Sol Dyhim. Ha corrido contra caballos mejores de su generaci\u00f3n y hoy tiene todo a favor<\/p>\n<p>Pierrefiteou. Caballo delicado pero con gran clase. Me gusta para ganar.<\/p>\n<p>&nbsp;<\/p>\n<p>Imanol Arruti:<\/p>\n<p>Kurdo. Es un &#8220;ya gan\u00f3&#8221;<\/p>\n<p>Andaluc\u00eda. Debut\u00f3 muy bien, tiene margen de mejora y la veo ganadora.<\/p>\n<p>&nbsp;<\/p>\n<p>Kike Marrai:<\/p>\n<p>Sidra. Le gusta la pista y con la monta de Janacek creo que no la baten.<\/p>\n<p>Kurdo. Lo veo fijo.<\/p>\n<p>&nbsp;<\/p>\n<p>I\u00f1igo Zabaleta:<\/p>\n<p>Ger\u00f3nima. Viene de correr en un lote superior y en esta compa\u00f1\u00eda no deber\u00eda tener problemas para imponerse.<\/p>\n<p>Vega de Castilla. Est\u00e1 preparada para esta carrera.<\/p>\n<p>&nbsp;<\/p>\n<p>Pepe Dioni:<\/p>\n<p>La Mora\u00f1a. Despu\u00e9s de su reaparici\u00f3n hoy es su d\u00eda.<\/p>\n<p>Andaluc\u00eda. Me gusta fija en el Criterium.<\/p>\n<p>&nbsp;<\/p>\n<p>I\u00f1aki Agirre:<\/p>\n<p>Hands Up. Tiene que ganar de media recta.<\/p>\n<p>Ger\u00f3nima. Si o s\u00ed.<\/p>\n<p>&nbsp;<\/p>\n<p>Ignacio Mendiola:<\/p>\n<p>Vega de Castilla. Peso, distancia y forma.<\/p>\n<p>La Mora\u00f1a. Por actuaciones en esta pista.<\/p>\n<p>&nbsp;<\/p>\n<p>Iosu Ruiz:<\/p>\n<p>Ger\u00f3nima. Creo que debe ganar.<\/p>\n<p>Andaluc\u00eda. Ganadora en su debut con buen estilo.<\/p>\n<p>&nbsp;<\/p>\n<p>Javier Yurrita:<\/p>\n<p>Hands Up. Fijo.<\/p>\n<p>Kurdo. Tambi\u00e9n fijo.<\/p>\n<p>&nbsp;<\/p>\n<p>EL MEN\u00da.<\/p>\n<p>&nbsp;<\/p>\n<div id=\"attachment_111\" style=\"width: 310px\" class=\"wp-caption alignleft\"><a href=\"\/caballo-ganador\/wp-content\/uploads\/sites\/61\/2013\/08\/FALSO-HUEVO3.jpg\"><img aria-describedby=\"caption-attachment-111\" loading=\"lazy\" class=\"size-medium wp-image-111\" title=\"FALSO HUEVO\" src=\"\/caballo-ganador\/wp-content\/uploads\/sites\/61\/2013\/08\/FALSO-HUEVO3.jpg\" alt=\"\" width=\"300\" height=\"224\" srcset=\"https:\/\/static-blogs.diariovasco.com\/wp-content\/uploads\/sites\/61\/2013\/08\/FALSO-HUEVO3.jpg 2592w, https:\/\/static-blogs.diariovasco.com\/wp-content\/uploads\/sites\/61\/2013\/08\/FALSO-HUEVO3-300x224.jpg 300w, https:\/\/static-blogs.diariovasco.com\/wp-content\/uploads\/sites\/61\/2013\/08\/FALSO-HUEVO3-768x574.jpg 768w, https:\/\/static-blogs.diariovasco.com\/wp-content\/uploads\/sites\/61\/2013\/08\/FALSO-HUEVO3-1024x765.jpg 1024w\" sizes=\"(max-width: 300px) 100vw, 300px\" \/><\/a><p id=\"caption-attachment-111\" class=\"wp-caption-text\">Falso huevo.<\/p><\/div>\n<p>&nbsp;<\/p>\n<p>&nbsp;<\/p>\n<p>&nbsp;<\/p>\n<p>&nbsp;<\/p>\n<p>&nbsp;<\/p>\n<p>&nbsp;<\/p>\n<p>&nbsp;<\/p>\n<p>&nbsp;<\/p>\n<p>&nbsp;<\/p>\n<div id=\"attachment_114\" style=\"width: 310px\" class=\"wp-caption alignleft\"><a href=\"\/caballo-ganador\/wp-content\/uploads\/sites\/61\/2013\/08\/GILDA1.jpg\"><img aria-describedby=\"caption-attachment-114\" loading=\"lazy\" class=\"size-medium wp-image-114\" title=\"GILDA\" src=\"\/caballo-ganador\/wp-content\/uploads\/sites\/61\/2013\/08\/GILDA1.jpg\" alt=\"\" width=\"300\" height=\"224\" srcset=\"https:\/\/static-blogs.diariovasco.com\/wp-content\/uploads\/sites\/61\/2013\/08\/GILDA1.jpg 2592w, https:\/\/static-blogs.diariovasco.com\/wp-content\/uploads\/sites\/61\/2013\/08\/GILDA1-300x224.jpg 300w, https:\/\/static-blogs.diariovasco.com\/wp-content\/uploads\/sites\/61\/2013\/08\/GILDA1-768x574.jpg 768w, https:\/\/static-blogs.diariovasco.com\/wp-content\/uploads\/sites\/61\/2013\/08\/GILDA1-1024x765.jpg 1024w\" sizes=\"(max-width: 300px) 100vw, 300px\" \/><\/a><p id=\"caption-attachment-114\" class=\"wp-caption-text\">La famosa gilda de Rub\u00e9n.<\/p><\/div>\n<div class=\"mceTemp\"><\/div>\n<div class=\"mceTemp\"><\/div>\n<div class=\"mceTemp\"><\/div>\n<div class=\"mceTemp\"><\/div>\n<div class=\"mceTemp\"><\/div>\n<div class=\"mceTemp\"><\/div>\n<div class=\"mceTemp\"><\/div>\n<div class=\"mceTemp\"><\/div>\n<div class=\"mceTemp\"><\/div>\n<div class=\"mceTemp\"><\/div>\n<div class=\"mceTemp\"><\/div>\n<div class=\"mceTemp\"><\/div>\n<div class=\"mceTemp\"><\/div>\n<div class=\"mceTemp\"><\/div>\n<div class=\"mceTemp\"><\/div>\n<div class=\"mceTemp\">\n<div id=\"attachment_116\" style=\"width: 310px\" class=\"wp-caption alignleft\"><a href=\"\/caballo-ganador\/wp-content\/uploads\/sites\/61\/2013\/08\/HONGOS-MIRADOR1.jpg\"><img aria-describedby=\"caption-attachment-116\" loading=\"lazy\" class=\"size-medium wp-image-116\" title=\"HONGOS MIRADOR\" src=\"\/caballo-ganador\/wp-content\/uploads\/sites\/61\/2013\/08\/HONGOS-MIRADOR1.jpg\" alt=\"\" width=\"300\" height=\"224\" srcset=\"https:\/\/static-blogs.diariovasco.com\/wp-content\/uploads\/sites\/61\/2013\/08\/HONGOS-MIRADOR1.jpg 2592w, https:\/\/static-blogs.diariovasco.com\/wp-content\/uploads\/sites\/61\/2013\/08\/HONGOS-MIRADOR1-300x224.jpg 300w, https:\/\/static-blogs.diariovasco.com\/wp-content\/uploads\/sites\/61\/2013\/08\/HONGOS-MIRADOR1-768x574.jpg 768w, https:\/\/static-blogs.diariovasco.com\/wp-content\/uploads\/sites\/61\/2013\/08\/HONGOS-MIRADOR1-1024x765.jpg 1024w\" sizes=\"(max-width: 300px) 100vw, 300px\" \/><\/a><p id=\"caption-attachment-116\" class=\"wp-caption-text\">Los hongos sorprendieron muy positivamente.<\/p><\/div>\n<\/div>\n<div class=\"mceTemp\"><\/div>\n<div class=\"mceTemp\"><\/div>\n<div class=\"mceTemp\"><\/div>\n<div class=\"mceTemp\"><\/div>\n<div class=\"mceTemp\"><\/div>\n<div class=\"mceTemp\"><\/div>\n<div class=\"mceTemp\"><\/div>\n<div class=\"mceTemp\"><\/div>\n<div class=\"mceTemp\"><\/div>\n<div class=\"mceTemp\"><\/div>\n<div class=\"mceTemp\"><\/div>\n<div class=\"mceTemp\"><\/div>\n<div class=\"mceTemp\"><\/div>\n<div class=\"mceTemp\"><\/div>\n<div class=\"mceTemp\"><\/div>\n<div class=\"mceTemp\">\n<div id=\"attachment_118\" style=\"width: 310px\" class=\"wp-caption alignleft\"><a href=\"\/caballo-ganador\/wp-content\/uploads\/sites\/61\/2013\/08\/PATO1.jpg\"><img aria-describedby=\"caption-attachment-118\" loading=\"lazy\" class=\"size-medium wp-image-118\" title=\"PATO\" src=\"\/caballo-ganador\/wp-content\/uploads\/sites\/61\/2013\/08\/PATO1.jpg\" alt=\"\" width=\"300\" height=\"224\" srcset=\"https:\/\/static-blogs.diariovasco.com\/wp-content\/uploads\/sites\/61\/2013\/08\/PATO1.jpg 2592w, https:\/\/static-blogs.diariovasco.com\/wp-content\/uploads\/sites\/61\/2013\/08\/PATO1-300x224.jpg 300w, https:\/\/static-blogs.diariovasco.com\/wp-content\/uploads\/sites\/61\/2013\/08\/PATO1-768x574.jpg 768w, https:\/\/static-blogs.diariovasco.com\/wp-content\/uploads\/sites\/61\/2013\/08\/PATO1-1024x765.jpg 1024w\" sizes=\"(max-width: 300px) 100vw, 300px\" \/><\/a><p id=\"caption-attachment-118\" class=\"wp-caption-text\">El pato del Mirador de Ul\u00eda.<\/p><\/div>\n<\/div>\n<div class=\"mceTemp\"><\/div>\n<div class=\"mceTemp\"><\/div>\n<div class=\"mceTemp\"><\/div>\n<div class=\"mceTemp\"><\/div>\n<div class=\"mceTemp\"><\/div>\n<div class=\"mceTemp\"><\/div>\n<div class=\"mceTemp\"><\/div>\n<div class=\"mceTemp\"><\/div>\n<div class=\"mceTemp\"><\/div>\n<div class=\"mceTemp\"><\/div>\n<div class=\"mceTemp\"><\/div>\n<div class=\"mceTemp\"><\/div>\n<div class=\"mceTemp\"><\/div>\n<div class=\"mceTemp\"><\/div>\n<div class=\"mceTemp\"><\/div>\n<div class=\"mceTemp\">\n<div id=\"attachment_123\" style=\"width: 310px\" class=\"wp-caption alignleft\"><a href=\"\/caballo-ganador\/wp-content\/uploads\/sites\/61\/2013\/08\/POSTRE-21.jpg\"><img aria-describedby=\"caption-attachment-123\" loading=\"lazy\" class=\"size-medium wp-image-123\" title=\"POSTRE 2\" src=\"\/caballo-ganador\/wp-content\/uploads\/sites\/61\/2013\/08\/POSTRE-21.jpg\" alt=\"\" width=\"300\" height=\"224\" srcset=\"https:\/\/static-blogs.diariovasco.com\/wp-content\/uploads\/sites\/61\/2013\/08\/POSTRE-21.jpg 2592w, https:\/\/static-blogs.diariovasco.com\/wp-content\/uploads\/sites\/61\/2013\/08\/POSTRE-21-300x224.jpg 300w, https:\/\/static-blogs.diariovasco.com\/wp-content\/uploads\/sites\/61\/2013\/08\/POSTRE-21-768x574.jpg 768w, https:\/\/static-blogs.diariovasco.com\/wp-content\/uploads\/sites\/61\/2013\/08\/POSTRE-21-1024x765.jpg 1024w\" sizes=\"(max-width: 300px) 100vw, 300px\" \/><\/a><p id=\"caption-attachment-123\" class=\"wp-caption-text\">Queso parmesano.<\/p><\/div>\n<\/div>\n<div class=\"mceTemp\"><\/div>\n<div class=\"mceTemp\"><\/div>\n<div class=\"mceTemp\"><\/div>\n<div class=\"mceTemp\"><\/div>\n<div class=\"mceTemp\"><\/div>\n<div class=\"mceTemp\"><\/div>\n<div class=\"mceTemp\"><\/div>\n<div class=\"mceTemp\"><\/div>\n<div class=\"mceTemp\"><\/div>\n<div class=\"mceTemp\"><\/div>\n<div class=\"mceTemp\"><\/div>\n<div class=\"mceTemp\"><\/div>\n<div class=\"mceTemp\"><\/div>\n<div class=\"mceTemp\"><\/div>\n<div class=\"mceTemp\"><\/div>\n<div class=\"mceTemp\">Disfrutamos con un vino que nos encanta a los guipuzcoanos, Vi\u00f1a Arana. Nuestro contertulio Kike Marrahi es un devoto seguidor de Bodegas Rioja Alta e insisti\u00f3 sobre las excelencias de esta marca.<\/div>\n<div class=\"mceTemp\"><a href=\"\/caballo-ganador\/wp-content\/uploads\/sites\/61\/2013\/08\/VI\u00d1A-ARANA.jpg\"><img loading=\"lazy\" class=\"alignleft size-medium wp-image-125\" title=\"VI\u00d1A ARANA\" src=\"\/caballo-ganador\/wp-content\/uploads\/sites\/61\/2013\/08\/VI\u00d1A-ARANA.jpg\" alt=\"\" width=\"165\" height=\"300\" \/><\/a><\/div>\n<!-- AddThis Advanced Settings generic via filter on the_content --><!-- AddThis Share Buttons generic via filter on the_content -->","protected":false},"excerpt":{"rendered":"<p>Como pre\u00e1mbulo a la disputa del Criterium Nacional, reservado a los m\u00e1s j\u00f3venes del Hip\u00f3dromo, A Caballo Ganador se desplaz\u00f3 hasta el Mirador de Ul\u00eda de Rub\u00e9n Trincado, uno de los principales baluartes del nuevo movimiento culinario existente en Donostia. Pisamos un local con estrella Michel\u00edn y disfrutamos con un men\u00fa para fondistas pero con [&hellip;]<!-- AddThis Advanced Settings generic via filter on get_the_excerpt --><!-- AddThis Share Buttons generic via filter on get_the_excerpt --><\/p>\n","protected":false},"author":92,"featured_media":0,"comment_status":"open","ping_status":"closed","sticky":false,"template":"","format":"standard","meta":[],"categories":[6],"tags":[],"_links":{"self":[{"href":"https:\/\/blogs.diariovasco.com\/caballo-ganador\/wp-json\/wp\/v2\/posts\/101"}],"collection":[{"href":"https:\/\/blogs.diariovasco.com\/caballo-ganador\/wp-json\/wp\/v2\/posts"}],"about":[{"href":"https:\/\/blogs.diariovasco.com\/caballo-ganador\/wp-json\/wp\/v2\/types\/post"}],"author":[{"embeddable":true,"href":"https:\/\/blogs.diariovasco.com\/caballo-ganador\/wp-json\/wp\/v2\/users\/92"}],"replies":[{"embeddable":true,"href":"https:\/\/blogs.diariovasco.com\/caballo-ganador\/wp-json\/wp\/v2\/comments?post=101"}],"version-history":[{"count":0,"href":"https:\/\/blogs.diariovasco.com\/caballo-ganador\/wp-json\/wp\/v2\/posts\/101\/revisions"}],"wp:attachment":[{"href":"https:\/\/blogs.diariovasco.com\/caballo-ganador\/wp-json\/wp\/v2\/media?parent=101"}],"wp:term":[{"taxonomy":"category","embeddable":true,"href":"https:\/\/blogs.diariovasco.com\/caballo-ganador\/wp-json\/wp\/v2\/categories?post=101"},{"taxonomy":"post_tag","embeddable":true,"href":"https:\/\/blogs.diariovasco.com\/caballo-ganador\/wp-json\/wp\/v2\/tags?post=101"}],"curies":[{"name":"wp","href":"https:\/\/api.w.org\/{rel}","templated":true}]}}