{"id":11,"date":"2013-07-12T18:47:35","date_gmt":"2013-07-12T16:47:35","guid":{"rendered":"http:\/\/blogs.diariovasco.com\/caballo-ganador\/?p=11"},"modified":"2013-07-12T18:47:35","modified_gmt":"2013-07-12T16:47:35","slug":"entrada-gratuita-al-hipodromo-y-pronosticos-desde-el-restaurante-abarka","status":"publish","type":"post","link":"https:\/\/blogs.diariovasco.com\/caballo-ganador\/2013\/07\/12\/entrada-gratuita-al-hipodromo-y-pronosticos-desde-el-restaurante-abarka\/","title":{"rendered":"Entrada gratuita al hip\u00f3dromo y pron\u00f3sticos desde el Restaurante Abarka"},"content":{"rendered":"<p>Este lunes con\u00a0 entrada\u00a0 gratuita y a las 17,55 horas,\u00a0 comenzar\u00e1\u00a0 la segunda jornada del verano cargada de alicientes y con un hip\u00f3dromo que presentar\u00e1 uno de los mejores ambientes de la temporada. A Caballo Ganador se fue hasta Hondarribia y en el Restaurante Abarka nos comprometimos a informar y pronosticar con un grupo de grandes aficionados .\u00a0 En la fotograf\u00eda los que acudimos a la concentraci\u00f3n&#8230;<\/p>\n<div id=\"attachment_31\" style=\"width: 670px\" class=\"wp-caption alignleft\"><a href=\"\/caballo-ganador\/wp-content\/uploads\/sites\/61\/2013\/07\/IMG_6130.jpg\"><img aria-describedby=\"caption-attachment-31\" loading=\"lazy\" class=\"size-full wp-image-31\" title=\"IMG_6130\" src=\"\/caballo-ganador\/wp-content\/uploads\/sites\/61\/2013\/07\/IMG_6130.jpg\" alt=\"\" width=\"660\" height=\"440\" srcset=\"https:\/\/static-blogs.diariovasco.com\/wp-content\/uploads\/sites\/61\/2013\/07\/IMG_6130.jpg 660w, https:\/\/static-blogs.diariovasco.com\/wp-content\/uploads\/sites\/61\/2013\/07\/IMG_6130-300x200.jpg 300w\" sizes=\"(max-width: 660px) 100vw, 660px\" \/><\/a><p id=\"caption-attachment-31\" class=\"wp-caption-text\">Los caballos pueden dormir tranquilos, ninguno de la foto seremos jockeys en la temporada.De izda a dcha: Luis Mari Bujanda, Pepe Dioni, Kike Marrahi, I\u00f1igo Zabaleta, Christian Delcher, Javier Yurrita. Agachados: Imanol Arruti, Asier Melara,Jes\u00fas Galdona, Ander Galdona y Vicente Marrahi.<\/p><\/div>\n<div id=\"attachment_36\" style=\"width: 390px\" class=\"wp-caption alignleft\"><a href=\"\/caballo-ganador\/wp-content\/uploads\/sites\/61\/2013\/07\/la-foto1.jpg\"><img aria-describedby=\"caption-attachment-36\" loading=\"lazy\" class=\" wp-image-36\" title=\"la foto\" src=\"\/caballo-ganador\/wp-content\/uploads\/sites\/61\/2013\/07\/la-foto1.jpg\" alt=\"\" width=\"380\" height=\"308\" srcset=\"https:\/\/static-blogs.diariovasco.com\/wp-content\/uploads\/sites\/61\/2013\/07\/la-foto1.jpg 816w, https:\/\/static-blogs.diariovasco.com\/wp-content\/uploads\/sites\/61\/2013\/07\/la-foto1-300x243.jpg 300w, https:\/\/static-blogs.diariovasco.com\/wp-content\/uploads\/sites\/61\/2013\/07\/la-foto1-768x621.jpg 768w\" sizes=\"(max-width: 380px) 100vw, 380px\" \/><\/a><p id=\"caption-attachment-36\" class=\"wp-caption-text\">Infinity One favorita del Premio El Diario Vasco. Foto Corta Cabeza<\/p><\/div>\n<p>&nbsp;<\/p>\n<p>&nbsp;<\/p>\n<p>&nbsp;<\/p>\n<p>&nbsp;<\/p>\n<p>&nbsp;<\/p>\n<p>&nbsp;<\/p>\n<p>&nbsp;<\/p>\n<p>&nbsp;<\/p>\n<p>&nbsp;<\/p>\n<p>&nbsp;<\/p>\n<p>&nbsp;<\/p>\n<p>&nbsp;<\/p>\n<p>Buen ambiente en la primera sobremesa h\u00edpica, opiniones dispares y pr\u00f3nosticos para todas las carreras. Estos son los favoritos de los asistentes. En negrita,\u00a0 el caballo de la reuni\u00f3n para cada pronosticador.<\/p>\n<p><strong> PRON\u00d3STICOS<\/strong><\/p>\n<p><span style=\"text-decoration: underline;\"><strong>Imanol Arruti:<\/strong><\/span><\/p>\n<p>( 5) Txuri Urdin &#8211; (2) Minolto &#8211; (2) Paniside &#8211; (3) Dublin Maura &#8211; <strong>(3) Infinity One<\/strong> &#8211; (5) Last One.<\/p>\n<p><span style=\"text-decoration: underline;\"><strong>Ander Galdona: <\/strong><\/span><\/p>\n<p><strong>(<\/strong>5) Txuri Urdin &#8211; <strong>(3) Catacumbo<\/strong> &#8211; (2) Paniside &#8211; ( 1) Suspir\u00f3n &#8211; (3) Infinity One &#8211; (2) Tuergano.<\/p>\n<p><span style=\"text-decoration: underline;\"><strong>Asier Melara<\/strong> :<\/span><\/p>\n<p><strong>(5) Txuri Urdin<\/strong> &#8211; (8) Kupelina &#8211; (3) Vraivita &#8211; (3) Dublin Maura &#8211; (2) Bara\u00f1ain &#8211; (3) Golden Dynasty<\/p>\n<p><span style=\"text-decoration: underline;\"><strong>Jes\u00fas Galdona<\/strong> :<\/span><\/p>\n<p>(6)Artesa &#8211; (2) Minolto -( 10) Liberalia &#8211; <strong>(1) Suspir\u00f3n<\/strong> &#8211; (3) Infinity One &#8211; (3) Golden Dinasty<\/p>\n<p><span style=\"text-decoration: underline;\"><strong>I\u00f1igo Zabaleta<\/strong> :\u00a0<\/span><\/p>\n<p>(6) Artesa &#8211; <strong>(2) Minolto<\/strong> &#8211; (6) Diamond Beat &#8211; (4) Dust Whirli &#8211; ( 3) Infinity One &#8211; (1) Devorapasitos<\/p>\n<p><span style=\"text-decoration: underline;\"><strong>Kike Marrah<\/strong>i: \u00a0<\/span><\/p>\n<p>(6) Artesa &#8211; <strong>(2) Minolto<\/strong> &#8211; (2) Paniside &#8211; (6) Vega de Castilla &#8211; ( 3) Infinity One &#8211; (3) Golden Dinasty<\/p>\n<p><span style=\"text-decoration: underline;\"><strong>Pepe Dioni<\/strong>:\u00a0\u00a0\u00a0\u00a0\u00a0 \u00a0<\/span><\/p>\n<p>(1) Urdazuri &#8211; (1) Getare &#8211;<strong> (8) La Mora\u00f1a<\/strong> &#8211; (2) Crack &#8211; (2) Bara\u00f1ain &#8211; ( 5) Last One<\/p>\n<p><span style=\"text-decoration: underline;\"><strong>Vicente Marrah<\/strong>i:\u00a0<\/span><\/p>\n<p>(5) Txuri Urdin &#8211; (2) Minolto &#8211; (2) Paniside &#8211; (7) Sol Dyhim &#8211; <strong>(7) Baby Cookie<\/strong> &#8211; (1) Devorapasitos<\/p>\n<p><span style=\"text-decoration: underline;\"><strong>Christian Delcher<\/strong>:<\/span><\/p>\n<p>(6) Artesa &#8211; (9) Rea Silvia &#8211; ( 2) Minolto &#8211; (5) Tio Luis &#8211; (7) Baby Cookie &#8211; <strong>(5) Last One<\/strong><\/p>\n<p><span style=\"text-decoration: underline;\"><strong>Javier Yurrita<\/strong> :<\/span><\/p>\n<p>(5) Txuri Urdin- (2) Minolto &#8211; <strong>(2) Paniside<\/strong> &#8211; (4)\u00a0 Dust Whirli-\u00a0 (3) Infinity One &#8211; (5)\u00a0 Last One<\/p>\n<div id=\"attachment_32\" style=\"width: 419px\" class=\"wp-caption alignleft\"><a href=\"\/caballo-ganador\/wp-content\/uploads\/sites\/61\/2013\/07\/IMG_6146.jpg\"><img aria-describedby=\"caption-attachment-32\" loading=\"lazy\" class=\" wp-image-32\" title=\"IMG_6146\" src=\"\/caballo-ganador\/wp-content\/uploads\/sites\/61\/2013\/07\/IMG_6146.jpg\" alt=\"\" width=\"409\" height=\"274\" srcset=\"https:\/\/static-blogs.diariovasco.com\/wp-content\/uploads\/sites\/61\/2013\/07\/IMG_6146.jpg 660w, https:\/\/static-blogs.diariovasco.com\/wp-content\/uploads\/sites\/61\/2013\/07\/IMG_6146-300x200.jpg 300w\" sizes=\"(max-width: 409px) 100vw, 409px\" \/><\/a><\/dt>\n<\/dl>\n<\/div>\n<p>&nbsp;<\/p>\n<p><strong>\u00a0 ENTREVISTA<\/strong><\/p>\n<p>En el transcurso de la comida saltaron numerosas preguntas al preparador Christian Delcher. Aqu\u00ed un peque\u00f1o resumen:<\/p>\n<p><strong>A.M<\/strong>. \u00bfCu\u00e1l ha sido t\u00fa recuerdo m\u00e1s emocionante como profesional ?<\/p>\n<p><strong>C.D.<\/strong> Sin duda la victoria en el Derby con Galizano.<\/p>\n<p><strong>I.A<\/strong>. \u00bfLa principal baza de t\u00fa cuadra?<\/p>\n<p><strong>C.D<\/strong>. Tengo caballos muy buenos en la actualidad pero para mi el n\u00famero uno es Frankyfourfingers.<\/p>\n<p><strong>V.M<\/strong>. \u00bf Estar\u00e1s encantado con la racha triunfal de Mauri?<\/p>\n<p><strong>C.D.<\/strong> Siempre he dicho y estoy convencido de ello,\u00a0 que Mauri es uno de los mejores entrenadores del mundo. Le ha costado salir pero ahora lo veo imparable. Es un n\u00famero uno.<\/p>\n<p><strong>A.G<\/strong>.\u00a0 \u00bf Qu\u00e9 esperas de los grandes premios de San Sebasti\u00e1n?<\/p>\n<p><strong>C.D.<\/strong> Este a\u00f1o vengo con ejemplares que tendr\u00e1n muy buenas probabilidades. Filly Medi en el Kutxa, Ares D&#8217;embra en el Gobierno Vasco y Polarsturm en el Gran Premio de San Sebasti\u00e1n, ahora mismo no los cambio por ninguno. Todos van a pelear estas carreras.<\/p>\n<p><strong>K.M. \u00bf<\/strong> Te planteas instalarte en Par\u00eds?<\/p>\n<p><strong>C.D<\/strong>. Acabo de arreglar mi casa que est\u00e1 en la misma cuadra que tengo en Pau y hasta que me jubile no me muevo de all\u00ed.<\/p>\n<p>&nbsp;<\/p>\n<p><strong>EL MEN\u00da<\/strong><\/p>\n<p>Es el turno de comentar la comida que prepar\u00f3 el equipo de Luis Mari Bujanda , liderado por\u00a0\u00a0 Nacho Gracia. En Abarka se come por encima de todo un buen producto elaborado con la mano de un jefe de cocina que sabe lo que quieren sus asiduos clientes. Ahora es su temporada alta y sin duda estamos ante uno de los restaurantes que m\u00e1s trabajan en Gipuzkoa. La combinaci\u00f3n ganadora fue: arroz con bogavante y n\u00e9coras y chulet\u00f3n\u00a0 con patatas de sart\u00e9n.<\/p>\n<p>&nbsp;<\/p>\n<div class=\"mceTemp\">\n<dl id=\"attachment_33\" class=\"wp-caption alignleft\" style=\"width: 433px;\">\n<dt class=\"wp-caption-dt\"><a href=\"\/caballo-ganador\/wp-content\/uploads\/sites\/61\/2013\/07\/IMG_6143.jpg\"><img aria-describedby=\"caption-attachment-32\" loading=\"lazy\" class=\" wp-image-33\" title=\"IMG_6143\" src=\"\/caballo-ganador\/wp-content\/uploads\/sites\/61\/2013\/07\/IMG_6143.jpg\" alt=\"\" width=\"423\" height=\"281\" srcset=\"https:\/\/static-blogs.diariovasco.com\/wp-content\/uploads\/sites\/61\/2013\/07\/IMG_6143.jpg 660w, https:\/\/static-blogs.diariovasco.com\/wp-content\/uploads\/sites\/61\/2013\/07\/IMG_6143-300x200.jpg 300w\" sizes=\"(max-width: 423px) 100vw, 423px\" \/><\/a><p id=\"caption-attachment-32\" class=\"wp-caption-text\">Este plato se ha convertido en una leyenda del restaurante.<\/p><\/div>\n<p>&nbsp;<\/p>\n<p>&nbsp;<\/p>\n<p>&nbsp;<\/p>\n<p>&nbsp;<\/p>\n<p>&nbsp;<\/p>\n<p>&nbsp;<\/p>\n<p>&nbsp;<\/p>\n<p>&nbsp;<\/p>\n<p>&nbsp;<\/p>\n<p>&nbsp;<\/p>\n<p>&nbsp;<\/p>\n<div id=\"attachment_34\" style=\"width: 429px\" class=\"wp-caption alignleft\"><a href=\"\/caballo-ganador\/wp-content\/uploads\/sites\/61\/2013\/07\/IMG_6144.jpg\"><img aria-describedby=\"caption-attachment-34\" loading=\"lazy\" class=\" wp-image-34\" title=\"IMG_6144\" src=\"\/caballo-ganador\/wp-content\/uploads\/sites\/61\/2013\/07\/IMG_6144.jpg\" alt=\"\" width=\"419\" height=\"280\" srcset=\"https:\/\/static-blogs.diariovasco.com\/wp-content\/uploads\/sites\/61\/2013\/07\/IMG_6144.jpg 660w, https:\/\/static-blogs.diariovasco.com\/wp-content\/uploads\/sites\/61\/2013\/07\/IMG_6144-300x200.jpg 300w\" sizes=\"(max-width: 419px) 100vw, 419px\" \/><\/a><p id=\"caption-attachment-34\" class=\"wp-caption-text\">El plato de carne volvi\u00f3 vac\u00edo. \u00a1Un buen s\u00edntoma!<\/p><\/div>\n<p>&nbsp;<\/p>\n<p>&nbsp;<\/p>\n<p>&nbsp;<\/p>\n<p>&nbsp;<\/p>\n<p>&nbsp;<\/p>\n<p>&nbsp;<\/p>\n<p>&nbsp;<\/p>\n<p>&nbsp;<\/p>\n<p>&nbsp;<\/p>\n<p>&nbsp;<\/p>\n<p>&nbsp;<\/p>\n<div id=\"attachment_37\" style=\"width: 426px\" class=\"wp-caption alignleft\"><a href=\"\/caballo-ganador\/wp-content\/uploads\/sites\/61\/2013\/07\/la-foto2.jpg\"><img aria-describedby=\"caption-attachment-37\" loading=\"lazy\" class=\" wp-image-37\" title=\"la foto\" src=\"\/caballo-ganador\/wp-content\/uploads\/sites\/61\/2013\/07\/la-foto2.jpg\" alt=\"\" width=\"416\" height=\"292\" \/><\/a><p id=\"caption-attachment-37\" class=\"wp-caption-text\">Restaurante Abarka en Hondarribia.<\/p><\/div>\n<p>&nbsp;<\/p>\n<p>&nbsp;<\/p>\n<p>&nbsp;<\/p>\n<p>&nbsp;<\/p>\n<p>&nbsp;<\/p>\n<p>&nbsp;<\/p>\n<p>&nbsp;<\/p>\n<p>&nbsp;<\/p>\n<p>&nbsp;<\/p>\n<p>&nbsp;<\/p>\n<p>&nbsp;<\/p>\n<p>En definitiva, muy buena comida en un\u00a0 entorno h\u00edpico que puso &#8221; toda la carne en el asador &#8221;\u00a0 para proporcionar los mejores pron\u00f3sticos en la segunda reuni\u00f3n de la temporada veraniega.<\/p>\n<p><strong>M\u00e1s informaci\u00f3n, pron\u00f3sticos de \u00faltima hora y sugerencias gastron\u00f3micas en Twitter:\u00a0 @JavierYurrita<\/strong><\/p>\n<p>&nbsp;<\/p>\n<!-- AddThis Advanced Settings generic via filter on the_content --><!-- AddThis Share Buttons generic via filter on the_content -->","protected":false},"excerpt":{"rendered":"<p>Este lunes con\u00a0 entrada\u00a0 gratuita y a las 17,55 horas,\u00a0 comenzar\u00e1\u00a0 la segunda jornada del verano cargada de alicientes y con un hip\u00f3dromo que presentar\u00e1 uno de los mejores ambientes de la temporada. A Caballo Ganador se fue hasta Hondarribia y en el Restaurante Abarka nos comprometimos a informar y pronosticar con un grupo de [&hellip;]<!-- AddThis Advanced Settings generic via filter on get_the_excerpt --><!-- AddThis Share Buttons generic via filter on get_the_excerpt --><\/p>\n","protected":false},"author":92,"featured_media":0,"comment_status":"open","ping_status":"closed","sticky":false,"template":"","format":"standard","meta":[],"categories":[6],"tags":[],"_links":{"self":[{"href":"https:\/\/blogs.diariovasco.com\/caballo-ganador\/wp-json\/wp\/v2\/posts\/11"}],"collection":[{"href":"https:\/\/blogs.diariovasco.com\/caballo-ganador\/wp-json\/wp\/v2\/posts"}],"about":[{"href":"https:\/\/blogs.diariovasco.com\/caballo-ganador\/wp-json\/wp\/v2\/types\/post"}],"author":[{"embeddable":true,"href":"https:\/\/blogs.diariovasco.com\/caballo-ganador\/wp-json\/wp\/v2\/users\/92"}],"replies":[{"embeddable":true,"href":"https:\/\/blogs.diariovasco.com\/caballo-ganador\/wp-json\/wp\/v2\/comments?post=11"}],"version-history":[{"count":0,"href":"https:\/\/blogs.diariovasco.com\/caballo-ganador\/wp-json\/wp\/v2\/posts\/11\/revisions"}],"wp:attachment":[{"href":"https:\/\/blogs.diariovasco.com\/caballo-ganador\/wp-json\/wp\/v2\/media?parent=11"}],"wp:term":[{"taxonomy":"category","embeddable":true,"href":"https:\/\/blogs.diariovasco.com\/caballo-ganador\/wp-json\/wp\/v2\/categories?post=11"},{"taxonomy":"post_tag","embeddable":true,"href":"https:\/\/blogs.diariovasco.com\/caballo-ganador\/wp-json\/wp\/v2\/tags?post=11"}],"curies":[{"name":"wp","href":"https:\/\/api.w.org\/{rel}","templated":true}]}}