{"id":126,"date":"2013-08-14T11:27:26","date_gmt":"2013-08-14T09:27:26","guid":{"rendered":"http:\/\/blogs.diariovasco.com\/caballo-ganador\/?p=126"},"modified":"2013-08-14T11:27:26","modified_gmt":"2013-08-14T09:27:26","slug":"la-familia-galdona-unos-aficionados-de-oro","status":"publish","type":"post","link":"https:\/\/blogs.diariovasco.com\/caballo-ganador\/2013\/08\/14\/la-familia-galdona-unos-aficionados-de-oro\/","title":{"rendered":"La familia Galdona, unos aficionados de oro."},"content":{"rendered":"<p>Unos platos de \u00a0un excelente pulpo fueron testigos de la conversaci\u00f3n con la familia que muy probablemente \u00a0viva con mayor pasi\u00f3n e intensidad las carreras de caballos en Gipuzkoa.<\/p>\n<p>Jes\u00fas Galdona y Tere I\u00f1urrategui junto a sus hijos Ander y Jon forman un n\u00facleo fuerte y unido a una serie de valores entre los que destacan el Turf \u00a0yla Real Sociedad.<\/p>\n<p>Profesionalmente est\u00e1n vinculados a Hipodromoa, desempe\u00f1ando distintas \u00a0facetas entre las que brillan sus narraciones sobre las \u00a0carreras francesas en PMU y sus pron\u00f3sticos para las mismas.<\/p>\n<p><a href=\"\/caballo-ganador\/wp-content\/uploads\/sites\/61\/2013\/08\/GALDONAS-ENCABEZANMIENTO1.jpg\"><img loading=\"lazy\" class=\"alignleft size-medium wp-image-157\" title=\"GALDONAS ENCABEZANMIENTO\" src=\"\/caballo-ganador\/wp-content\/uploads\/sites\/61\/2013\/08\/GALDONAS-ENCABEZANMIENTO1.jpg\" alt=\"\" width=\"300\" height=\"74\" srcset=\"https:\/\/static-blogs.diariovasco.com\/wp-content\/uploads\/sites\/61\/2013\/08\/GALDONAS-ENCABEZANMIENTO1.jpg 660w, https:\/\/static-blogs.diariovasco.com\/wp-content\/uploads\/sites\/61\/2013\/08\/GALDONAS-ENCABEZANMIENTO1-300x74.jpg 300w\" sizes=\"(max-width: 300px) 100vw, 300px\" \/><\/a>Al llegar a casa puede parecer que la jornada h\u00edpica ha terminado pero nada m\u00e1s lejos dela realidad. Equidiapreside el sal\u00f3n de su hogar como primera opci\u00f3n entre todos los canales de la televisi\u00f3n.<\/p>\n<p>J.Y \u00bfC\u00f3mo empez\u00f3 todo?<\/p>\n<p>J.G. Una tarde de verano que parec\u00eda iba a ser aburrida, me fij\u00e9 en el anuncio de\u00a0 EL DIARIO VASCO sobre las carreras y aparec\u00ed en el hip\u00f3dromo. Fue lo que se dice un flechazo. Marc\u00f3 un antes y un despu\u00e9s . Luego realizaba apuestas en el trabajo con Tere, que m\u00e1s tarde ser\u00eda mi mujer.<\/p>\n<p>A los dos nos gustaban los caballos y \u00a0posteriormente inculcamos la afici\u00f3n a nuestros hijos.<\/p>\n<p>J.Y. \u00bfLo vivieron desde muy peque\u00f1os?<\/p>\n<p>J.G. Ander no sab\u00eda leer y ya le compr\u00e1bamosla revista. Yole cantaba los nombres de los caballos y \u00e9l los memorizaba. Al llegar al Hip\u00f3dromo le ped\u00edan pron\u00f3sticos y le hac\u00eda ilusi\u00f3n dar su favorito.<\/p>\n<p><a href=\"\/caballo-ganador\/wp-content\/uploads\/sites\/61\/2013\/08\/PRISMATICOS1.jpg\"><img loading=\"lazy\" class=\"alignleft size-medium wp-image-160\" title=\"PRISMATICOS\" src=\"\/caballo-ganador\/wp-content\/uploads\/sites\/61\/2013\/08\/PRISMATICOS1.jpg\" alt=\"\" width=\"300\" height=\"198\" srcset=\"https:\/\/static-blogs.diariovasco.com\/wp-content\/uploads\/sites\/61\/2013\/08\/PRISMATICOS1.jpg 424w, https:\/\/static-blogs.diariovasco.com\/wp-content\/uploads\/sites\/61\/2013\/08\/PRISMATICOS1-300x198.jpg 300w\" sizes=\"(max-width: 300px) 100vw, 300px\" \/><\/a>J.Y. \u00bfHab\u00e9is viajado mucho en torno al Turf?<\/p>\n<p>J.G. Por supuesto. Conocemos todos los hip\u00f3dromos espa\u00f1oles y muchos de Francia. Como an\u00e9cdota, fuimos a Eurodisney cuando eran unos cr\u00edos y se quer\u00edan marchar para acudir a Longchamp.<\/p>\n<p>J.Y. \u00bfVuestro mejor recuerdo h\u00edpico?<\/p>\n<p>Jes\u00fas. Hay coincidencia. Sin duda cuando gan\u00f3 Star Dust Melody en Par\u00eds. Fue\u00a0 una emoci\u00f3n indescriptible.<\/p>\n<p>Tere. Me acuerdo de que me llam\u00f3 Jes\u00fas y me dijo \u201cya me puedo morir\u201d.<\/p>\n<p>J.Y. Ten\u00e9is distribuidas las tareas por especialidades\u2026<\/p>\n<p>Ander. Yo me ocupo del liso, visualizo muchos v\u00eddeos y en ellos baso mis pron\u00f3sticos. Jon lleva la especialidad de vallas y utiliza el mismo sistema de an\u00e1lisis. A Jes\u00fas le gusta el trote y cuando da un pron\u00f3stico se lo piensa dos veces. Tiene\u00a0 mucho respeto al apostante de dos euros.<\/p>\n<p>J.Y. Otra de vuestras pasiones esla Real Sociedad\u2026<\/p>\n<p>Jon. Yo soy entrenador de f\u00fatbol, llevo el S.A.N.S.E. y la Real es parte de mi vida.<\/p>\n<p>Jes\u00fas. \u00a1Uff\u2026! En casa la Real es una religi\u00f3n. Muchos a\u00f1os organizamos las vacaciones en funci\u00f3n de los desplazamientos del equipo.<\/p>\n<p>J.Y. \u00bfC\u00f3mo veis esta temporada?<\/p>\n<p>Tere. Yo estoy con una moral incre\u00edble, creo que estaremos donde nos merecemos: en la parte alta de la tabla y tengo mucha ilusi\u00f3n por Europa.<\/p>\n<p>Ander. Si nos respetan las lesiones, seguro que salimos adelante aunque la baja de Illarra se puede notar. Soy optimista.<\/p>\n<p><a href=\"\/caballo-ganador\/wp-content\/uploads\/sites\/61\/2013\/08\/JON-CON-FLORENTINO2.jpg\"><img loading=\"lazy\" class=\"alignleft size-medium wp-image-162\" title=\"JON-CON-FLORENTINO\" src=\"\/caballo-ganador\/wp-content\/uploads\/sites\/61\/2013\/08\/JON-CON-FLORENTINO2.jpg\" alt=\"\" width=\"199\" height=\"300\" srcset=\"https:\/\/static-blogs.diariovasco.com\/wp-content\/uploads\/sites\/61\/2013\/08\/JON-CON-FLORENTINO2.jpg 283w, https:\/\/static-blogs.diariovasco.com\/wp-content\/uploads\/sites\/61\/2013\/08\/JON-CON-FLORENTINO2-199x300.jpg 199w\" sizes=\"(max-width: 199px) 100vw, 199px\" \/><\/a>J.Y. Es una pr\u00e1ctica habitual pedir una recomendaci\u00f3n gastron\u00f3mica para antes o despu\u00e9s de las carreras.<\/p>\n<p>Jon. Asador Irigoien en Zubieta. Tienen muy buena chuleta y vamos siempre que podemos.<\/p>\n<p>Jes\u00fas. Bernardo Etxea enla Parte Vieja.Megusta mucho el pescado y aqu\u00ed es de grupo 1.<\/p>\n<p>Ander. El a\u00f1o pasado estuvimos con A Caballo Ganador en el Front\u00f3n de Tolosa y se convirti\u00f3 en mi restaurante favorito.<\/p>\n<!-- AddThis Advanced Settings generic via filter on the_content --><!-- AddThis Share Buttons generic via filter on the_content -->","protected":false},"excerpt":{"rendered":"<p>Unos platos de \u00a0un excelente pulpo fueron testigos de la conversaci\u00f3n con la familia que muy probablemente \u00a0viva con mayor pasi\u00f3n e intensidad las carreras de caballos en Gipuzkoa. Jes\u00fas Galdona y Tere I\u00f1urrategui junto a sus hijos Ander y Jon forman un n\u00facleo fuerte y unido a una serie de valores entre los que [&hellip;]<!-- AddThis Advanced Settings generic via filter on get_the_excerpt --><!-- AddThis Share Buttons generic via filter on get_the_excerpt --><\/p>\n","protected":false},"author":92,"featured_media":0,"comment_status":"open","ping_status":"closed","sticky":false,"template":"","format":"standard","meta":[],"categories":[3],"tags":[],"_links":{"self":[{"href":"https:\/\/blogs.diariovasco.com\/caballo-ganador\/wp-json\/wp\/v2\/posts\/126"}],"collection":[{"href":"https:\/\/blogs.diariovasco.com\/caballo-ganador\/wp-json\/wp\/v2\/posts"}],"about":[{"href":"https:\/\/blogs.diariovasco.com\/caballo-ganador\/wp-json\/wp\/v2\/types\/post"}],"author":[{"embeddable":true,"href":"https:\/\/blogs.diariovasco.com\/caballo-ganador\/wp-json\/wp\/v2\/users\/92"}],"replies":[{"embeddable":true,"href":"https:\/\/blogs.diariovasco.com\/caballo-ganador\/wp-json\/wp\/v2\/comments?post=126"}],"version-history":[{"count":0,"href":"https:\/\/blogs.diariovasco.com\/caballo-ganador\/wp-json\/wp\/v2\/posts\/126\/revisions"}],"wp:attachment":[{"href":"https:\/\/blogs.diariovasco.com\/caballo-ganador\/wp-json\/wp\/v2\/media?parent=126"}],"wp:term":[{"taxonomy":"category","embeddable":true,"href":"https:\/\/blogs.diariovasco.com\/caballo-ganador\/wp-json\/wp\/v2\/categories?post=126"},{"taxonomy":"post_tag","embeddable":true,"href":"https:\/\/blogs.diariovasco.com\/caballo-ganador\/wp-json\/wp\/v2\/tags?post=126"}],"curies":[{"name":"wp","href":"https:\/\/api.w.org\/{rel}","templated":true}]}}