{"id":140,"date":"2013-08-14T10:50:15","date_gmt":"2013-08-14T08:50:15","guid":{"rendered":"http:\/\/blogs.diariovasco.com\/caballo-ganador\/?p=140"},"modified":"2013-08-14T10:50:15","modified_gmt":"2013-08-14T08:50:15","slug":"la-copa-de-oro-el-gran-dia","status":"publish","type":"post","link":"https:\/\/blogs.diariovasco.com\/caballo-ganador\/2013\/08\/14\/la-copa-de-oro-el-gran-dia\/","title":{"rendered":"La Copa de Oro, el gran d\u00eda."},"content":{"rendered":"<p>Con la llegada de la fecha h\u00edpica m\u00e1s importante del a\u00f1o para los donostiarras, la alineaci\u00f3n para la ocasi\u00f3n de A Caballo Ganador se traslad\u00f3 despu\u00e9s de las carreras del domingo pasado al Asador San Mart\u00edn de Orio.<\/p>\n<p>Hubo m\u00e1s pol\u00e9mica y debate que nunca a la hora de analizar la victoria de Filly Medi y de valorar a priori el desenlace de la Copa de Oro de San Sebasti\u00e1n. Todo transcurri\u00f3 en una cena m\u00e1s de las que podemos calificar como excelente, y es que la selecci\u00f3n realizada para participar en estos encuentros ha sido de primer orden. El besugo se gan\u00f3 el aplauso un\u00e1nime y hubo coincidencia de que hab\u00eda sido el mejor que se hab\u00eda comido en mucho tiempo. La vieira gratinada fue la sorpresa de la jornada.<\/p>\n<div id=\"attachment_143\" style=\"width: 310px\" class=\"wp-caption alignleft\"><a href=\"\/caballo-ganador\/wp-content\/uploads\/sites\/61\/2013\/08\/grupo-san-martin1.jpg\"><img aria-describedby=\"caption-attachment-143\" loading=\"lazy\" class=\"size-medium wp-image-143\" title=\"grupo san martin\" src=\"\/caballo-ganador\/wp-content\/uploads\/sites\/61\/2013\/08\/grupo-san-martin1.jpg\" alt=\"\" width=\"300\" height=\"224\" srcset=\"https:\/\/static-blogs.diariovasco.com\/wp-content\/uploads\/sites\/61\/2013\/08\/grupo-san-martin1.jpg 1296w, https:\/\/static-blogs.diariovasco.com\/wp-content\/uploads\/sites\/61\/2013\/08\/grupo-san-martin1-300x224.jpg 300w, https:\/\/static-blogs.diariovasco.com\/wp-content\/uploads\/sites\/61\/2013\/08\/grupo-san-martin1-768x574.jpg 768w, https:\/\/static-blogs.diariovasco.com\/wp-content\/uploads\/sites\/61\/2013\/08\/grupo-san-martin1-1024x765.jpg 1024w\" sizes=\"(max-width: 300px) 100vw, 300px\" \/><\/a><p id=\"caption-attachment-143\" class=\"wp-caption-text\">Una de las alineaciones habituales junto a Maixa Meride\u00f1o y Tere I\u00f1urrategui<\/p><\/div>\n<p>El favoritismo de Celtic Rock se puso en entredicho por algunos, se\u00f1alando que el recorrido no le va a favorecer\u00a0 como otras veces y la presi\u00f3n de Australia Day por adue\u00f1arse de la cabeza le puede perjudicar seriamente. Otros no ve\u00edan inconveniente alguno y le marcaban al caballo de Eduardo Fierro como un favorito indiscutible.\u00a0 Se habl\u00f3 tambi\u00e9n de Esles y Abdel aunque del primero se dijo que su mayor enemigo estar\u00eda en el paddock. A los caballos no les suele fallar la memoria y el incidente del a\u00f1o pasado puede incrementar a\u00fan m\u00e1s su temperamento. Se intuye un recorrido selectivo con un fuerte paso que impondr\u00e1n varios ejemplares punteros que no saben enfocar su participaci\u00f3n de otra manera.<\/p>\n<p><a href=\"\/caballo-ganador\/wp-content\/uploads\/sites\/61\/2013\/08\/pazi.jpg\"><img loading=\"lazy\" class=\"alignleft size-medium wp-image-145\" title=\"El ganador de la \u00faltima edici\u00f3n.\" src=\"\/caballo-ganador\/wp-content\/uploads\/sites\/61\/2013\/08\/pazi.jpg\" alt=\"\" width=\"240\" height=\"300\" srcset=\"https:\/\/static-blogs.diariovasco.com\/wp-content\/uploads\/sites\/61\/2013\/08\/pazi.jpg 321w, https:\/\/static-blogs.diariovasco.com\/wp-content\/uploads\/sites\/61\/2013\/08\/pazi-241x300.jpg 241w\" sizes=\"(max-width: 240px) 100vw, 240px\" \/><\/a>Agotado un excelente vino Finca de San Mart\u00edn de Torre de O\u00f1a, el equipo se lanz\u00f3 a los pron\u00f3sticos de toda la jornada.<\/p>\n<p>Asier Melara.<\/p>\n<p>Brindos. Creo que va a repetir.<\/p>\n<p>Son Real. Es el tapado de la carrera.<\/p>\n<p>Alfredo L\u00f3pez (Cuadra Popular).<\/p>\n<p>Brindos. Es el caballo a batir.<\/p>\n<p>Irabia. Le veo ganador.<\/p>\n<p>Kike Marrahi.<\/p>\n<p>Maydrit Santos. Me encanta.<\/p>\n<p>Aguamarina. Distancia perfecta para ella.<\/p>\n<p>Pepe Dioni.<\/p>\n<p>Kiriko. Me gusta para ganar.<\/p>\n<p>Celtic Rock. El ganador de la jornada.<\/p>\n<p>David Miner.<\/p>\n<p>Vega de Castilla. Creo que es su d\u00eda.<\/p>\n<p>Brindos. Lo veo ganador.<\/p>\n<p>Vicente Marrahi.<\/p>\n<p>Celtic Rock. Quiero que gane y creo que va a ganar.<\/p>\n<p>Maydrit Santos. Tuvo un claro apunte ganador.<\/p>\n<p>Jes\u00fas Galdona.<\/p>\n<p>Dublin Maura. Me parece fijo.<\/p>\n<p>Brindos. Otro fijo. Es \u201cArizcorreta day\u201d.<\/p>\n<p>I\u00f1igo Zabaleta.<\/p>\n<p>Son Real. Es un buen potro, me gusta.<\/p>\n<p>Al Quest. Creo que repite.<\/p>\n<p>Javier Hern\u00e1ndez.<\/p>\n<p>Sergi Swing. Me quedo con el para ganar.<\/p>\n<p>Paniside. Como sorpresa.<\/p>\n<p>Javier Yurrita.<\/p>\n<p>Maydrit Santos. Me gust\u00f3 mucho su \u00faltimo remate.<\/p>\n<p>Brindos. Me gusta para repetir.<\/p>\n<p>&nbsp;<\/p>\n<div id=\"attachment_148\" style=\"width: 310px\" class=\"wp-caption alignleft\"><a href=\"\/caballo-ganador\/wp-content\/uploads\/sites\/61\/2013\/08\/abdel.jpg\"><img aria-describedby=\"caption-attachment-148\" loading=\"lazy\" class=\"size-medium wp-image-148\" title=\"abdel\" src=\"\/caballo-ganador\/wp-content\/uploads\/sites\/61\/2013\/08\/abdel.jpg\" alt=\"\" width=\"300\" height=\"199\" srcset=\"https:\/\/static-blogs.diariovasco.com\/wp-content\/uploads\/sites\/61\/2013\/08\/abdel.jpg 1247w, https:\/\/static-blogs.diariovasco.com\/wp-content\/uploads\/sites\/61\/2013\/08\/abdel-300x200.jpg 300w, https:\/\/static-blogs.diariovasco.com\/wp-content\/uploads\/sites\/61\/2013\/08\/abdel-768x512.jpg 768w, https:\/\/static-blogs.diariovasco.com\/wp-content\/uploads\/sites\/61\/2013\/08\/abdel-1024x682.jpg 1024w\" sizes=\"(max-width: 300px) 100vw, 300px\" \/><\/a><p id=\"caption-attachment-148\" class=\"wp-caption-text\">Abdel puede ser la sorpresa de la carrera. Foto Corta Cabeza<\/p><\/div>\n<p>&nbsp;<\/p>\n<p>&nbsp;<\/p>\n<p>&nbsp;<\/p>\n<p>&nbsp;<\/p>\n<p>&nbsp;<\/p>\n<p>&nbsp;<\/p>\n<p>&nbsp;<\/p>\n<p>&nbsp;<\/p>\n<p>&nbsp;<\/p>\n<p>Y para inmortalizar la gemela favorita del Asador San Mart\u00edn de Orio, aqu\u00ed quedan las dos fotograf\u00edas.<\/p>\n<div id=\"attachment_151\" style=\"width: 310px\" class=\"wp-caption alignleft\"><a href=\"\/caballo-ganador\/wp-content\/uploads\/sites\/61\/2013\/08\/vieiria.jpg\"><img aria-describedby=\"caption-attachment-151\" loading=\"lazy\" class=\"size-medium wp-image-151\" title=\"vieiria\" src=\"\/caballo-ganador\/wp-content\/uploads\/sites\/61\/2013\/08\/vieiria.jpg\" alt=\"\" width=\"300\" height=\"224\" srcset=\"https:\/\/static-blogs.diariovasco.com\/wp-content\/uploads\/sites\/61\/2013\/08\/vieiria.jpg 1296w, https:\/\/static-blogs.diariovasco.com\/wp-content\/uploads\/sites\/61\/2013\/08\/vieiria-300x224.jpg 300w, https:\/\/static-blogs.diariovasco.com\/wp-content\/uploads\/sites\/61\/2013\/08\/vieiria-768x574.jpg 768w, https:\/\/static-blogs.diariovasco.com\/wp-content\/uploads\/sites\/61\/2013\/08\/vieiria-1024x765.jpg 1024w\" sizes=\"(max-width: 300px) 100vw, 300px\" \/><\/a><p id=\"caption-attachment-151\" class=\"wp-caption-text\">La vieira sorprendi\u00f3 positivamente.<\/p><\/div>\n<p>&nbsp;<\/p>\n<p>&nbsp;<\/p>\n<p>&nbsp;<\/p>\n<p>&nbsp;<\/p>\n<p>&nbsp;<\/p>\n<p>&nbsp;<\/p>\n<p>&nbsp;<\/p>\n<p>&nbsp;<\/p>\n<p>&nbsp;<\/p>\n<div id=\"attachment_152\" style=\"width: 310px\" class=\"wp-caption alignleft\"><a href=\"\/caballo-ganador\/wp-content\/uploads\/sites\/61\/2013\/08\/besugo-San-martin.jpg\"><img aria-describedby=\"caption-attachment-152\" loading=\"lazy\" class=\"size-medium wp-image-152\" title=\"besugo San martin\" src=\"\/caballo-ganador\/wp-content\/uploads\/sites\/61\/2013\/08\/besugo-San-martin.jpg\" alt=\"\" width=\"300\" height=\"224\" srcset=\"https:\/\/static-blogs.diariovasco.com\/wp-content\/uploads\/sites\/61\/2013\/08\/besugo-San-martin.jpg 2592w, https:\/\/static-blogs.diariovasco.com\/wp-content\/uploads\/sites\/61\/2013\/08\/besugo-San-martin-300x224.jpg 300w, https:\/\/static-blogs.diariovasco.com\/wp-content\/uploads\/sites\/61\/2013\/08\/besugo-San-martin-768x574.jpg 768w, https:\/\/static-blogs.diariovasco.com\/wp-content\/uploads\/sites\/61\/2013\/08\/besugo-San-martin-1024x765.jpg 1024w\" sizes=\"(max-width: 300px) 100vw, 300px\" \/><\/a><p id=\"caption-attachment-152\" class=\"wp-caption-text\">El besugo estaba sensacional.<\/p><\/div>\n<!-- AddThis Advanced Settings generic via filter on the_content --><!-- AddThis Share Buttons generic via filter on the_content -->","protected":false},"excerpt":{"rendered":"<p>Con la llegada de la fecha h\u00edpica m\u00e1s importante del a\u00f1o para los donostiarras, la alineaci\u00f3n para la ocasi\u00f3n de A Caballo Ganador se traslad\u00f3 despu\u00e9s de las carreras del domingo pasado al Asador San Mart\u00edn de Orio. Hubo m\u00e1s pol\u00e9mica y debate que nunca a la hora de analizar la victoria de Filly Medi [&hellip;]<!-- AddThis Advanced Settings generic via filter on get_the_excerpt --><!-- AddThis Share Buttons generic via filter on get_the_excerpt --><\/p>\n","protected":false},"author":92,"featured_media":0,"comment_status":"open","ping_status":"closed","sticky":false,"template":"","format":"standard","meta":[],"categories":[6],"tags":[],"_links":{"self":[{"href":"https:\/\/blogs.diariovasco.com\/caballo-ganador\/wp-json\/wp\/v2\/posts\/140"}],"collection":[{"href":"https:\/\/blogs.diariovasco.com\/caballo-ganador\/wp-json\/wp\/v2\/posts"}],"about":[{"href":"https:\/\/blogs.diariovasco.com\/caballo-ganador\/wp-json\/wp\/v2\/types\/post"}],"author":[{"embeddable":true,"href":"https:\/\/blogs.diariovasco.com\/caballo-ganador\/wp-json\/wp\/v2\/users\/92"}],"replies":[{"embeddable":true,"href":"https:\/\/blogs.diariovasco.com\/caballo-ganador\/wp-json\/wp\/v2\/comments?post=140"}],"version-history":[{"count":0,"href":"https:\/\/blogs.diariovasco.com\/caballo-ganador\/wp-json\/wp\/v2\/posts\/140\/revisions"}],"wp:attachment":[{"href":"https:\/\/blogs.diariovasco.com\/caballo-ganador\/wp-json\/wp\/v2\/media?parent=140"}],"wp:term":[{"taxonomy":"category","embeddable":true,"href":"https:\/\/blogs.diariovasco.com\/caballo-ganador\/wp-json\/wp\/v2\/categories?post=140"},{"taxonomy":"post_tag","embeddable":true,"href":"https:\/\/blogs.diariovasco.com\/caballo-ganador\/wp-json\/wp\/v2\/tags?post=140"}],"curies":[{"name":"wp","href":"https:\/\/api.w.org\/{rel}","templated":true}]}}