{"id":204,"date":"2014-07-18T13:53:20","date_gmt":"2014-07-18T11:53:20","guid":{"rendered":"http:\/\/blogs.diariovasco.com\/caballo-ganador\/?p=204"},"modified":"2014-07-18T13:53:20","modified_gmt":"2014-07-18T11:53:20","slug":"a-caballo-ganador-empezo-en-el-arroka-berri","status":"publish","type":"post","link":"https:\/\/blogs.diariovasco.com\/caballo-ganador\/2014\/07\/18\/a-caballo-ganador-empezo-en-el-arroka-berri\/","title":{"rendered":"A Caballo Ganador empez\u00f3 en el Arroka Berri."},"content":{"rendered":"<p>A Caballo Ganador 2014 baj\u00f3 la bandera desde un cl\u00e1sico en su calendario, el\u00a0 Arroka Berri de Hondarribia. Este establecimiento lo regenta Jes\u00fas Ancisar con un estilo propio y triunfador que le ha llevado a colocar a su restaurante entre los primeros de nuestra provincia. El \u00e9xito diario es su mejor tarjeta de presentaci\u00f3n. Recientemente galardonado por los Premios M\u00e1s Gastronom\u00eda de El Diario Vasco como &#8221; La carta m\u00e1s completa de Gipuzkoa&#8221; es el t\u00edpico sitio donde siempre se come bien. El men\u00fa no defraud\u00f3 y estuvo a tono con las visitas que hemos realizado a este restaurante \u00faltimamente . La \u00a0casa apuesta por el producto y as\u00ed es f\u00e1cil ganarse los aplausos de la clientela.<\/p>\n<p>Un comedor acogedor, buenas materias primas y toneladas de simpat\u00eda en el servicio son las fortalezas del que es un\u00a0 indiscutible icono de la restauraci\u00f3n en la comarca del Bidasoa.<\/p>\n<div id=\"attachment_211\" style=\"width: 310px\" class=\"wp-caption alignleft\"><a href=\"\/caballo-ganador\/wp-content\/uploads\/sites\/61\/2014\/07\/GRUPO-ARROKA.jpg\"><img aria-describedby=\"caption-attachment-211\" loading=\"lazy\" class=\"size-medium wp-image-211\" title=\"GRUPO ARROKA\" src=\"\/caballo-ganador\/wp-content\/uploads\/sites\/61\/2014\/07\/GRUPO-ARROKA-e1405666556647.jpg\" alt=\"\" width=\"300\" height=\"224\" srcset=\"https:\/\/static-blogs.diariovasco.com\/wp-content\/uploads\/sites\/61\/2014\/07\/GRUPO-ARROKA-e1405666556647.jpg 2592w, https:\/\/static-blogs.diariovasco.com\/wp-content\/uploads\/sites\/61\/2014\/07\/GRUPO-ARROKA-e1405666556647-300x224.jpg 300w, https:\/\/static-blogs.diariovasco.com\/wp-content\/uploads\/sites\/61\/2014\/07\/GRUPO-ARROKA-e1405666556647-768x574.jpg 768w, https:\/\/static-blogs.diariovasco.com\/wp-content\/uploads\/sites\/61\/2014\/07\/GRUPO-ARROKA-e1405666556647-1024x765.jpg 1024w\" sizes=\"(max-width: 300px) 100vw, 300px\" \/><\/a><p id=\"caption-attachment-211\" class=\"wp-caption-text\">Pepe Dioni, Jes\u00fas Galdona, Ander Galdona, I\u00f1igo Zabaleta, Asier Melara, Javier Yurrita,Vicente Marrahi, Kike Marrahi, Jon Galdona e Imanol Arruti.<\/p><\/div>\n<p>&nbsp;<\/p>\n<p>La primera jornada nos depar\u00f3 una comida en la que charlamos sobre los Premios A Caballo Ganador que tendr\u00e1n lugar el 16 de agosto y sirvi\u00f3 para designar a los galardonados.<\/p>\n<p>&nbsp;<\/p>\n<p>&nbsp;<\/p>\n<p>Esta es la lista afortunada:<\/p>\n<p>Canal Equidia: Por su insustituible aportaci\u00f3n al Turf.<\/p>\n<p>Ana Imaz: Por su brillante trabajo con acento donostiarra.<\/p>\n<p>Javier Hern\u00e1ndez: A la mejor labor period\u00edstica.<\/p>\n<p>Janacek : \u00a0Mejor Jockey.<\/p>\n<p>Christian Delcher: \u00a0Preparador m\u00e1s relevante.<\/p>\n<p>Juan Carlos Mart\u00ednez: Premio Emilio Casti\u00f1eira al gran aficionado.<\/p>\n<p>Eduardo Fierro: \u00a0Personalidad h\u00edpica.<\/p>\n<p>Grupo Bola\u00f1os: \u00a0Propietarios del a\u00f1o.<\/p>\n<p><span style=\"color: #ff0000;\">GRAN PREMIO \u00a0A CABALLO GANADOR: \u00a0<\/span>Familia Delcher, \u00a0saga de ganadores.<\/p>\n<p>&nbsp;<\/p>\n<div id=\"attachment_206\" style=\"width: 310px\" class=\"wp-caption alignleft\"><a href=\"\/caballo-ganador\/wp-content\/uploads\/sites\/61\/2014\/07\/NOOZHOH-CANARIAS1.jpg\"><img aria-describedby=\"caption-attachment-206\" loading=\"lazy\" class=\"size-medium wp-image-206\" title=\"NOOZHOH CANARIAS\" src=\"\/caballo-ganador\/wp-content\/uploads\/sites\/61\/2014\/07\/NOOZHOH-CANARIAS1.jpg\" alt=\"\" width=\"300\" height=\"236\" srcset=\"https:\/\/static-blogs.diariovasco.com\/wp-content\/uploads\/sites\/61\/2014\/07\/NOOZHOH-CANARIAS1.jpg 675w, https:\/\/static-blogs.diariovasco.com\/wp-content\/uploads\/sites\/61\/2014\/07\/NOOZHOH-CANARIAS1-300x237.jpg 300w\" sizes=\"(max-width: 300px) 100vw, 300px\" \/><\/a><p id=\"caption-attachment-206\" class=\"wp-caption-text\">Noozhoh canarias en Chantilly.<\/p><\/div>\n<p>Tambi\u00e9n se abord\u00f3 la carrera de Noozhoh Canarias y su posterior desembarco en la preparaci\u00f3n de Carlos Laffon en Chantilly. Hubo disparidad de opiniones. Personalmente creo que la aportaci\u00f3n del Grupo Bola\u00f1os a las carreras de caballos en nuestro pa\u00eds es impagable. Sin riesgo no hay beneficio y su osad\u00eda y ambici\u00f3n han ocupado portadas de medios nacionales e internacionales que hasta hace poco habr\u00eda sido ciencia ficci\u00f3n pensar en poder protagonizarlas por parte de cualquier miembro de nuestro Turf. Las cr\u00edticas a esta cuadra y su entorno no las entiendo, nuestros hip\u00f3dromos necesitan muchos aficionados y propietarios as\u00ed. Adem\u00e1s despu\u00e9s de visto&#8230;<\/p>\n<p>La baja de Cielo Canarias ha supuesto un duro golpe para el Grupo Bola\u00f1os y ojal\u00e0 la aventura francesa de Noozhoh Canarias termine de manera exitosa. Vamos a seguir so\u00f1ando!!<\/p>\n<p>&nbsp;<\/p>\n<p>&nbsp;<\/p>\n<div class=\"mceTemp\">\n<div id=\"attachment_212\" style=\"width: 310px\" class=\"wp-caption alignleft\"><a href=\"\/caballo-ganador\/wp-content\/uploads\/sites\/61\/2014\/07\/MADERA-DE-JEFE.jpg\"><img aria-describedby=\"caption-attachment-212\" loading=\"lazy\" class=\"size-medium wp-image-212\" title=\"MADERA DE JEFE\" src=\"\/caballo-ganador\/wp-content\/uploads\/sites\/61\/2014\/07\/MADERA-DE-JEFE.jpg\" alt=\"\" width=\"300\" height=\"225\" srcset=\"https:\/\/static-blogs.diariovasco.com\/wp-content\/uploads\/sites\/61\/2014\/07\/MADERA-DE-JEFE.jpg 320w, https:\/\/static-blogs.diariovasco.com\/wp-content\/uploads\/sites\/61\/2014\/07\/MADERA-DE-JEFE-300x225.jpg 300w\" sizes=\"(max-width: 300px) 100vw, 300px\" \/><\/a><p id=\"caption-attachment-212\" class=\"wp-caption-text\">Madera de Jefe es el gran favorito .<\/p><\/div>\n<\/div>\n<div class=\"mceTemp\"><\/div>\n<div class=\"mceTemp\"><\/div>\n<div class=\"mceTemp\"><\/div>\n<div class=\"mceTemp\"><\/div>\n<div class=\"mceTemp\"><\/div>\n<div class=\"mceTemp\">Lleg\u00f3 el turno de los pron\u00f3sticos para la jornada del lunes en Donosti y pedimos a cada comensal una selecci\u00f3n de dos caballos para la reuni\u00f3n.<\/div>\n<div class=\"mceTemp\"><\/div>\n<div class=\"mceTemp\"><\/div>\n<div class=\"mceTemp\"><\/div>\n<div class=\"mceTemp\"><\/div>\n<div class=\"mceTemp\"><\/div>\n<div class=\"mceTemp\"><\/div>\n<div class=\"mceTemp\"><\/div>\n<div class=\"mceTemp\"><\/div>\n<div class=\"mceTemp\"><\/div>\n<div class=\"mceTemp\">Este fue el resultado&#8230;<\/div>\n<div class=\"mceTemp\"><\/div>\n<div class=\"mceTemp\">&#8211; \u00a0Jes\u00fas Galdona: \u00a0Strawberrybanana y Suspir\u00f3n.<\/div>\n<p>&#8211; \u00a0Asier Melara: \u00a0Fischer \u00a0y \u00a0Madera de Jefe.<\/p>\n<p>&#8211; \u00a0Kike Marrahi: \u00a0Al Tropical y Madera de Jefe.<\/p>\n<p>&#8211; \u00a0Pepe Dioni: \u00a0Strawberrybanana y Madera de Jefe.<\/p>\n<p>&#8211; \u00a0Imanol Arruti: \u00a0 Santa Helena y Achtung.<\/p>\n<p>&#8211; \u00a0I\u00f1igo Zabaleta: \u00a0Next to Me y Dromeos.<\/p>\n<p>&#8211; \u00a0Ander Galdona: \u00a0Achtung y Pasiega.<\/p>\n<p>&#8211; \u00a0Vicente Marrahi: \u00a0Santa Helena y Fischer.<\/p>\n<p>&#8211; \u00a0Jon Galdona: \u00a0Suspir\u00f3n y Fischer.<\/p>\n<p>&#8211; \u00a0Javier Yurrita: Strawberrybanana y Madera de Jefe.<\/p>\n<p>&nbsp;<\/p>\n<p>Terminamos con algunos de los platos m\u00e1s destacados del men\u00fa.<\/p>\n<div id=\"attachment_210\" style=\"width: 310px\" class=\"wp-caption alignleft\"><a href=\"\/caballo-ganador\/wp-content\/uploads\/sites\/61\/2014\/07\/TOMATE-ARROKA.jpg\"><img aria-describedby=\"caption-attachment-210\" loading=\"lazy\" class=\"size-medium wp-image-210\" title=\"TOMATE ARROKA\" src=\"\/caballo-ganador\/wp-content\/uploads\/sites\/61\/2014\/07\/TOMATE-ARROKA.jpg\" alt=\"\" width=\"300\" height=\"224\" srcset=\"https:\/\/static-blogs.diariovasco.com\/wp-content\/uploads\/sites\/61\/2014\/07\/TOMATE-ARROKA.jpg 1024w, https:\/\/static-blogs.diariovasco.com\/wp-content\/uploads\/sites\/61\/2014\/07\/TOMATE-ARROKA-300x224.jpg 300w, https:\/\/static-blogs.diariovasco.com\/wp-content\/uploads\/sites\/61\/2014\/07\/TOMATE-ARROKA-768x574.jpg 768w\" sizes=\"(max-width: 300px) 100vw, 300px\" \/><\/a><p id=\"caption-attachment-210\" class=\"wp-caption-text\">El tomate en ensalada es un manjar en estas fechas.<\/p><\/div>\n<p>&nbsp;<\/p>\n<p>&nbsp;<\/p>\n<p>&nbsp;<\/p>\n<p>&nbsp;<\/p>\n<p>&nbsp;<\/p>\n<p>&nbsp;<\/p>\n<p>&nbsp;<\/p>\n<p>&nbsp;<\/p>\n<p>&nbsp;<\/p>\n<div id=\"attachment_213\" style=\"width: 310px\" class=\"wp-caption alignleft\"><a href=\"\/caballo-ganador\/wp-content\/uploads\/sites\/61\/2014\/07\/HONGOS-ARROKA.jpg\"><img aria-describedby=\"caption-attachment-213\" loading=\"lazy\" class=\"size-medium wp-image-213\" title=\"HONGOS ARROKA\" src=\"\/caballo-ganador\/wp-content\/uploads\/sites\/61\/2014\/07\/HONGOS-ARROKA.jpg\" alt=\"\" width=\"300\" height=\"224\" srcset=\"https:\/\/static-blogs.diariovasco.com\/wp-content\/uploads\/sites\/61\/2014\/07\/HONGOS-ARROKA.jpg 1024w, https:\/\/static-blogs.diariovasco.com\/wp-content\/uploads\/sites\/61\/2014\/07\/HONGOS-ARROKA-300x224.jpg 300w, https:\/\/static-blogs.diariovasco.com\/wp-content\/uploads\/sites\/61\/2014\/07\/HONGOS-ARROKA-768x574.jpg 768w\" sizes=\"(max-width: 300px) 100vw, 300px\" \/><\/a><p id=\"caption-attachment-213\" class=\"wp-caption-text\">Hongos con huevo de caser\u00edo.<\/p><\/div>\n<p>&nbsp;<\/p>\n<p>&nbsp;<\/p>\n<p>&nbsp;<\/p>\n<p>&nbsp;<\/p>\n<p>&nbsp;<\/p>\n<p>&nbsp;<\/p>\n<p>&nbsp;<\/p>\n<p>&nbsp;<\/p>\n<p>&nbsp;<\/p>\n<div id=\"attachment_214\" style=\"width: 310px\" class=\"wp-caption alignleft\"><a href=\"\/caballo-ganador\/wp-content\/uploads\/sites\/61\/2014\/07\/MERLUZA-ARROKA.jpg\"><img aria-describedby=\"caption-attachment-214\" loading=\"lazy\" class=\"size-medium wp-image-214\" title=\"MERLUZA ARROKA\" src=\"\/caballo-ganador\/wp-content\/uploads\/sites\/61\/2014\/07\/MERLUZA-ARROKA-e1405668588482.jpg\" alt=\"\" width=\"300\" height=\"224\" srcset=\"https:\/\/static-blogs.diariovasco.com\/wp-content\/uploads\/sites\/61\/2014\/07\/MERLUZA-ARROKA-e1405668588482.jpg 2592w, https:\/\/static-blogs.diariovasco.com\/wp-content\/uploads\/sites\/61\/2014\/07\/MERLUZA-ARROKA-e1405668588482-300x224.jpg 300w, https:\/\/static-blogs.diariovasco.com\/wp-content\/uploads\/sites\/61\/2014\/07\/MERLUZA-ARROKA-e1405668588482-768x574.jpg 768w, https:\/\/static-blogs.diariovasco.com\/wp-content\/uploads\/sites\/61\/2014\/07\/MERLUZA-ARROKA-e1405668588482-1024x765.jpg 1024w\" sizes=\"(max-width: 300px) 100vw, 300px\" \/><\/a><p id=\"caption-attachment-214\" class=\"wp-caption-text\">Merluza de Hondarribia.<\/p><\/div>\n<p>&nbsp;<\/p>\n<p>&nbsp;<\/p>\n<p>&nbsp;<\/p>\n<p>&nbsp;<\/p>\n<p>&nbsp;<\/p>\n<p>&nbsp;<\/p>\n<p>&nbsp;<\/p>\n<p>&nbsp;<\/p>\n<p>&nbsp;<\/p>\n<div id=\"attachment_215\" style=\"width: 310px\" class=\"wp-caption alignleft\"><a href=\"\/caballo-ganador\/wp-content\/uploads\/sites\/61\/2014\/07\/POSTRE-ARROKA.jpg\"><img aria-describedby=\"caption-attachment-215\" loading=\"lazy\" class=\"size-medium wp-image-215\" title=\"POSTRE ARROKA\" src=\"\/caballo-ganador\/wp-content\/uploads\/sites\/61\/2014\/07\/POSTRE-ARROKA-e1405668686361.jpg\" alt=\"\" width=\"300\" height=\"224\" srcset=\"https:\/\/static-blogs.diariovasco.com\/wp-content\/uploads\/sites\/61\/2014\/07\/POSTRE-ARROKA-e1405668686361.jpg 2592w, https:\/\/static-blogs.diariovasco.com\/wp-content\/uploads\/sites\/61\/2014\/07\/POSTRE-ARROKA-e1405668686361-300x224.jpg 300w, https:\/\/static-blogs.diariovasco.com\/wp-content\/uploads\/sites\/61\/2014\/07\/POSTRE-ARROKA-e1405668686361-768x574.jpg 768w, https:\/\/static-blogs.diariovasco.com\/wp-content\/uploads\/sites\/61\/2014\/07\/POSTRE-ARROKA-e1405668686361-1024x765.jpg 1024w\" sizes=\"(max-width: 300px) 100vw, 300px\" \/><\/a><p id=\"caption-attachment-215\" class=\"wp-caption-text\">Los postres son sobresalientes en Arroka Berri<\/p><\/div>\n<!-- AddThis Advanced Settings generic via filter on the_content --><!-- AddThis Share Buttons generic via filter on the_content -->","protected":false},"excerpt":{"rendered":"<p>A Caballo Ganador 2014 baj\u00f3 la bandera desde un cl\u00e1sico en su calendario, el\u00a0 Arroka Berri de Hondarribia. Este establecimiento lo regenta Jes\u00fas Ancisar con un estilo propio y triunfador que le ha llevado a colocar a su restaurante entre los primeros de nuestra provincia. El \u00e9xito diario es su mejor tarjeta de presentaci\u00f3n. Recientemente [&hellip;]<!-- AddThis Advanced Settings generic via filter on get_the_excerpt --><!-- AddThis Share Buttons generic via filter on get_the_excerpt --><\/p>\n","protected":false},"author":92,"featured_media":0,"comment_status":"open","ping_status":"closed","sticky":false,"template":"","format":"standard","meta":[],"categories":[6],"tags":[],"_links":{"self":[{"href":"https:\/\/blogs.diariovasco.com\/caballo-ganador\/wp-json\/wp\/v2\/posts\/204"}],"collection":[{"href":"https:\/\/blogs.diariovasco.com\/caballo-ganador\/wp-json\/wp\/v2\/posts"}],"about":[{"href":"https:\/\/blogs.diariovasco.com\/caballo-ganador\/wp-json\/wp\/v2\/types\/post"}],"author":[{"embeddable":true,"href":"https:\/\/blogs.diariovasco.com\/caballo-ganador\/wp-json\/wp\/v2\/users\/92"}],"replies":[{"embeddable":true,"href":"https:\/\/blogs.diariovasco.com\/caballo-ganador\/wp-json\/wp\/v2\/comments?post=204"}],"version-history":[{"count":0,"href":"https:\/\/blogs.diariovasco.com\/caballo-ganador\/wp-json\/wp\/v2\/posts\/204\/revisions"}],"wp:attachment":[{"href":"https:\/\/blogs.diariovasco.com\/caballo-ganador\/wp-json\/wp\/v2\/media?parent=204"}],"wp:term":[{"taxonomy":"category","embeddable":true,"href":"https:\/\/blogs.diariovasco.com\/caballo-ganador\/wp-json\/wp\/v2\/categories?post=204"},{"taxonomy":"post_tag","embeddable":true,"href":"https:\/\/blogs.diariovasco.com\/caballo-ganador\/wp-json\/wp\/v2\/tags?post=204"}],"curies":[{"name":"wp","href":"https:\/\/api.w.org\/{rel}","templated":true}]}}