{"id":225,"date":"2014-08-18T12:16:23","date_gmt":"2014-08-18T10:16:23","guid":{"rendered":"http:\/\/blogs.diariovasco.com\/caballo-ganador\/?p=225"},"modified":"2014-08-18T12:16:23","modified_gmt":"2014-08-18T10:16:23","slug":"a-caballo-ganador-entrego-sus-premios-2014-en-el-restaurante-abarka","status":"publish","type":"post","link":"https:\/\/blogs.diariovasco.com\/caballo-ganador\/2014\/08\/18\/a-caballo-ganador-entrego-sus-premios-2014-en-el-restaurante-abarka\/","title":{"rendered":"A Caballo Ganador entreg\u00f3 sus premios 2014 en el Restaurante Abarka."},"content":{"rendered":"<p>El Restaurante Abarka fue escenario de la primera edici\u00f3n de los Premios A Caballo Ganador 2014. En un marco muy acogedor, Tito Irazusta y Laura Chamorro presentaron este evento que concentr\u00f3 a una gran parte de las fuerzas vivas de nuestro Turf. Antes de la comida se sirvi\u00f3 un aperitivo y ya se pudo comprobar el buen ambiente y camarader\u00eda entre todos los presentes. El acto de entrega de los galardones empez\u00f3 de una manera muy emotiva con el recuerdo a las tres personas que han fallecido recientemente y que estaban muy vinculadas a las carreras de caballos: Pablo Font, Leopoldo Mitxelena y Emilio Casti\u00f1eira.<\/p>\n<p>En el premio\u00a0 que llevaba el nombre de Emilio, el\u00a0 elegido fue su gran amigo Juan Carlos Mart\u00ednez, un aficionado &#8220;pata negra&#8221;. Ha madrugado para acudir a los galopes de entrenamiento, enigm\u00e1tico pronosticador, amigo de jockeys y preparadores, incondicional de la temporada donostiarra y en definitiva un asiduo seguidor del Turf desde hace muchos a\u00f1os. Juan Carlos recibi\u00f3 el &#8220;Premio Emilio Casti\u00f1eira al mejor Aficionado&#8221;.<\/p>\n<div id=\"attachment_226\" style=\"width: 310px\" class=\"wp-caption alignleft\"><a href=\"\/caballo-ganador\/wp-content\/uploads\/sites\/61\/2014\/08\/J.C.Mart\u00ednez-peq.jpg\"><img aria-describedby=\"caption-attachment-226\" loading=\"lazy\" class=\"size-medium wp-image-226\" title=\"J.C.Mart\u00ednez peq\" src=\"\/caballo-ganador\/wp-content\/uploads\/sites\/61\/2014\/08\/J.C.Mart\u00ednez-peq-300x238.jpg\" alt=\"\" width=\"300\" height=\"238\" srcset=\"https:\/\/static-blogs.diariovasco.com\/wp-content\/uploads\/sites\/61\/2014\/08\/J.C.Mart\u00ednez-peq-300x238.jpg 300w, https:\/\/static-blogs.diariovasco.com\/wp-content\/uploads\/sites\/61\/2014\/08\/J.C.Mart\u00ednez-peq.jpg 640w\" sizes=\"(max-width: 300px) 100vw, 300px\" \/><\/a><p id=\"caption-attachment-226\" class=\"wp-caption-text\">Julio D\u00edez, director de A Galopar entreg\u00f3 a Juan Carlos Mart\u00ednez el premio al mejor aficionado. Ninguno de los dos pudo contener la emoci\u00f3n.<\/p><\/div>\n<p>&nbsp;<\/p>\n<p>&nbsp;<\/p>\n<p>&nbsp;<\/p>\n<p>&nbsp;<\/p>\n<p>&nbsp;<\/p>\n<p>&nbsp;<\/p>\n<p>&nbsp;<\/p>\n<p>&nbsp;<\/p>\n<p>&nbsp;<\/p>\n<p>&nbsp;<\/p>\n<p>El siguiente premiado fue Crhistian Delcher, que recibi\u00f3 de Ana Chavarr\u00edas su galard\u00f3n. Le podr\u00edamos definir \u00a0como un madrile\u00f1o de Donosti afincado ahora por varios motivos en Pau.<\/p>\n<p>Ser\u00eda capaz de escribir una gu\u00eda gastron\u00f3mica de Gipuzkoa detallando nuestros\u00a0 mejores asadores y restaurantes. Es un preparador de los nuestros, cercano y con muchas amistades guipuzcoanas. Locuaz como pocos y siempre optimista.<\/p>\n<p>Atraviesa un gran momento profesional y podemos decir sin temor a equivocarnos que nunca antes lo hab\u00eda hecho mejor. Sus constantes triunfos del a\u00f1o pasado en las mejores carreras de nuestro calendario le avalan como un gran conocedor de su profesi\u00f3n.<\/p>\n<div id=\"attachment_228\" style=\"width: 298px\" class=\"wp-caption alignleft\"><a href=\"\/caballo-ganador\/wp-content\/uploads\/sites\/61\/2014\/08\/Christian-2.jpg\"><img aria-describedby=\"caption-attachment-228\" loading=\"lazy\" class=\"size-medium wp-image-228\" title=\"Christian 2\" src=\"\/caballo-ganador\/wp-content\/uploads\/sites\/61\/2014\/08\/Christian-2.jpg\" alt=\"\" width=\"288\" height=\"300\" srcset=\"https:\/\/static-blogs.diariovasco.com\/wp-content\/uploads\/sites\/61\/2014\/08\/Christian-2.jpg 462w, https:\/\/static-blogs.diariovasco.com\/wp-content\/uploads\/sites\/61\/2014\/08\/Christian-2-289x300.jpg 289w\" sizes=\"(max-width: 288px) 100vw, 288px\" \/><\/a><p id=\"caption-attachment-228\" class=\"wp-caption-text\">Ana Chavarr\u00edas de Teledeporte, hizo entrega del premio a Christian.<\/p><\/div>\n<p>&nbsp;<\/p>\n<p>&nbsp;<\/p>\n<p>&nbsp;<\/p>\n<p>&nbsp;<\/p>\n<p>&nbsp;<\/p>\n<p>&nbsp;<\/p>\n<p>&nbsp;<\/p>\n<p>&nbsp;<\/p>\n<p>&nbsp;<\/p>\n<p>&nbsp;<\/p>\n<p>&nbsp;<\/p>\n<p>&nbsp;<\/p>\n<p>Peio Urtasun, Director Gerente de Hipodromoa, fue el encargado de entregar a Dorota Sliwinska de PMU, que en representaci\u00f3n de Canal Equidia, recibi\u00f3 el premio por su insustituible aportaci\u00f3n al mundo del Turf.<\/p>\n<p>Equuidia retransmite diariamente y de manera preferente desde los hip\u00f3dromos franceses aunque tambi\u00e9n hace sus incursiones en otros pa\u00edses del mundo. Desde hace poco han desembarcado en la temporada donostiarra y nos colocan con sus im\u00e1genes y narraciones en millares y millares de hogares del planeta.<\/p>\n<p>Por su perfecci\u00f3n, espectacularidad, profesionalidad y buen hacer, Canal Equidia fue designado por el jurado \u00a0para recibir este premio tan especial.<\/p>\n<div id=\"attachment_229\" style=\"width: 310px\" class=\"wp-caption alignleft\"><a href=\"\/caballo-ganador\/wp-content\/uploads\/sites\/61\/2014\/08\/Peio-2.jpg\"><img aria-describedby=\"caption-attachment-229\" loading=\"lazy\" class=\"size-medium wp-image-229\" title=\"Peio 2\" src=\"\/caballo-ganador\/wp-content\/uploads\/sites\/61\/2014\/08\/Peio-2.jpg\" alt=\"\" width=\"300\" height=\"268\" srcset=\"https:\/\/static-blogs.diariovasco.com\/wp-content\/uploads\/sites\/61\/2014\/08\/Peio-2.jpg 640w, https:\/\/static-blogs.diariovasco.com\/wp-content\/uploads\/sites\/61\/2014\/08\/Peio-2-300x269.jpg 300w\" sizes=\"(max-width: 300px) 100vw, 300px\" \/><\/a><p id=\"caption-attachment-229\" class=\"wp-caption-text\">Dorota Sliwinska recibiendo el premio de manos de Peio Urtasun<\/p><\/div>\n<p>.<\/p>\n<p>&nbsp;<\/p>\n<p>&nbsp;<\/p>\n<p>&nbsp;<\/p>\n<p>&nbsp;<\/p>\n<p>&nbsp;<\/p>\n<p>&nbsp;<\/p>\n<p>&nbsp;<\/p>\n<p>&nbsp;<\/p>\n<p>&nbsp;<\/p>\n<p>&nbsp;<\/p>\n<p>&nbsp;<\/p>\n<p>Con la concesi\u00f3n del Premio A la mejor Labor Period\u00edstica que Laura Chamorro otorg\u00f3 a Javier Hern\u00e1ndez, se puso de manifiesto el cari\u00f1o que todos los estamentos y profesionales h\u00edpicos le dispensan.<\/p>\n<p>Le salieron los dientes en el hip\u00f3dromo. \u00c1ngel Hern\u00e1ndez su padre, era preparador \u00a0y algo tuvo que ver en esta su gran afici\u00f3n. Hizo sus pinitos montando pero enseguida se dio cuenta que lo suyo era el periodismo. Es la voz de Televisi\u00f3n Espa\u00f1ola en todas las retransmisiones desde nuestros diferentes hip\u00f3dromos. Combina su trabajo entre el Turf y el f\u00fatbol. Defensor a ultranza de Donosti y Lasarte s\u00f3lo le faltar\u00eda ser hincha de la Real Sociedad pero nadie es perfecto.<\/p>\n<div id=\"attachment_230\" style=\"width: 310px\" class=\"wp-caption alignleft\"><a href=\"\/caballo-ganador\/wp-content\/uploads\/sites\/61\/2014\/08\/Javier-Hernandez-2.jpg\"><img aria-describedby=\"caption-attachment-230\" loading=\"lazy\" class=\"size-medium wp-image-230\" title=\"Javier Hernandez 2\" src=\"\/caballo-ganador\/wp-content\/uploads\/sites\/61\/2014\/08\/Javier-Hernandez-2.jpg\" alt=\"\" width=\"300\" height=\"292\" srcset=\"https:\/\/static-blogs.diariovasco.com\/wp-content\/uploads\/sites\/61\/2014\/08\/Javier-Hernandez-2.jpg 640w, https:\/\/static-blogs.diariovasco.com\/wp-content\/uploads\/sites\/61\/2014\/08\/Javier-Hernandez-2-300x293.jpg 300w\" sizes=\"(max-width: 300px) 100vw, 300px\" \/><\/a><p id=\"caption-attachment-230\" class=\"wp-caption-text\">Laura Chamorro con Javier Hern\u00e1ndez<\/p><\/div>\n<p>&nbsp;<\/p>\n<p>&nbsp;<\/p>\n<p>&nbsp;<\/p>\n<p>&nbsp;<\/p>\n<p>&nbsp;<\/p>\n<p>&nbsp;<\/p>\n<p>&nbsp;<\/p>\n<p>&nbsp;<\/p>\n<p>&nbsp;<\/p>\n<p>&nbsp;<\/p>\n<p>&nbsp;<\/p>\n<p>Desde muy peque\u00f1ita le apasion\u00f3 el mundo de las carreras de caballos. En este caso tambi\u00e9n su padre era preparador. \u00c1ngel Imaz ense\u00f1\u00f3 enseguida\u00a0 a la galardonada de hoy todos los sacrificios de esta profesi\u00f3n. Ana aprendi\u00f3 r\u00e1pido y va camino de hacer bueno aquello del disc\u00edpulo que aventaja a su maestro. Ganadora de la Copa de Oro y much\u00edsimas carreras m\u00e1s, vive del Turf y para el Turf, abri\u00e9ndose paso en un mundo dif\u00edcil al que le ha plantado cara con ilusi\u00f3n y conocimiento. Ana Imaz recibi\u00f3 el \u00a0Premio Hipodromoa al brillante trabajo con acento donostiarra.<\/p>\n<p>&nbsp;<\/p>\n<p>&nbsp;<\/p>\n<div id=\"attachment_231\" style=\"width: 310px\" class=\"wp-caption alignleft\"><a href=\"\/caballo-ganador\/wp-content\/uploads\/sites\/61\/2014\/08\/Ana-Imaz-2.jpg\"><img aria-describedby=\"caption-attachment-231\" loading=\"lazy\" class=\"size-medium wp-image-231\" title=\"Ana Imaz 2\" src=\"\/caballo-ganador\/wp-content\/uploads\/sites\/61\/2014\/08\/Ana-Imaz-2.jpg\" alt=\"\" width=\"300\" height=\"292\" srcset=\"https:\/\/static-blogs.diariovasco.com\/wp-content\/uploads\/sites\/61\/2014\/08\/Ana-Imaz-2.jpg 640w, https:\/\/static-blogs.diariovasco.com\/wp-content\/uploads\/sites\/61\/2014\/08\/Ana-Imaz-2-300x293.jpg 300w\" sizes=\"(max-width: 300px) 100vw, 300px\" \/><\/a><p id=\"caption-attachment-231\" class=\"wp-caption-text\">Marta Pastor de Hipodromoa entreg\u00f3 el Premio a Ana Imaz.. Dos donostiarras en el mundo del Turf<\/p><\/div>\n<p>&nbsp;<\/p>\n<p>&nbsp;<\/p>\n<p>&nbsp;<\/p>\n<p>&nbsp;<\/p>\n<p>&nbsp;<\/p>\n<p>&nbsp;<\/p>\n<p>&nbsp;<\/p>\n<p>&nbsp;<\/p>\n<p>&nbsp;<\/p>\n<p>&nbsp;<\/p>\n<p>&nbsp;<\/p>\n<p>&nbsp;<\/p>\n<p>Desde qu\u00e9 lleg\u00f3 a \u00a0lo ten\u00eda muy claro: deb\u00eda aprovechar su oportunidad. \u00a1Y vaya si lo ha hecho!<\/p>\n<p>Vinculado al donostiarra Guillermo Arizcorreta uno de lo grandes\u00a0 grandes de nuestro Turf, ha demostrado car\u00e1cter, energ\u00eda, sentido del paso y eficacia. No sabemos si le tentar\u00e1 alguna oferta del extranjero pero de lo contrario va camino de ser una leyenda al estilo del gran Claudio Carudel. Cuando todav\u00eda recordamos su magistral monta en la Copa de Oro del a\u00f1o pasado, sus triunfos durante este verano est\u00e1n siendo arrolladores. Ganar, ganar y ganar ese es su \u00fanico lema. En un momento de forma incre\u00edble, Janacek\u00a0 recibi\u00f3 el &#8220;Premio al mejor jockey del a\u00f1o&#8221;.<\/p>\n<div id=\"attachment_232\" style=\"width: 310px\" class=\"wp-caption alignleft\"><a href=\"\/caballo-ganador\/wp-content\/uploads\/sites\/61\/2014\/08\/Asier-Melara-y-Janacek-2.jpg\"><img aria-describedby=\"caption-attachment-232\" loading=\"lazy\" class=\"size-medium wp-image-232\" title=\"Asier Melara y Janacek 2\" src=\"\/caballo-ganador\/wp-content\/uploads\/sites\/61\/2014\/08\/Asier-Melara-y-Janacek-2.jpg\" alt=\"\" width=\"300\" height=\"285\" srcset=\"https:\/\/static-blogs.diariovasco.com\/wp-content\/uploads\/sites\/61\/2014\/08\/Asier-Melara-y-Janacek-2.jpg 640w, https:\/\/static-blogs.diariovasco.com\/wp-content\/uploads\/sites\/61\/2014\/08\/Asier-Melara-y-Janacek-2-300x285.jpg 300w\" sizes=\"(max-width: 300px) 100vw, 300px\" \/><\/a><p id=\"caption-attachment-232\" class=\"wp-caption-text\">Asier Melara, un extraordinario aficionado, premi\u00f3 al mejor jockey del momento.<\/p><\/div>\n<p>&nbsp;<\/p>\n<p>&nbsp;<\/p>\n<p>&nbsp;<\/p>\n<p>&nbsp;<\/p>\n<p>&nbsp;<\/p>\n<p>&nbsp;<\/p>\n<p>&nbsp;<\/p>\n<p>&nbsp;<\/p>\n<p>&nbsp;<\/p>\n<p>&nbsp;<\/p>\n<p>&nbsp;<\/p>\n<p>&nbsp;<\/p>\n<p>En todos los premios el jurado lo tuvo m\u00e1s o menos claro pero en el \u00a0caso del propietario del a\u00f1o, hubo unanimidad con may\u00fasculas. No pod\u00eda ser de otro modo, el Grupo Bola\u00f1os se ha ganado a toda la afici\u00f3n. Muy bien conducidos por otro muy\u00a0 grande Enrique\u00a0 Le\u00f3n, Cielo Canarias, Coraz\u00f3n Canarias y el gran Noozhoh Canarias han catapultado a esta cuadra al estrellato. Con una repercusi\u00f3n medi\u00e1tica sin precedentes sus colores han servido para difundir el Turf espa\u00f1ol entre medios de comunicaci\u00f3n de todo el mundo. Han marcado escuela como propietarios de nueva generaci\u00f3n compartiendo su ilusi\u00f3n y sus triunfos de un modo generoso y ejemplar. Se trasladaron expresamente desde Canarias para recibir el premio y eso nos llen\u00f3 de orgullo y agradecimiento.<\/p>\n<div id=\"attachment_233\" style=\"width: 310px\" class=\"wp-caption alignleft\"><a href=\"\/caballo-ganador\/wp-content\/uploads\/sites\/61\/2014\/08\/Bola\u00f1os-2.jpg\"><img aria-describedby=\"caption-attachment-233\" loading=\"lazy\" class=\"size-medium wp-image-233\" title=\"Bola\u00f1os 2\" src=\"\/caballo-ganador\/wp-content\/uploads\/sites\/61\/2014\/08\/Bola\u00f1os-2.jpg\" alt=\"\" width=\"300\" height=\"212\" srcset=\"https:\/\/static-blogs.diariovasco.com\/wp-content\/uploads\/sites\/61\/2014\/08\/Bola\u00f1os-2.jpg 640w, https:\/\/static-blogs.diariovasco.com\/wp-content\/uploads\/sites\/61\/2014\/08\/Bola\u00f1os-2-300x213.jpg 300w\" sizes=\"(max-width: 300px) 100vw, 300px\" \/><\/a><p id=\"caption-attachment-233\" class=\"wp-caption-text\">Imanol Arruti de EL DIARIO VASCO entreg\u00f3 a Juan Carlos y Jos\u00e9 Luis Bola\u00f1os la distinci\u00f3n.<\/p><\/div>\n<p>&nbsp;<\/p>\n<p>&nbsp;<\/p>\n<p>&nbsp;<\/p>\n<p>&nbsp;<\/p>\n<p>&nbsp;<\/p>\n<p>&nbsp;<\/p>\n<p>&nbsp;<\/p>\n<p>&nbsp;<\/p>\n<p>Con Eduardo Fierro estamos ante un ejemplo de se\u00f1or\u00edo y conocimiento de este deporte- espect\u00e1culo. Aficionado desde peque\u00f1ito,\u00a0 ha tenido la fortuna de ser propietario de grandes caballos. En Donosti, dej\u00f3 huella con Habit, un ejemplar que contaba con innumerables seguidores pero sus cuadras principalmente la Edif han tenido siempre presencia destacada en la temporada de verano en San Sebasti\u00e1n. Expresidente de la Sociedad de Fomento y de la Asociaci\u00f3n de criadores, su nombre se asocia al prestigio, a la honestidad y a una trayectoria impecable en la defensa del Turf en este pa\u00eds. En la actualidad con caballos en Espa\u00f1a y Francia, Eduardo Fierro ser\u00e1 siempre uno de nuestros grandes entendidos y propietarios por eso recibi\u00f3 \u00a0el &#8221; Premio a la personalidad h\u00edpica &#8220;.<\/p>\n<p>&nbsp;<\/p>\n<div id=\"attachment_234\" style=\"width: 310px\" class=\"wp-caption alignleft\"><a href=\"\/caballo-ganador\/wp-content\/uploads\/sites\/61\/2014\/08\/Fierro-2.jpg\"><img aria-describedby=\"caption-attachment-234\" loading=\"lazy\" class=\"size-medium wp-image-234\" title=\"Fierro 2\" src=\"\/caballo-ganador\/wp-content\/uploads\/sites\/61\/2014\/08\/Fierro-2.jpg\" alt=\"\" width=\"300\" height=\"275\" srcset=\"https:\/\/static-blogs.diariovasco.com\/wp-content\/uploads\/sites\/61\/2014\/08\/Fierro-2.jpg 640w, https:\/\/static-blogs.diariovasco.com\/wp-content\/uploads\/sites\/61\/2014\/08\/Fierro-2-300x275.jpg 300w\" sizes=\"(max-width: 300px) 100vw, 300px\" \/><\/a><p id=\"caption-attachment-234\" class=\"wp-caption-text\">Josu Ruiz del Ayuntamiento Donostiarra junto a Eduardo Fierro.<\/p><\/div>\n<p>&nbsp;<\/p>\n<p>&nbsp;<\/p>\n<p>&nbsp;<\/p>\n<p>&nbsp;<\/p>\n<p>&nbsp;<\/p>\n<p>&nbsp;<\/p>\n<p>&nbsp;<\/p>\n<p>&nbsp;<\/p>\n<p>&nbsp;<\/p>\n<p>&nbsp;<\/p>\n<p>&nbsp;<\/p>\n<p>&nbsp;<\/p>\n<p>La familia Delcher pasar\u00e1 a la historia del Turf \u00a0como una de las sagas m\u00e1s laureadas, brillantes y profesionales de nuestros hip\u00f3dromos.\u00a0 La clave del \u00e9xito tiene principalmente un culpable: Mauricio Delcher, que como jockey primero y luego como excelente preparador ha logrado convertirse en una de nuestras leyendas\u00a0 vivas. Adem\u00e1s es evidente que sus dotes de semental est\u00e1n a la vista. Christian y Mauri han seguido sus pasos y los resultados en la actualidad hablan por s\u00ed solos. Entre toda la familia suman triunfos innumerables, ganar todos los grandes premios en Espa\u00f1a y Grupos I en el extranjero son su tarjeta de presentaci\u00f3n . \u00a1\u00a1\u00a1Ah\u00ed es nada!!!<\/p>\n<p>Recibieron el Gran Premio A Caballo Ganador.<\/p>\n<p>&nbsp;<\/p>\n<div id=\"attachment_239\" style=\"width: 650px\" class=\"wp-caption alignleft\"><a href=\"\/caballo-ganador\/wp-content\/uploads\/sites\/61\/2014\/08\/Familia-Delcher-22.jpg\"><img aria-describedby=\"caption-attachment-239\" loading=\"lazy\" class=\"size-full wp-image-239\" title=\"Familia Delcher 2\" src=\"\/caballo-ganador\/wp-content\/uploads\/sites\/61\/2014\/08\/Familia-Delcher-22.jpg\" alt=\"\" width=\"640\" height=\"427\" srcset=\"https:\/\/static-blogs.diariovasco.com\/wp-content\/uploads\/sites\/61\/2014\/08\/Familia-Delcher-22.jpg 640w, https:\/\/static-blogs.diariovasco.com\/wp-content\/uploads\/sites\/61\/2014\/08\/Familia-Delcher-22-300x200.jpg 300w\" sizes=\"(max-width: 640px) 100vw, 640px\" \/><\/a><p id=\"caption-attachment-239\" class=\"wp-caption-text\">La familia Delcher recibi\u00f3 el premio muy emocionada.<\/p><\/div>\n<p>Al final de la fiesta se realiz\u00f3 la correspondiente fotograf\u00eda con todos los que pisaron el escenario.<\/p>\n<p><a href=\"\/caballo-ganador\/wp-content\/uploads\/sites\/61\/2014\/08\/Foto-Grupo-2.jpg\"><img loading=\"lazy\" class=\"alignleft size-full wp-image-236\" title=\"Foto Grupo 2\" src=\"\/caballo-ganador\/wp-content\/uploads\/sites\/61\/2014\/08\/Foto-Grupo-2.jpg\" alt=\"\" width=\"640\" height=\"410\" srcset=\"https:\/\/static-blogs.diariovasco.com\/wp-content\/uploads\/sites\/61\/2014\/08\/Foto-Grupo-2.jpg 640w, https:\/\/static-blogs.diariovasco.com\/wp-content\/uploads\/sites\/61\/2014\/08\/Foto-Grupo-2-300x192.jpg 300w\" sizes=\"(max-width: 640px) 100vw, 640px\" \/><\/a><\/p>\n<!-- AddThis Advanced Settings generic via filter on the_content --><!-- AddThis Share Buttons generic via filter on the_content -->","protected":false},"excerpt":{"rendered":"<p>El Restaurante Abarka fue escenario de la primera edici\u00f3n de los Premios A Caballo Ganador 2014. En un marco muy acogedor, Tito Irazusta y Laura Chamorro presentaron este evento que concentr\u00f3 a una gran parte de las fuerzas vivas de nuestro Turf. Antes de la comida se sirvi\u00f3 un aperitivo y ya se pudo comprobar [&hellip;]<!-- AddThis Advanced Settings generic via filter on get_the_excerpt --><!-- AddThis Share Buttons generic via filter on get_the_excerpt --><\/p>\n","protected":false},"author":92,"featured_media":0,"comment_status":"open","ping_status":"closed","sticky":false,"template":"","format":"standard","meta":[],"categories":[4],"tags":[],"_links":{"self":[{"href":"https:\/\/blogs.diariovasco.com\/caballo-ganador\/wp-json\/wp\/v2\/posts\/225"}],"collection":[{"href":"https:\/\/blogs.diariovasco.com\/caballo-ganador\/wp-json\/wp\/v2\/posts"}],"about":[{"href":"https:\/\/blogs.diariovasco.com\/caballo-ganador\/wp-json\/wp\/v2\/types\/post"}],"author":[{"embeddable":true,"href":"https:\/\/blogs.diariovasco.com\/caballo-ganador\/wp-json\/wp\/v2\/users\/92"}],"replies":[{"embeddable":true,"href":"https:\/\/blogs.diariovasco.com\/caballo-ganador\/wp-json\/wp\/v2\/comments?post=225"}],"version-history":[{"count":0,"href":"https:\/\/blogs.diariovasco.com\/caballo-ganador\/wp-json\/wp\/v2\/posts\/225\/revisions"}],"wp:attachment":[{"href":"https:\/\/blogs.diariovasco.com\/caballo-ganador\/wp-json\/wp\/v2\/media?parent=225"}],"wp:term":[{"taxonomy":"category","embeddable":true,"href":"https:\/\/blogs.diariovasco.com\/caballo-ganador\/wp-json\/wp\/v2\/categories?post=225"},{"taxonomy":"post_tag","embeddable":true,"href":"https:\/\/blogs.diariovasco.com\/caballo-ganador\/wp-json\/wp\/v2\/tags?post=225"}],"curies":[{"name":"wp","href":"https:\/\/api.w.org\/{rel}","templated":true}]}}