{"id":240,"date":"2014-08-20T12:00:39","date_gmt":"2014-08-20T10:00:39","guid":{"rendered":"http:\/\/blogs.diariovasco.com\/caballo-ganador\/?p=240"},"modified":"2014-08-20T12:00:39","modified_gmt":"2014-08-20T10:00:39","slug":"un-abdel-en-la-cocina-del-narru","status":"publish","type":"post","link":"https:\/\/blogs.diariovasco.com\/caballo-ganador\/2014\/08\/20\/un-abdel-en-la-cocina-del-narru\/","title":{"rendered":"Un Abdel en la cocina del Narru."},"content":{"rendered":"<p>Hasta la fecha si hab\u00eda un cocinero importante al que se le asociaba con su afici\u00f3n a las carreras de caballos era Abraham Garc\u00eda. Sin embargo y de un tiempo a esta parte hay que a\u00f1adir el nombre de I\u00f1igo Pe\u00f1a del Restaurante Narru de San Sebasti\u00e1n. Por ello y para hablar entre otras cosas de lo que hab\u00eda sucedido despu\u00e9s de la Copa de Oro, nos trasladamos a su establecimiento ubicado en el Hotel Niza del Paseo de la Concha. Coincidimos durante la cena con un par de mesas tambi\u00e9n muy identificadas con el Turf.<br \/>\nFuimos partants: Juan Carlos y Jos\u00e9 Luis Bola\u00f1os , \u00c1lvaro Urbano, Javier Hern\u00e1ndez, Vicente y Kike Marrahi y Chistera.<br \/>\nEmpez\u00f3 la conversaci\u00f3n con el reconocimiento a la victoria justa y contundente de Narrow Hill, las alabanzas a Abdel y el fracaso de Celtic Rock. Una pena porque el caballo de Fierro ten\u00eda muchos seguidores en nuestra reuni\u00f3n. Ganar el 15 de agosto la carrera principal es objeto de deseo de casi todos los propietarios del hip\u00f3dromo y los hermanos Bola\u00f1os confesaron que este premio est\u00e1 en su hoja de ruta. Comprar un caballo expresamente para la ocasi\u00f3n es una opci\u00f3n con probabilidades de victoria. \u00a1Tiempo al tiempo!<br \/>\nEnseguida sali\u00f3 el nombre de Noozhoh Canarias y su llegada a la cuadra de Carlos Laffon. Menos desplazamientos y m\u00e1s medios para su entrenamiento han sido las dos razones fundamentales para prescindir en este caso de Enrique Le\u00f3n, un hombre de la casa y un preparador que lo ha dado todo por este caballo. Al canario ahora le queda Coraz\u00f3n Canarias una potra que sin llegar al nivel de Noozhoh, ha demostrado ya un valor a tener en cuenta. Personalmente creo que la labor de Enrique hay que ponerla en su sitio y tributarle el aplauso que se merece.<\/p>\n<div id=\"attachment_241\" style=\"width: 310px\" class=\"wp-caption alignleft\"><a href=\"\/caballo-ganador\/wp-content\/uploads\/sites\/61\/2014\/08\/Noozhoh-con-Laffon.jpg\"><img aria-describedby=\"caption-attachment-241\" loading=\"lazy\" class=\"size-medium wp-image-241 \" title=\"Noozhoh con Laffon\" src=\"\/caballo-ganador\/wp-content\/uploads\/sites\/61\/2014\/08\/Noozhoh-con-Laffon.jpg\" alt=\"\" width=\"300\" height=\"236\" srcset=\"https:\/\/static-blogs.diariovasco.com\/wp-content\/uploads\/sites\/61\/2014\/08\/Noozhoh-con-Laffon.jpg 675w, https:\/\/static-blogs.diariovasco.com\/wp-content\/uploads\/sites\/61\/2014\/08\/Noozhoh-con-Laffon-300x237.jpg 300w\" sizes=\"(max-width: 300px) 100vw, 300px\" \/><\/a><p id=\"caption-attachment-241\" class=\"wp-caption-text\">Noozhoh Canarias reci\u00e9n llegado a la preparaci\u00f3n de Carlos Laff\u00f3n<\/p><\/div>\n<p>Despu\u00e9s de visto, es posible que Inglaterra fuera un mercado muy ambicioso pero la experiencia vivida por el Grupo Bola\u00f1os y la afici\u00f3n de todo el pa\u00eds , lo justifica sobradamente. Por cierto, Juan Carlos y Jos\u00e9 Luis hablaron maravillas del trato que en Newmarket daban a los propietarios. Parec\u00edan estrellas de rock, coche al aeropuerto, salones privados, atenciones personalizadas y m\u00e1xima seguridad en el box del caballo fueron algunos aspectos que les impresionaron positivamente.<br \/>\nAhora hay que esperar al 7 de septiembre para correr un Grupo III en Longchamp y si el resultado es satisfactorio para Noozhoh entonces su objetivo ser\u00e1 un Grupo I en el meeting del Arco.<br \/>\nPor otro lado, \u00c1lvaro Urbano insisti\u00f3 en invitarnos a la subasta que tendr\u00e1 lugar en octubre en Madrid y en la que se pujar\u00e1n por muchos productos avalados por grandes or\u00edgenes. La cita tiene muy buena pinta y esperamos presenciarla en directo con cena en Viridiana. Siempre Turf y gastronom\u00eda.<br \/>\nLa cena empez\u00f3 con un lomo de Carrasco Guijuelo que como corresponde a esta marca no ten\u00eda desperdicio. \u00a1Muy bueno!<a href=\"\/caballo-ganador\/wp-content\/uploads\/sites\/61\/2014\/08\/lomo-Carrasco-2.jpg\"><img loading=\"lazy\" class=\"alignleft size-medium wp-image-242\" title=\"lomo Carrasco 2\" src=\"\/caballo-ganador\/wp-content\/uploads\/sites\/61\/2014\/08\/lomo-Carrasco-2.jpg\" alt=\"\" width=\"224\" height=\"300\" srcset=\"https:\/\/static-blogs.diariovasco.com\/wp-content\/uploads\/sites\/61\/2014\/08\/lomo-Carrasco-2.jpg 359w, https:\/\/static-blogs.diariovasco.com\/wp-content\/uploads\/sites\/61\/2014\/08\/lomo-Carrasco-2-224x300.jpg 224w\" sizes=\"(max-width: 224px) 100vw, 224px\" \/><\/a><\/p>\n<p>&nbsp;<\/p>\n<p>&nbsp;<\/p>\n<p>&nbsp;<\/p>\n<p>&nbsp;<\/p>\n<p>&nbsp;<\/p>\n<p>&nbsp;<\/p>\n<p>&nbsp;<\/p>\n<p>&nbsp;<\/p>\n<p>&nbsp;<\/p>\n<p>A I\u00f1igo Pe\u00f1a se le nota que en su casa siempre ha comido muy bien. Tiene cultura gastron\u00f3mica y eso se aprecia en sus maneras. Algunos de los platos destacados fueron los siguientes:<\/p>\n<div id=\"attachment_243\" style=\"width: 234px\" class=\"wp-caption alignleft\"><a href=\"\/caballo-ganador\/wp-content\/uploads\/sites\/61\/2014\/08\/Gamba-Palam\u00f3s-2.jpg\"><img aria-describedby=\"caption-attachment-243\" loading=\"lazy\" class=\"size-medium wp-image-243\" title=\"Gamba Palam\u00f3s 2\" src=\"\/caballo-ganador\/wp-content\/uploads\/sites\/61\/2014\/08\/Gamba-Palam\u00f3s-2.jpg\" alt=\"\" width=\"224\" height=\"300\" srcset=\"https:\/\/static-blogs.diariovasco.com\/wp-content\/uploads\/sites\/61\/2014\/08\/Gamba-Palam\u00f3s-2.jpg 359w, https:\/\/static-blogs.diariovasco.com\/wp-content\/uploads\/sites\/61\/2014\/08\/Gamba-Palam\u00f3s-2-224x300.jpg 224w\" sizes=\"(max-width: 224px) 100vw, 224px\" \/><\/a><p id=\"caption-attachment-243\" class=\"wp-caption-text\">Gamba de Palam\u00f3s<\/p><\/div>\n<p>&nbsp;<\/p>\n<p>&nbsp;<\/p>\n<p>&nbsp;<\/p>\n<p>&nbsp;<\/p>\n<p>&nbsp;<\/p>\n<p>&nbsp;<\/p>\n<p>&nbsp;<\/p>\n<p>&nbsp;<\/p>\n<p>&nbsp;<\/p>\n<p>&nbsp;<\/p>\n<p>&nbsp;<\/p>\n<div id=\"attachment_244\" style=\"width: 310px\" class=\"wp-caption alignleft\"><a href=\"\/caballo-ganador\/wp-content\/uploads\/sites\/61\/2014\/08\/Txipirones-2.jpg\"><img aria-describedby=\"caption-attachment-244\" loading=\"lazy\" class=\"size-medium wp-image-244\" title=\"Txipirones 2\" src=\"\/caballo-ganador\/wp-content\/uploads\/sites\/61\/2014\/08\/Txipirones-2.jpg\" alt=\"\" width=\"300\" height=\"224\" srcset=\"https:\/\/static-blogs.diariovasco.com\/wp-content\/uploads\/sites\/61\/2014\/08\/Txipirones-2.jpg 640w, https:\/\/static-blogs.diariovasco.com\/wp-content\/uploads\/sites\/61\/2014\/08\/Txipirones-2-300x224.jpg 300w\" sizes=\"(max-width: 300px) 100vw, 300px\" \/><\/a><p id=\"caption-attachment-244\" class=\"wp-caption-text\">Txipirones de anzuelo, uno de mis platos favoritos<\/p><\/div>\n<p>&nbsp;<\/p>\n<p>&nbsp;<\/p>\n<p>&nbsp;<\/p>\n<p>&nbsp;<\/p>\n<p>&nbsp;<\/p>\n<p>&nbsp;<\/p>\n<p>&nbsp;<\/p>\n<p>&nbsp;<\/p>\n<p>&nbsp;<\/p>\n<div id=\"attachment_245\" style=\"width: 310px\" class=\"wp-caption alignleft\"><a href=\"\/caballo-ganador\/wp-content\/uploads\/sites\/61\/2014\/08\/Salmonete-2.jpg\"><img aria-describedby=\"caption-attachment-245\" loading=\"lazy\" class=\"size-medium wp-image-245\" title=\"Salmonete 2\" src=\"\/caballo-ganador\/wp-content\/uploads\/sites\/61\/2014\/08\/Salmonete-2.jpg\" alt=\"\" width=\"300\" height=\"224\" srcset=\"https:\/\/static-blogs.diariovasco.com\/wp-content\/uploads\/sites\/61\/2014\/08\/Salmonete-2.jpg 640w, https:\/\/static-blogs.diariovasco.com\/wp-content\/uploads\/sites\/61\/2014\/08\/Salmonete-2-300x224.jpg 300w\" sizes=\"(max-width: 300px) 100vw, 300px\" \/><\/a><p id=\"caption-attachment-245\" class=\"wp-caption-text\">Salmonete sobre risotto con almejas. Una receta cl\u00e1sica con un incuestionable toque personal. Perfecto.<\/p><\/div>\n<p>&nbsp;<\/p>\n<p>&nbsp;<\/p>\n<p>&nbsp;<\/p>\n<p>&nbsp;<\/p>\n<p>&nbsp;<\/p>\n<p>&nbsp;<\/p>\n<p>&nbsp;<\/p>\n<p>&nbsp;<\/p>\n<p>&nbsp;<\/p>\n<p>&nbsp;<\/p>\n<p>&nbsp;<\/p>\n<div id=\"attachment_246\" style=\"width: 310px\" class=\"wp-caption alignleft\"><a href=\"\/caballo-ganador\/wp-content\/uploads\/sites\/61\/2014\/08\/Carne-Narru-2.jpg\"><img aria-describedby=\"caption-attachment-246\" loading=\"lazy\" class=\"size-medium wp-image-246\" title=\"Carne Narru 2\" src=\"\/caballo-ganador\/wp-content\/uploads\/sites\/61\/2014\/08\/Carne-Narru-2.jpg\" alt=\"\" width=\"300\" height=\"224\" srcset=\"https:\/\/static-blogs.diariovasco.com\/wp-content\/uploads\/sites\/61\/2014\/08\/Carne-Narru-2.jpg 640w, https:\/\/static-blogs.diariovasco.com\/wp-content\/uploads\/sites\/61\/2014\/08\/Carne-Narru-2-300x224.jpg 300w\" sizes=\"(max-width: 300px) 100vw, 300px\" \/><\/a><p id=\"caption-attachment-246\" class=\"wp-caption-text\">Taco de carne en su punto. Fenomenal.<\/p><\/div>\n<p>&nbsp;<\/p>\n<p>&nbsp;<\/p>\n<p>&nbsp;<\/p>\n<p>&nbsp;<\/p>\n<p>&nbsp;<\/p>\n<p>&nbsp;<\/p>\n<p>&nbsp;<\/p>\n<p>&nbsp;<\/p>\n<p>&nbsp;<\/p>\n<div id=\"attachment_247\" style=\"width: 310px\" class=\"wp-caption alignleft\"><a href=\"\/caballo-ganador\/wp-content\/uploads\/sites\/61\/2014\/08\/Pimientos-Narru.jpg\"><img aria-describedby=\"caption-attachment-247\" loading=\"lazy\" class=\"size-medium wp-image-247\" title=\"Pimientos Narru\" src=\"\/caballo-ganador\/wp-content\/uploads\/sites\/61\/2014\/08\/Pimientos-Narru.jpg\" alt=\"\" width=\"300\" height=\"224\" srcset=\"https:\/\/static-blogs.diariovasco.com\/wp-content\/uploads\/sites\/61\/2014\/08\/Pimientos-Narru.jpg 640w, https:\/\/static-blogs.diariovasco.com\/wp-content\/uploads\/sites\/61\/2014\/08\/Pimientos-Narru-300x224.jpg 300w\" sizes=\"(max-width: 300px) 100vw, 300px\" \/><\/a><p id=\"caption-attachment-247\" class=\"wp-caption-text\">Pimientos al estilo de Tolosa.<\/p><\/div>\n<p>&nbsp;<\/p>\n<p>&nbsp;<\/p>\n<p>&nbsp;<\/p>\n<p>&nbsp;<\/p>\n<p>&nbsp;<\/p>\n<p>&nbsp;<\/p>\n<p>&nbsp;<\/p>\n<p>&nbsp;<\/p>\n<p>&nbsp;<\/p>\n<p>&nbsp;<\/p>\n<p>Cuando parec\u00eda que el orden de llegada iba a ser definitivo, salt\u00f3 la sorpresa, Juan Carlos Bola\u00f1os insisti\u00f3 en probar los callos de ternera que tanto le hab\u00edan gustado el a\u00f1o pasado. Dos raciones al centro y confirmaci\u00f3n al ganador. \u00a1\u00a1\u00a1Extraordinarios!!!<\/p>\n<div id=\"attachment_248\" style=\"width: 310px\" class=\"wp-caption alignleft\"><a href=\"\/caballo-ganador\/wp-content\/uploads\/sites\/61\/2014\/08\/Callos-Narru.jpg\"><img aria-describedby=\"caption-attachment-248\" loading=\"lazy\" class=\"size-medium wp-image-248\" title=\"Callos Narru\" src=\"\/caballo-ganador\/wp-content\/uploads\/sites\/61\/2014\/08\/Callos-Narru.jpg\" alt=\"\" width=\"300\" height=\"224\" srcset=\"https:\/\/static-blogs.diariovasco.com\/wp-content\/uploads\/sites\/61\/2014\/08\/Callos-Narru.jpg 640w, https:\/\/static-blogs.diariovasco.com\/wp-content\/uploads\/sites\/61\/2014\/08\/Callos-Narru-300x224.jpg 300w\" sizes=\"(max-width: 300px) 100vw, 300px\" \/><\/a><p id=\"caption-attachment-248\" class=\"wp-caption-text\">Los cl\u00e1sicos callos pero actualizados al estilo Narru.<\/p><\/div>\n<p>&nbsp;<\/p>\n<p>&nbsp;<\/p>\n<p>&nbsp;<\/p>\n<p>&nbsp;<\/p>\n<p>&nbsp;<\/p>\n<p>&nbsp;<\/p>\n<p>&nbsp;<\/p>\n<p>&nbsp;<\/p>\n<p>&nbsp;<\/p>\n<p>En definitiva, la definici\u00f3n de este establecimiento es bien sencilla: RESTAURANTE EXTRAORDINARIO.<br \/>\nI\u00f1igo Pe\u00f1a va camino de ser un grande entre los m\u00e1s grandes de nuestros cocineros. No le gusta la vanguardia ni los experimentos raros, siempre juega a lo seguro y ejecuta las recetas tradicionales con una t\u00e9cnica perfecta y un producto sobresaliente . \u00a1Un Abdel en la cocina!<\/p>\n<div id=\"attachment_249\" style=\"width: 310px\" class=\"wp-caption alignleft\"><a href=\"\/caballo-ganador\/wp-content\/uploads\/sites\/61\/2014\/08\/Abdel.jpg\"><img aria-describedby=\"caption-attachment-249\" loading=\"lazy\" class=\"size-medium wp-image-249\" title=\"Abdel\" src=\"\/caballo-ganador\/wp-content\/uploads\/sites\/61\/2014\/08\/Abdel.jpg\" alt=\"\" width=\"300\" height=\"199\" srcset=\"https:\/\/static-blogs.diariovasco.com\/wp-content\/uploads\/sites\/61\/2014\/08\/Abdel.jpg 1037w, https:\/\/static-blogs.diariovasco.com\/wp-content\/uploads\/sites\/61\/2014\/08\/Abdel-300x200.jpg 300w, https:\/\/static-blogs.diariovasco.com\/wp-content\/uploads\/sites\/61\/2014\/08\/Abdel-768x512.jpg 768w, https:\/\/static-blogs.diariovasco.com\/wp-content\/uploads\/sites\/61\/2014\/08\/Abdel-1024x682.jpg 1024w\" sizes=\"(max-width: 300px) 100vw, 300px\" \/><\/a><p id=\"caption-attachment-249\" class=\"wp-caption-text\">Abdel ya es una leyenda de nuestro hip\u00f3dromo.<\/p><\/div>\n<p>&nbsp;<\/p>\n<p>&nbsp;<\/p>\n<p>&nbsp;<\/p>\n<p>&nbsp;<\/p>\n<p>&nbsp;<\/p>\n<p>&nbsp;<\/p>\n<p>&nbsp;<\/p>\n<p>&nbsp;<\/p>\n<div id=\"attachment_250\" style=\"width: 210px\" class=\"wp-caption alignleft\"><a href=\"\/caballo-ganador\/wp-content\/uploads\/sites\/61\/2014\/08\/I\u00f1igo-Pe\u00f1a.jpg\"><img aria-describedby=\"caption-attachment-250\" loading=\"lazy\" class=\"size-medium wp-image-250\" title=\"I\u00f1igo Pe\u00f1a\" src=\"\/caballo-ganador\/wp-content\/uploads\/sites\/61\/2014\/08\/I\u00f1igo-Pe\u00f1a.jpg\" alt=\"\" width=\"200\" height=\"300\" \/><\/a><p id=\"caption-attachment-250\" class=\"wp-caption-text\">I\u00f1igo Pe\u00f1a puede ser una leyenda de nuestra cocina cl\u00e1sica.<\/p><\/div>\n<!-- AddThis Advanced Settings generic via filter on the_content --><!-- AddThis Share Buttons generic via filter on the_content -->","protected":false},"excerpt":{"rendered":"<p>Hasta la fecha si hab\u00eda un cocinero importante al que se le asociaba con su afici\u00f3n a las carreras de caballos era Abraham Garc\u00eda. Sin embargo y de un tiempo a esta parte hay que a\u00f1adir el nombre de I\u00f1igo Pe\u00f1a del Restaurante Narru de San Sebasti\u00e1n. Por ello y para hablar entre otras cosas [&hellip;]<!-- AddThis Advanced Settings generic via filter on get_the_excerpt --><!-- AddThis Share Buttons generic via filter on get_the_excerpt --><\/p>\n","protected":false},"author":92,"featured_media":0,"comment_status":"open","ping_status":"closed","sticky":false,"template":"","format":"standard","meta":[],"categories":[4],"tags":[],"_links":{"self":[{"href":"https:\/\/blogs.diariovasco.com\/caballo-ganador\/wp-json\/wp\/v2\/posts\/240"}],"collection":[{"href":"https:\/\/blogs.diariovasco.com\/caballo-ganador\/wp-json\/wp\/v2\/posts"}],"about":[{"href":"https:\/\/blogs.diariovasco.com\/caballo-ganador\/wp-json\/wp\/v2\/types\/post"}],"author":[{"embeddable":true,"href":"https:\/\/blogs.diariovasco.com\/caballo-ganador\/wp-json\/wp\/v2\/users\/92"}],"replies":[{"embeddable":true,"href":"https:\/\/blogs.diariovasco.com\/caballo-ganador\/wp-json\/wp\/v2\/comments?post=240"}],"version-history":[{"count":0,"href":"https:\/\/blogs.diariovasco.com\/caballo-ganador\/wp-json\/wp\/v2\/posts\/240\/revisions"}],"wp:attachment":[{"href":"https:\/\/blogs.diariovasco.com\/caballo-ganador\/wp-json\/wp\/v2\/media?parent=240"}],"wp:term":[{"taxonomy":"category","embeddable":true,"href":"https:\/\/blogs.diariovasco.com\/caballo-ganador\/wp-json\/wp\/v2\/categories?post=240"},{"taxonomy":"post_tag","embeddable":true,"href":"https:\/\/blogs.diariovasco.com\/caballo-ganador\/wp-json\/wp\/v2\/tags?post=240"}],"curies":[{"name":"wp","href":"https:\/\/api.w.org\/{rel}","templated":true}]}}