{"id":30,"date":"2013-07-19T17:49:01","date_gmt":"2013-07-19T15:49:01","guid":{"rendered":"http:\/\/blogs.diariovasco.com\/caballo-ganador\/?p=30"},"modified":"2013-07-19T17:49:01","modified_gmt":"2013-07-19T15:49:01","slug":"carreras-de-caballos-en-bidania","status":"publish","type":"post","link":"https:\/\/blogs.diariovasco.com\/caballo-ganador\/2013\/07\/19\/carreras-de-caballos-en-bidania\/","title":{"rendered":"Carreras de caballos en Bidania"},"content":{"rendered":"<p>En el itinerario marcado por &#8220;A Caballo Ganador&#8221; para esta temporada de verano nos resultar\u00e1 muy dif\u00edcil encontrar un lugar con tanto encanto y glamour como el Hotel Iriarte en Bidania. La grandiosidad en plena naturaleza de este palacio dirigido por Iban Mu\u00f1oa, nos acogi\u00f3 con una amabilidad exquisita tan s\u00f3lo comparable con las creaciones para esta ocasi\u00f3n de su chef\u00a0 Enrique Fleischmann. Aqu\u00ed se respira elegancia, profesionalidad y experiencia adquirida cerca de las estrellas. Enrique se ha curtido junto a\u00a0 Juan Mari Arzak, Paul Bocuse y Pedro Subijana pero su manera de entender la cocina se deja notar en cada plato.<br \/>\nHubo rotaci\u00f3n en el equipo asistente pero va a ser la t\u00e1ctica habitual teniendo en cuenta la dureza del calendario. Acreditados\u00a0 pronosticadores, con pedigr\u00ed en el Hip\u00f3dromo donostiarra, ser\u00e1n los gu\u00edas para la jornada del domingo.<\/p>\n<div id=\"attachment_53\" style=\"width: 682px\" class=\"wp-caption alignleft\"><a href=\"\/caballo-ganador\/wp-content\/uploads\/sites\/61\/2013\/07\/FOTO-GRUPO-IRIARTE2.jpg\"><img aria-describedby=\"caption-attachment-53\" loading=\"lazy\" class=\" wp-image-53\" title=\"FOTO GRUPO IRIARTE2\" src=\"\/caballo-ganador\/wp-content\/uploads\/sites\/61\/2013\/07\/FOTO-GRUPO-IRIARTE2.jpg\" alt=\"\" width=\"672\" height=\"501\" srcset=\"https:\/\/static-blogs.diariovasco.com\/wp-content\/uploads\/sites\/61\/2013\/07\/FOTO-GRUPO-IRIARTE2.jpg 1296w, https:\/\/static-blogs.diariovasco.com\/wp-content\/uploads\/sites\/61\/2013\/07\/FOTO-GRUPO-IRIARTE2-300x224.jpg 300w, https:\/\/static-blogs.diariovasco.com\/wp-content\/uploads\/sites\/61\/2013\/07\/FOTO-GRUPO-IRIARTE2-768x574.jpg 768w, https:\/\/static-blogs.diariovasco.com\/wp-content\/uploads\/sites\/61\/2013\/07\/FOTO-GRUPO-IRIARTE2-1024x765.jpg 1024w\" sizes=\"(max-width: 672px) 100vw, 672px\" \/><\/a><p id=\"caption-attachment-53\" class=\"wp-caption-text\">Imanol Arruti, Peio Urtasun, Jes\u00fas Galdona, I\u00f1aki Agirre, Pepe Dioni, Vicente Marrahi, Iban Mu\u00f1oa, I\u00f1igo Iribarnegaray, Luis Pedro Bedoya , Isabel Cortadi y Javier Yurrita.<\/p><\/div>\n<p>De todos modos, esta vez y por cambiar las formas, empezamos con el apartado gastron\u00f3mico.<\/p>\n<p><strong>LA COMIDA.<\/strong><\/p>\n<p>Disfrutamos como locos con un gran men\u00fa , en el que destacaron varios platos.<\/p>\n<p><a href=\"\/caballo-ganador\/wp-content\/uploads\/sites\/61\/2013\/07\/ATUN.jpg\"><img loading=\"lazy\" class=\" wp-image-48\" title=\"ATUN\" src=\"\/caballo-ganador\/wp-content\/uploads\/sites\/61\/2013\/07\/ATUN.jpg\" alt=\"\" width=\"438\" height=\"328\" srcset=\"https:\/\/static-blogs.diariovasco.com\/wp-content\/uploads\/sites\/61\/2013\/07\/ATUN.jpg 640w, https:\/\/static-blogs.diariovasco.com\/wp-content\/uploads\/sites\/61\/2013\/07\/ATUN-300x225.jpg 300w\" sizes=\"(max-width: 438px) 100vw, 438px\" \/><\/a><\/p>\n<p>La manera de entender el At\u00fan por Enrique Fleichmann.<\/p>\n<div id=\"attachment_49\" style=\"width: 433px\" class=\"wp-caption alignleft\"><a href=\"\/caballo-ganador\/wp-content\/uploads\/sites\/61\/2013\/07\/LA-MERLUZA.jpg\"><img aria-describedby=\"caption-attachment-49\" loading=\"lazy\" class=\" wp-image-49\" title=\"LA MERLUZA\" src=\"\/caballo-ganador\/wp-content\/uploads\/sites\/61\/2013\/07\/LA-MERLUZA.jpg\" alt=\"\" width=\"423\" height=\"315\" \/><\/a><p id=\"caption-attachment-49\" class=\"wp-caption-text\">Merluza con almejas y su interpretaci\u00f3n de la salsa verde<\/p><\/div>\n<p>&nbsp;<\/p>\n<p>&nbsp;<\/p>\n<p>&nbsp;<\/p>\n<p>&nbsp;<\/p>\n<p>&nbsp;<\/p>\n<p>&nbsp;<\/p>\n<p>&nbsp;<\/p>\n<p>&nbsp;<\/p>\n<p>&nbsp;<\/p>\n<p>&nbsp;<\/p>\n<p>&nbsp;<\/p>\n<div id=\"attachment_52\" style=\"width: 428px\" class=\"wp-caption alignleft\"><a href=\"\/caballo-ganador\/wp-content\/uploads\/sites\/61\/2013\/07\/la-torrija2.jpg\"><img aria-describedby=\"caption-attachment-52\" loading=\"lazy\" class=\" wp-image-52\" title=\"la torrija\" src=\"\/caballo-ganador\/wp-content\/uploads\/sites\/61\/2013\/07\/la-torrija2.jpg\" alt=\"\" width=\"418\" height=\"313\" srcset=\"https:\/\/static-blogs.diariovasco.com\/wp-content\/uploads\/sites\/61\/2013\/07\/la-torrija2.jpg 640w, https:\/\/static-blogs.diariovasco.com\/wp-content\/uploads\/sites\/61\/2013\/07\/la-torrija2-300x225.jpg 300w\" sizes=\"(max-width: 418px) 100vw, 418px\" \/><\/a><p id=\"caption-attachment-52\" class=\"wp-caption-text\">La torrija brioche obtuvo el sobresaliente un\u00e1nime.<\/p><\/div>\n<p>&nbsp;<\/p>\n<p>&nbsp;<\/p>\n<p>&nbsp;<\/p>\n<p>&nbsp;<\/p>\n<p>&nbsp;<\/p>\n<p>&nbsp;<\/p>\n<p>&nbsp;<\/p>\n<p>&nbsp;<\/p>\n<p>&nbsp;<\/p>\n<p>&nbsp;<\/p>\n<p>&nbsp;<\/p>\n<p>&nbsp;<\/p>\n<p>&nbsp;<\/p>\n<p>En definitiva, el Restaurante Bailara del Hotel Iriarte apunta fuerte con una cocina que cuenta con gran recorrido entre los mejores restaurantes guipuzcoanos.<\/p>\n<p>Despu\u00e9s de la comida lleg\u00f3 el turno de los pron\u00f3sticos. En negrita el caballo de jornada para cada pronosticador.<\/p>\n<p>&nbsp;<\/p>\n<p><strong>LOS PRON\u00d3STICOS :<\/strong><\/p>\n<p><strong>\u00a0 I\u00f1aki Agirre:<\/strong><\/p>\n<p>( 5) Alcara du Bardet &#8211; (1) Ranyan &#8211; (4) Avante\u00a0 &#8211; (4) Lesaka &#8211; <strong>(6) Sleeping Wan.<\/strong><\/p>\n<p><strong>Imanol Arruti: <\/strong><\/p>\n<p><strong>(<\/strong>2) Virimoon &#8211; <strong>(<\/strong>5) Sentence &#8211; (1) Celtic\u00a0 Rock &#8211; <strong>( 1) Beat the Wind<\/strong>\u00a0 &#8211; (6) Sleeping Wan.<\/p>\n<p><strong>I\u00f1igo Iribarnegaray<\/strong> :<\/p>\n<p><strong>(<\/strong>5) Alcara du Bardet &#8211; (4) Tsarabi &#8211; (1) Celtic Rock\u00a0 &#8211; (1) Beat the Wind &#8211; <strong>(6) Sleeping Wan<\/strong><\/p>\n<p><strong>Jes\u00fas Galdona<\/strong> :<\/p>\n<p>(2) Virimoon &#8211; <strong>(5) Sentence<\/strong> -( 1) Celtik Rock <strong><\/strong>&#8211; (1) Beat the Wind &#8211; (6) Sleeping Wan<\/p>\n<p><strong>Pepe Dioni<\/strong>:<\/p>\n<p>(2) Virimoon &#8211; (5) Sentence &#8211;<strong> (1) Celtik Rock<\/strong> &#8211; (4) Lesaka &#8211; (6) Sleeping Wan<\/p>\n<p><strong>Vicente Marrah<\/strong>i:<\/p>\n<p>(2) Virimoon &#8211; (4) Tsarabi- (1) Celtik Rock &#8211; (1) Beat the Wind- <strong>(6) Sleeping Wan<\/strong><\/p>\n<p><strong>Javier Yurrita<\/strong> :<\/p>\n<p>(2) Virimoon- (5) Sentence- (1) Celtik Rock &#8211;\u00a0\u00a0 (1) Beat the Wind- <strong>(6)\u00a0 Sleeping Wan.<\/strong><\/p>\n<p>&nbsp;<\/p>\n<div id=\"attachment_54\" style=\"width: 451px\" class=\"wp-caption alignleft\"><a href=\"\/caballo-ganador\/wp-content\/uploads\/sites\/61\/2013\/07\/ENRIQUE-E-IVAN-2.jpg\"><img aria-describedby=\"caption-attachment-54\" loading=\"lazy\" class=\" wp-image-54\" title=\"ENRIQUE E IVAN 2\" src=\"\/caballo-ganador\/wp-content\/uploads\/sites\/61\/2013\/07\/ENRIQUE-E-IVAN-2.jpg\" alt=\"\" width=\"441\" height=\"328\" srcset=\"https:\/\/static-blogs.diariovasco.com\/wp-content\/uploads\/sites\/61\/2013\/07\/ENRIQUE-E-IVAN-2.jpg 1296w, https:\/\/static-blogs.diariovasco.com\/wp-content\/uploads\/sites\/61\/2013\/07\/ENRIQUE-E-IVAN-2-300x224.jpg 300w, https:\/\/static-blogs.diariovasco.com\/wp-content\/uploads\/sites\/61\/2013\/07\/ENRIQUE-E-IVAN-2-1024x765.jpg 1024w\" sizes=\"(max-width: 441px) 100vw, 441px\" \/><\/a><p id=\"caption-attachment-54\" class=\"wp-caption-text\">Enrique Fleischmann e Iban Mu\u00f1oa explicando la comida a los invitados.<\/p><\/div>\n<p>&nbsp;<\/p>\n<p>&nbsp;<\/p>\n<p>&nbsp;<\/p>\n<p>&nbsp;<\/p>\n<p>&nbsp;<\/p>\n<p>&nbsp;<\/p>\n<p>&nbsp;<\/p>\n<p>&nbsp;<\/p>\n<p>&nbsp;<\/p>\n<p>&nbsp;<\/p>\n<p>&nbsp;<\/p>\n<p>&nbsp;<\/p>\n<p>&nbsp;<\/p>\n<p><strong>ENTREVISTA<\/strong><\/p>\n<p>Peio Urtasun,\u00a0 Director Gerente de Hipodromoa respondi\u00f3 a distintas preguntas.<\/p>\n<p><strong>P.D.<\/strong> \u00bf Cu\u00e1l es t\u00fa balance de las dos primeras jornadas?<\/p>\n<p><strong>P.U.<\/strong> En la inauguraci\u00f3n el resultado no fue el que quer\u00edamos pero ya se sabe que en Donostia cuesta arrancar con la temporada y se not\u00f3 en todos los sentidos. Sin embargo el segundo d\u00eda lo podemos considerar un \u00e9xito desde el punto de vista del ambiente interno y del juego exterior en Francia. Estamos muy contentos.<\/p>\n<p><strong>I.A.<\/strong> \u00bf Una nueva pista de arena puede ser un revulsivo para celebrar m\u00e1s carreras y contar con m\u00e1s caballos estabulados en nuestras instalaciones?<\/p>\n<p><strong>P.U.<\/strong> Est\u00e1 claro y ese es nuestro objetivo pero vivimos tiempos dif\u00edciles y ahora lo veo imposible pero vamos a trabajar para que en 2.016 coincidiendo con el centenario del Hip\u00f3dromo podamos\u00a0 tener unas\u00a0 pistas renovadas.<\/p>\n<p><strong>J.G<\/strong>. \u00bf Qu\u00e9 noticia te gustar\u00eda leer en El Diario Vasco el 14 de septiembre?<\/p>\n<p><strong>P.U.<\/strong> La apertura de nuevos tiempos para el Turf. La llegada de las apuestas externas con una clara potenciaci\u00f3n de las mismas. Nosotros tenemos la experiencia con Francia y creo que existen v\u00edas para obtener ingresos y no recurrir \u00fanicamente a las subvenciones aunque dicho sea de paso, las instituciones deber\u00edan apoyar m\u00e1s.<\/p>\n<p>&nbsp;<\/p>\n<div><\/div>\n<p>&nbsp;<\/p>\n<p>&nbsp;<\/p>\n<p>&nbsp;<\/p>\n<!-- AddThis Advanced Settings generic via filter on the_content --><!-- AddThis Share Buttons generic via filter on the_content -->","protected":false},"excerpt":{"rendered":"<p>En el itinerario marcado por &#8220;A Caballo Ganador&#8221; para esta temporada de verano nos resultar\u00e1 muy dif\u00edcil encontrar un lugar con tanto encanto y glamour como el Hotel Iriarte en Bidania. La grandiosidad en plena naturaleza de este palacio dirigido por Iban Mu\u00f1oa, nos acogi\u00f3 con una amabilidad exquisita tan s\u00f3lo comparable con las creaciones [&hellip;]<!-- AddThis Advanced Settings generic via filter on get_the_excerpt --><!-- AddThis Share Buttons generic via filter on get_the_excerpt --><\/p>\n","protected":false},"author":92,"featured_media":0,"comment_status":"open","ping_status":"closed","sticky":false,"template":"","format":"standard","meta":[],"categories":[6],"tags":[],"_links":{"self":[{"href":"https:\/\/blogs.diariovasco.com\/caballo-ganador\/wp-json\/wp\/v2\/posts\/30"}],"collection":[{"href":"https:\/\/blogs.diariovasco.com\/caballo-ganador\/wp-json\/wp\/v2\/posts"}],"about":[{"href":"https:\/\/blogs.diariovasco.com\/caballo-ganador\/wp-json\/wp\/v2\/types\/post"}],"author":[{"embeddable":true,"href":"https:\/\/blogs.diariovasco.com\/caballo-ganador\/wp-json\/wp\/v2\/users\/92"}],"replies":[{"embeddable":true,"href":"https:\/\/blogs.diariovasco.com\/caballo-ganador\/wp-json\/wp\/v2\/comments?post=30"}],"version-history":[{"count":0,"href":"https:\/\/blogs.diariovasco.com\/caballo-ganador\/wp-json\/wp\/v2\/posts\/30\/revisions"}],"wp:attachment":[{"href":"https:\/\/blogs.diariovasco.com\/caballo-ganador\/wp-json\/wp\/v2\/media?parent=30"}],"wp:term":[{"taxonomy":"category","embeddable":true,"href":"https:\/\/blogs.diariovasco.com\/caballo-ganador\/wp-json\/wp\/v2\/categories?post=30"},{"taxonomy":"post_tag","embeddable":true,"href":"https:\/\/blogs.diariovasco.com\/caballo-ganador\/wp-json\/wp\/v2\/tags?post=30"}],"curies":[{"name":"wp","href":"https:\/\/api.w.org\/{rel}","templated":true}]}}