{"id":39,"date":"2013-07-18T08:44:50","date_gmt":"2013-07-18T06:44:50","guid":{"rendered":"http:\/\/blogs.diariovasco.com\/caballo-ganador\/?p=39"},"modified":"2013-07-18T08:44:50","modified_gmt":"2013-07-18T06:44:50","slug":"el-donostiarra-arizcorreta-un-galactico-sin-fronteras","status":"publish","type":"post","link":"https:\/\/blogs.diariovasco.com\/caballo-ganador\/2013\/07\/18\/el-donostiarra-arizcorreta-un-galactico-sin-fronteras\/","title":{"rendered":"El donostiarra Arizcorreta, un gal\u00e1ctico sin fronteras."},"content":{"rendered":"<p>Nacido en Donostia, su afici\u00f3n por los caballos empez\u00f3 en Oiartzun,\u00a0 en la H\u00edpica Audele que gestionaba el recordado Josetxo Retegui. Aprendi\u00f3 a montar junto a Ioritz Mendiz\u00e1bal , se hicieron amigos y desde entonces hasta ahora, sus vidas han coincidido en muchos aspectos. Ambos han hecho del Turf\u00a0 su profesi\u00f3n con un denominador com\u00fan, el \u00e9xito.<\/p>\n<div id=\"attachment_40\" style=\"width: 670px\" class=\"wp-caption alignleft\"><a href=\"\/caballo-ganador\/wp-content\/uploads\/sites\/61\/2013\/07\/ARIZCORRETA-3.jpg\"><img aria-describedby=\"caption-attachment-40\" loading=\"lazy\" class=\"size-full wp-image-40\" title=\"ARIZCORRETA 3\" src=\"\/caballo-ganador\/wp-content\/uploads\/sites\/61\/2013\/07\/ARIZCORRETA-3.jpg\" alt=\"\" width=\"660\" height=\"163\" srcset=\"https:\/\/static-blogs.diariovasco.com\/wp-content\/uploads\/sites\/61\/2013\/07\/ARIZCORRETA-3.jpg 660w, https:\/\/static-blogs.diariovasco.com\/wp-content\/uploads\/sites\/61\/2013\/07\/ARIZCORRETA-3-300x74.jpg 300w\" sizes=\"(max-width: 660px) 100vw, 660px\" \/><\/a><p id=\"caption-attachment-40\" class=\"wp-caption-text\">En sus tiempos de Gentleman. Casado con una sanluque\u00f1a, las playas son m\u00e1s que un hip\u00f3dromo para \u00e9l. Ha saboreado dos veces el triunfo en Dubai.<\/p><\/div>\n<p><strong>J.Y<\/strong>. \u00bfC\u00f3mo fueron tus primeros pasos en el hip\u00f3dromo?<\/p>\n<p><strong>G.A.<\/strong> Montaba a diario en la Cuadra Alborada y en competici\u00f3n debut\u00e9 con una yegua que se llamaba Algarab\u00eda en 1.991. Consegu\u00ed ganar el Campeonato de Espa\u00f1a tres veces y fui segundo en el del mundo en una ocasi\u00f3n<\/p>\n<p><strong>J.Y<\/strong>. \u00bf Y luego?<\/p>\n<p><strong>G.A.<\/strong> Al acabar mi carrera de Administraci\u00f3n y Direcci\u00f3n de Empresas en la UPV, me fui con mi novia, hoy mi mujer, a Inglaterra como segundo asistente de Cumani. M\u00e1s tarde estuve en Francia con Carlos Laff\u00f3n y al llamarme otra vez Luca volv\u00ed con \u00e9l para estar all\u00ed cinco a\u00f1os m\u00e1s. Por fin me surgi\u00f3 la oportunidad de entrenar en Espa\u00f1a con un proyecto que me convenci\u00f3. Felipe Hinojosa y Jos\u00e9 Hormaeche fueron mis valedores, los que me impulsaron a tomar la decisi\u00f3n.<\/p>\n<p><strong>J.Y.<\/strong> \u00bfUn recuerdo bonito en todos estos a\u00f1os?<\/p>\n<p><strong>G.A.<\/strong> Me quedo con el Derby de Epsom para Amateurs. Particip\u00e9 montando a un caballo que lleg\u00f3 quinto pero solo estar en la pista en una carrera con tanto significado me pareci\u00f3 alucinante.<\/p>\n<p><strong>J.Y.<\/strong> Cu\u00e9ntanos,\u00a0 ahora en Madrid&#8230;<\/p>\n<div id=\"attachment_44\" style=\"width: 440px\" class=\"wp-caption alignleft\"><a href=\"\/caballo-ganador\/wp-content\/uploads\/sites\/61\/2013\/07\/RILKE1.jpg\"><img aria-describedby=\"caption-attachment-44\" loading=\"lazy\" class=\" wp-image-44\" title=\"RILKE\" src=\"\/caballo-ganador\/wp-content\/uploads\/sites\/61\/2013\/07\/RILKE1.jpg\" alt=\"\" width=\"430\" height=\"271\" srcset=\"https:\/\/static-blogs.diariovasco.com\/wp-content\/uploads\/sites\/61\/2013\/07\/RILKE1.jpg 630w, https:\/\/static-blogs.diariovasco.com\/wp-content\/uploads\/sites\/61\/2013\/07\/RILKE1-300x189.jpg 300w\" sizes=\"(max-width: 430px) 100vw, 430px\" \/><\/a><p id=\"caption-attachment-44\" class=\"wp-caption-text\">Rilke fue el flamante vencedor del Derby<\/p><\/div>\n<p><strong>G.A.<\/strong> Tengo sesenta caballos en entrenamiento y una estructura de empresa que entre personal en n\u00f3mina y aut\u00f3nomos llega a sumar veintid\u00f3s personas. Mi idea es moverme y correr tambi\u00e9n en Francia pero siempre con el centro de entrenamiento en el Hip\u00f3dromo de La Zarzuela. Esta f\u00f3rmula me est\u00e1 dando buenos resultados.<\/p>\n<div id=\"attachment_42\" style=\"width: 439px\" class=\"wp-caption alignleft\"><a href=\"\/caballo-ganador\/wp-content\/uploads\/sites\/61\/2013\/07\/NAVARRA1.jpg\"><img aria-describedby=\"caption-attachment-42\" loading=\"lazy\" class=\" wp-image-42\" title=\"NAVARRA\" src=\"\/caballo-ganador\/wp-content\/uploads\/sites\/61\/2013\/07\/NAVARRA1.jpg\" alt=\"\" width=\"429\" height=\"241\" srcset=\"https:\/\/static-blogs.diariovasco.com\/wp-content\/uploads\/sites\/61\/2013\/07\/NAVARRA1.jpg 945w, https:\/\/static-blogs.diariovasco.com\/wp-content\/uploads\/sites\/61\/2013\/07\/NAVARRA1-300x169.jpg 300w, https:\/\/static-blogs.diariovasco.com\/wp-content\/uploads\/sites\/61\/2013\/07\/NAVARRA1-768x433.jpg 768w\" sizes=\"(max-width: 429px) 100vw, 429px\" \/><\/a><p id=\"caption-attachment-42\" class=\"wp-caption-text\">Navarra venci\u00f3 en el Oaks para la simp\u00e1tica Cuadra Popular.<\/p><\/div>\n<p><strong>J.Y<\/strong>. En la temporada de primavera has ganado el Derby y el Oaks, pero el Gran Premio se resisti\u00f3..<\/p>\n<p><strong>G.A<\/strong>. Con Navarra\u00a0 y Rilke estoy encantado, han demostrado un gran valor pero no correr\u00e1n probablemente hasta el oto\u00f1o. En el gran Premio esper\u00e1bamos m\u00e1s pero no tuvo un buen recorrido y adem\u00e1s se corri\u00f3 muy lento para \u00e9l.<\/p>\n<p><strong>J.Y.<\/strong> \u00bf C\u00f3mo contemplas los grandes premios de verano?<\/p>\n<p><strong>G.A. <\/strong>En el Kutxa correr\u00e9 casi con seguridad a Baron\u00eda y Belagua. En el Gobierno Vasco, me gustar\u00eda hacerlo con Ariete Arrollador y en la Copa de Oro tengo la baza de Mediterr\u00e1neo.<\/p>\n<p><strong>J.Y<\/strong>. Gastronom\u00eda e hip\u00f3dromo forman una gemela ganadora. Sugi\u00e9renos algo para cuando vayamos a Madrid..<\/p>\n<p><strong>G.A.<\/strong> Mi sitio favorito se llama La Castela y es el t\u00edpico local madrile\u00f1o en el que se puede comer sentado o de pie. Tienen entre otras cosas, unas croquetas de marisco riqu\u00edsimas. Muy buenos productos.<\/p>\n<p>Guillermo Arizcorreta se engloba dentro de la numerosa lista de donostiarras que triunfan fuera de su lugar de nacimiento y para los que no hay fronteras. Conoce lo que es ganar en Inglaterra, Francia , Espa\u00f1a e incluso en los Emiratos \u00c1rabes. \u00a1Qu\u00e9 no pare la racha!<\/p>\n<div id=\"attachment_45\" style=\"width: 359px\" class=\"wp-caption alignleft\"><a href=\"\/caballo-ganador\/wp-content\/uploads\/sites\/61\/2013\/07\/LA-CASTELA.jpg\"><img aria-describedby=\"caption-attachment-45\" loading=\"lazy\" class=\" wp-image-45\" title=\"LA CASTELA\" src=\"\/caballo-ganador\/wp-content\/uploads\/sites\/61\/2013\/07\/LA-CASTELA.jpg\" alt=\"\" width=\"349\" height=\"233\" srcset=\"https:\/\/static-blogs.diariovasco.com\/wp-content\/uploads\/sites\/61\/2013\/07\/LA-CASTELA.jpg 500w, https:\/\/static-blogs.diariovasco.com\/wp-content\/uploads\/sites\/61\/2013\/07\/LA-CASTELA-300x201.jpg 300w\" sizes=\"(max-width: 349px) 100vw, 349px\" \/><\/a><p id=\"caption-attachment-45\" class=\"wp-caption-text\">La Castela en Madrid.<\/p><\/div>\n<!-- AddThis Advanced Settings generic via filter on the_content --><!-- AddThis Share Buttons generic via filter on the_content -->","protected":false},"excerpt":{"rendered":"<p>Nacido en Donostia, su afici\u00f3n por los caballos empez\u00f3 en Oiartzun,\u00a0 en la H\u00edpica Audele que gestionaba el recordado Josetxo Retegui. Aprendi\u00f3 a montar junto a Ioritz Mendiz\u00e1bal , se hicieron amigos y desde entonces hasta ahora, sus vidas han coincidido en muchos aspectos. Ambos han hecho del Turf\u00a0 su profesi\u00f3n con un denominador com\u00fan, [&hellip;]<!-- AddThis Advanced Settings generic via filter on get_the_excerpt --><!-- AddThis Share Buttons generic via filter on get_the_excerpt --><\/p>\n","protected":false},"author":92,"featured_media":0,"comment_status":"open","ping_status":"closed","sticky":false,"template":"","format":"standard","meta":[],"categories":[3],"tags":[],"_links":{"self":[{"href":"https:\/\/blogs.diariovasco.com\/caballo-ganador\/wp-json\/wp\/v2\/posts\/39"}],"collection":[{"href":"https:\/\/blogs.diariovasco.com\/caballo-ganador\/wp-json\/wp\/v2\/posts"}],"about":[{"href":"https:\/\/blogs.diariovasco.com\/caballo-ganador\/wp-json\/wp\/v2\/types\/post"}],"author":[{"embeddable":true,"href":"https:\/\/blogs.diariovasco.com\/caballo-ganador\/wp-json\/wp\/v2\/users\/92"}],"replies":[{"embeddable":true,"href":"https:\/\/blogs.diariovasco.com\/caballo-ganador\/wp-json\/wp\/v2\/comments?post=39"}],"version-history":[{"count":0,"href":"https:\/\/blogs.diariovasco.com\/caballo-ganador\/wp-json\/wp\/v2\/posts\/39\/revisions"}],"wp:attachment":[{"href":"https:\/\/blogs.diariovasco.com\/caballo-ganador\/wp-json\/wp\/v2\/media?parent=39"}],"wp:term":[{"taxonomy":"category","embeddable":true,"href":"https:\/\/blogs.diariovasco.com\/caballo-ganador\/wp-json\/wp\/v2\/categories?post=39"},{"taxonomy":"post_tag","embeddable":true,"href":"https:\/\/blogs.diariovasco.com\/caballo-ganador\/wp-json\/wp\/v2\/tags?post=39"}],"curies":[{"name":"wp","href":"https:\/\/api.w.org\/{rel}","templated":true}]}}