{"id":57,"date":"2013-07-24T20:49:35","date_gmt":"2013-07-24T18:49:35","guid":{"rendered":"http:\/\/blogs.diariovasco.com\/caballo-ganador\/?p=57"},"modified":"2013-07-24T20:49:35","modified_gmt":"2013-07-24T18:49:35","slug":"eduardo-fierro-quiero-ganar-la-copa-de-oro","status":"publish","type":"post","link":"https:\/\/blogs.diariovasco.com\/caballo-ganador\/2013\/07\/24\/eduardo-fierro-quiero-ganar-la-copa-de-oro\/","title":{"rendered":"Eduardo Fierro: &#8220;Quiero ganar la Copa de Oro&#8221;"},"content":{"rendered":"<p>El pr\u00f3ximo 15 de agosto ser\u00e1 el d\u00eda clave para muchas cuadras y profesionales de nuestro Turf que han puesto todas sus ilusiones en ganar la Copa de Oro de San Sebasti\u00e1n. Es el caso de Eduardo Fierro, uno de esos propietarios de toda la vida que anteponen el caballo a todo lo dem\u00e1s y que gracias a sus conocimientos siempre cuenta con ejemplares que aspiran a las pruebas m\u00e1s importantes del calendario.<\/p>\n<div id=\"attachment_66\" style=\"width: 151px\" class=\"wp-caption alignleft\"><a href=\"\/caballo-ganador\/wp-content\/uploads\/sites\/61\/2013\/07\/fierro.jpg\"><img aria-describedby=\"caption-attachment-66\" loading=\"lazy\" class=\" wp-image-66 \" title=\"fierro\" src=\"\/caballo-ganador\/wp-content\/uploads\/sites\/61\/2013\/07\/fierro.jpg\" alt=\"\" width=\"141\" height=\"192\" srcset=\"https:\/\/static-blogs.diariovasco.com\/wp-content\/uploads\/sites\/61\/2013\/07\/fierro.jpg 235w, https:\/\/static-blogs.diariovasco.com\/wp-content\/uploads\/sites\/61\/2013\/07\/fierro-220x300.jpg 220w\" sizes=\"(max-width: 141px) 100vw, 141px\" \/><\/a><p id=\"caption-attachment-66\" class=\"wp-caption-text\">\u00a1Tiempos gloriosos !<\/p><\/div>\n<p>Empez\u00f3 desde muy cr\u00edo con una afici\u00f3n que le inculc\u00f3 su padre y desde entonces hasta ahora ha sido un habitual del recinto donostiarra. Conoci\u00f3 aqu\u00e9l hip\u00f3dromo \u00a0del &#8220;hoy te entrego la copa yo a t\u00ed y ma\u00f1ana t\u00fa a mi&#8221; , vivi\u00f3 el momento de mayor popularizaci\u00f3n de las carreras con la llegada de la televisi\u00f3n y sabe lo que vale y significa el mundo del Turf en el extranjero. Defensor a ultranza de las carreras de caballos en Espa\u00f1a, Eduardo ha sido presidente de la S.F.C.C.E \u00a0y de la Asociaci\u00f3n de Criadores.<\/p>\n<div id=\"attachment_60\" style=\"width: 650px\" class=\"wp-caption alignleft\"><a href=\"\/caballo-ganador\/wp-content\/uploads\/sites\/61\/2013\/07\/Entrega-del-premio-Celtic.jpg\"><img aria-describedby=\"caption-attachment-60\" loading=\"lazy\" class=\" wp-image-60 \" title=\"Entrega del premio Celtic\" src=\"\/caballo-ganador\/wp-content\/uploads\/sites\/61\/2013\/07\/Entrega-del-premio-Celtic.jpg\" alt=\"\" width=\"640\" height=\"426\" srcset=\"https:\/\/static-blogs.diariovasco.com\/wp-content\/uploads\/sites\/61\/2013\/07\/Entrega-del-premio-Celtic.jpg 800w, https:\/\/static-blogs.diariovasco.com\/wp-content\/uploads\/sites\/61\/2013\/07\/Entrega-del-premio-Celtic-300x200.jpg 300w, https:\/\/static-blogs.diariovasco.com\/wp-content\/uploads\/sites\/61\/2013\/07\/Entrega-del-premio-Celtic-768x511.jpg 768w\" sizes=\"(max-width: 640px) 100vw, 640px\" \/><\/a><p id=\"caption-attachment-60\" class=\"wp-caption-text\">El matrimonio Fierro recibi\u00f3 a Celtic Rock despu\u00e9s de su victoria. Foto Hipodromoa.<\/p><\/div>\n<p>&nbsp;<\/p>\n<p>&nbsp;<\/p>\n<p>&nbsp;<\/p>\n<p><strong>J.Y<\/strong>. \u00bfQu\u00e9 recuerdas de tus inicios?<\/p>\n<p><strong>E.F<\/strong>. Mi padre ten\u00eda la Cuadra Fierro y me meti\u00f3 el gusanillo desde muy peque\u00f1ito. Tuve mi primer caballo con 22 a\u00f1os, se llamaba Blitz y formamos la Cuadra Toledana.<\/p>\n<p><strong>J.Y<\/strong>. El hip\u00f3dromo era muy distinto&#8230;<\/p>\n<p><strong>E.F.<\/strong> Entonces hab\u00eda m\u00e1s afici\u00f3n porque el f\u00fatbol no lo absorb\u00eda todo. De todos modos creo que en breve se abrir\u00e1 un periodo de esperanza porque conf\u00edo mucho en la actual presidenta Faina Zurita. Es una mujer con gran tenacidad. La apuesta exterior es vital y me parece que va por buen camino , soy optimista.<\/p>\n<p><strong>J.Y.<\/strong> Viviste tu \u00e9poca dorada con Habit, Bariloche, &#8230;<\/p>\n<p><strong>E.F<\/strong>. Fueron dos caballos extraordinarios y adem\u00e1s muy queridos por la afici\u00f3n de Donosti. Tambi\u00e9n tengo un gran recuerdo de Lusitana, Puertollano y por supuesto de Fado, para m\u00ed el mejor que he tenido.<\/p>\n<div id=\"attachment_63\" style=\"width: 478px\" class=\"wp-caption alignleft\"><a href=\"\/caballo-ganador\/wp-content\/uploads\/sites\/61\/2013\/07\/IVORY-LAND.jpg\"><img aria-describedby=\"caption-attachment-63\" loading=\"lazy\" class=\" wp-image-63  \" title=\"IVORY LAND\" src=\"\/caballo-ganador\/wp-content\/uploads\/sites\/61\/2013\/07\/IVORY-LAND.jpg\" alt=\"\" width=\"468\" height=\"312\" srcset=\"https:\/\/static-blogs.diariovasco.com\/wp-content\/uploads\/sites\/61\/2013\/07\/IVORY-LAND.jpg 650w, https:\/\/static-blogs.diariovasco.com\/wp-content\/uploads\/sites\/61\/2013\/07\/IVORY-LAND-300x200.jpg 300w\" sizes=\"(max-width: 468px) 100vw, 468px\" \/><\/a><p id=\"caption-attachment-63\" class=\"wp-caption-text\">Ivory Land en una de sus victorias. Foto Par\u00eds Turf.<\/p><\/div>\n<p><strong>J.Y<\/strong>. Tambi\u00e9n compites en Francia&#8230;<\/p>\n<p><strong>E.F<\/strong>. Tengo a Ivory Land, un grand\u00edsimo caballo que ahora se nos ha lesionado y no volver\u00e1 a correr hasta el a\u00f1o que viene. Tambi\u00e9n cuento con Fol Ami pero \u00e9ste es un ejemplar de handicaps. Vamos a intentar ganar una carrera con \u00e9l y luego le llevaremos a un reclamar con la intenci\u00f3n de venderlo.<\/p>\n<div id=\"attachment_61\" style=\"width: 528px\" class=\"wp-caption alignleft\"><a href=\"\/caballo-ganador\/wp-content\/uploads\/sites\/61\/2013\/07\/Celtic-rock.jpg\"><img aria-describedby=\"caption-attachment-61\" loading=\"lazy\" class=\" wp-image-61   \" title=\"Celtic rock\" src=\"\/caballo-ganador\/wp-content\/uploads\/sites\/61\/2013\/07\/Celtic-rock.jpg\" alt=\"\" width=\"518\" height=\"345\" srcset=\"https:\/\/static-blogs.diariovasco.com\/wp-content\/uploads\/sites\/61\/2013\/07\/Celtic-rock.jpg 800w, https:\/\/static-blogs.diariovasco.com\/wp-content\/uploads\/sites\/61\/2013\/07\/Celtic-rock-300x200.jpg 300w, https:\/\/static-blogs.diariovasco.com\/wp-content\/uploads\/sites\/61\/2013\/07\/Celtic-rock-768x511.jpg 768w\" sizes=\"(max-width: 518px) 100vw, 518px\" \/><\/a><p id=\"caption-attachment-61\" class=\"wp-caption-text\">Celtic Rock ganando la preparatoria de la Copa de Oro. Foto Hipodromoa.<\/p><\/div>\n<p><strong>J.Y<\/strong>. Pasamos a la estrella del momento, Celtic Rock&#8230;<\/p>\n<p><strong>E.F<\/strong>. Lo compramos en Deauville por 50.000\u20ac. Me gust\u00f3 su origen y el f\u00edsico que ten\u00eda. Si no quieres pagar una cantidad desproporcionada tienes que fijarte en sementales que no est\u00e1n de moda en el momento en el que se celebra la subasta. Suelo estudiar a fondo el cat\u00e1logo y en esta ocasi\u00f3n creo que acert\u00e9 de pleno.<\/p>\n<p><strong>J.Y<\/strong>. \u00bfLa Copa de Oro es el objetivo?<\/p>\n<p><strong>E.F.<\/strong> As\u00ed es. Llevamos cuatro meses preparando esta carrera y por eso no corri\u00f3 el Gran Premio de Madrid. La pista le va muy bien y en la preparatoria me encant\u00f3. Corr\u00ed una vez esta carrera con Jakarta pero sin probabilidad. Ahora todo es distinto, Celtic Rock cuenta con una muy buena opci\u00f3n y quiero ganar la Copa de Oro de San Sebasti\u00e1n.<\/p>\n<p><strong>J.Y<\/strong>. \u00bf Y si gana?<\/p>\n<p><strong>E.F<\/strong>. Los caballos te hablan todos los d\u00edas y no s\u00e9 qu\u00e9 nos dir\u00e1 pero en principio la idea es que su pr\u00f3xima salida sea el Memorial Duque de Toledo.<\/p>\n<p><strong>J.Y<\/strong>. \u00bfAdversarios para el 15 de agosto?<\/p>\n<p><strong>E.F<\/strong>. El caballo que pueda traer Carlos Laff\u00f3n. Si viene Esles, puedo decir que me parece muy bueno pero que tiene mucho temperamento. En cuanto a Victorinna tiene valor y ha corrido muy bien \u00faltimamente pero ha tenido dos carreras duras en poco tiempo.<\/p>\n<p><strong>J.Y<\/strong>. Abordamos un peque\u00f1o cuestionario para conocer los gustos de nuestro entrevistado en lo referente al Turf espa\u00f1ol y franc\u00e9s.<\/p>\n<p>Un preparador&#8230;<\/p>\n<p><strong>E.F<\/strong>. Jos\u00e9 Carlos Fern\u00e1ndez y Royer Dupre.<\/p>\n<p>Un caballo..<\/p>\n<p><strong>E.F<\/strong>. Manola y Montjeu.<\/p>\n<p>Un jockey&#8230;<\/p>\n<p><strong>E.F.<\/strong> Carudel y Ives Saint Martin<\/p>\n<p>Un hip\u00f3dromo&#8230;<\/p>\n<p><strong>E.F<\/strong>. La Zarzuela y Longchamp<\/p>\n<p>Una an\u00e9cdota&#8230;<\/p>\n<p><strong>E.F.<\/strong> Voy a contar lo que nos pas\u00f3 con Soumillon. En una ocasi\u00f3n \u00a0particip\u00f3 con \u00a0Ivory Land y al acabar la carrera se baj\u00f3 diciendo que quer\u00eda montarle la pr\u00f3xima vez pero que no le \u00edbamos a dar instrucciones. Nos reproch\u00f3 que le hab\u00edamos dirigido mal. Llev\u00f3 al caballo en su siguiente salida y gan\u00f3 con una gran monta. Volvimos a repetir con \u00e9l pero en esta ocasi\u00f3n lleg\u00f3 a 35 cuerpos del \u00faltimo. Le preguntamos \u00a0a qu\u00e9 se deb\u00eda y nos contest\u00f3 que no le iba el barro y le daba igual llegar a esa distancia que a siete cuerpos pero prefer\u00eda no castigar al animal. En la actualidad me parece el mejor jockey que monta en Francia.<\/p>\n<div id=\"attachment_65\" style=\"width: 370px\" class=\"wp-caption alignleft\"><a href=\"\/caballo-ganador\/wp-content\/uploads\/sites\/61\/2013\/07\/ZUBEROA1.jpg\"><img aria-describedby=\"caption-attachment-65\" loading=\"lazy\" class=\" wp-image-65 \" title=\"ZUBEROA\" src=\"\/caballo-ganador\/wp-content\/uploads\/sites\/61\/2013\/07\/ZUBEROA1.jpg\" alt=\"\" width=\"360\" height=\"228\" srcset=\"https:\/\/static-blogs.diariovasco.com\/wp-content\/uploads\/sites\/61\/2013\/07\/ZUBEROA1.jpg 600w, https:\/\/static-blogs.diariovasco.com\/wp-content\/uploads\/sites\/61\/2013\/07\/ZUBEROA1-300x190.jpg 300w\" sizes=\"(max-width: 360px) 100vw, 360px\" \/><\/a><p id=\"caption-attachment-65\" class=\"wp-caption-text\">Zuberoa es el restaurante favorito de Eduardo Fierro.<\/p><\/div>\n<p><strong>J.Y<\/strong>. Es habitual en esta secci\u00f3n, pedir al invitado una recomendaci\u00f3n gastron\u00f3mica vinculada de alguna manera con el Turf&#8230;<\/p>\n<p><strong>E.F<\/strong>. En Gipuzkoa se come muy bien en muchos sitios. Toda la familia acostumbramos a celebrar las victorias en Zuberoa. Nos gusta mucho y con el paso de los a\u00f1os hemos cogido afecto al restaurante y a los Arbelaitz. Por encima de todo me quedo con los pescados y las verduras.<\/p>\n<p>Eduardo Fierro sigue siendo protagonista en nuestras carreras de caballos y su ilusi\u00f3n como la de su esposa es ceder el testigo a sus hijos y yerno. Entre todos han formado la Cuadra Habit y la Copa de Oro va a ser su primer gran test. \u00a1A por todas!<\/p>\n<!-- AddThis Advanced Settings generic via filter on the_content --><!-- AddThis Share Buttons generic via filter on the_content -->","protected":false},"excerpt":{"rendered":"<p>El pr\u00f3ximo 15 de agosto ser\u00e1 el d\u00eda clave para muchas cuadras y profesionales de nuestro Turf que han puesto todas sus ilusiones en ganar la Copa de Oro de San Sebasti\u00e1n. Es el caso de Eduardo Fierro, uno de esos propietarios de toda la vida que anteponen el caballo a todo lo dem\u00e1s y [&hellip;]<!-- AddThis Advanced Settings generic via filter on get_the_excerpt --><!-- AddThis Share Buttons generic via filter on get_the_excerpt --><\/p>\n","protected":false},"author":92,"featured_media":0,"comment_status":"open","ping_status":"closed","sticky":false,"template":"","format":"standard","meta":[],"categories":[3],"tags":[],"_links":{"self":[{"href":"https:\/\/blogs.diariovasco.com\/caballo-ganador\/wp-json\/wp\/v2\/posts\/57"}],"collection":[{"href":"https:\/\/blogs.diariovasco.com\/caballo-ganador\/wp-json\/wp\/v2\/posts"}],"about":[{"href":"https:\/\/blogs.diariovasco.com\/caballo-ganador\/wp-json\/wp\/v2\/types\/post"}],"author":[{"embeddable":true,"href":"https:\/\/blogs.diariovasco.com\/caballo-ganador\/wp-json\/wp\/v2\/users\/92"}],"replies":[{"embeddable":true,"href":"https:\/\/blogs.diariovasco.com\/caballo-ganador\/wp-json\/wp\/v2\/comments?post=57"}],"version-history":[{"count":0,"href":"https:\/\/blogs.diariovasco.com\/caballo-ganador\/wp-json\/wp\/v2\/posts\/57\/revisions"}],"wp:attachment":[{"href":"https:\/\/blogs.diariovasco.com\/caballo-ganador\/wp-json\/wp\/v2\/media?parent=57"}],"wp:term":[{"taxonomy":"category","embeddable":true,"href":"https:\/\/blogs.diariovasco.com\/caballo-ganador\/wp-json\/wp\/v2\/categories?post=57"},{"taxonomy":"post_tag","embeddable":true,"href":"https:\/\/blogs.diariovasco.com\/caballo-ganador\/wp-json\/wp\/v2\/tags?post=57"}],"curies":[{"name":"wp","href":"https:\/\/api.w.org\/{rel}","templated":true}]}}