{"id":7,"date":"2013-07-10T16:19:22","date_gmt":"2013-07-10T14:19:22","guid":{"rendered":"http:\/\/blogs.diariovasco.com\/caballo-ganador\/?p=7"},"modified":"2017-02-03T06:17:51","modified_gmt":"2017-02-03T05:17:51","slug":"mauri-delcher-triunfa-entre-la-elite-del-turf-frances","status":"publish","type":"post","link":"https:\/\/blogs.diariovasco.com\/caballo-ganador\/2013\/07\/10\/mauri-delcher-triunfa-entre-la-elite-del-turf-frances\/","title":{"rendered":"Mauri Delcher triunfa entre la \u00e9lite del turf franc\u00e9s."},"content":{"rendered":"<p>Tras una llamativa racha de victorias y buenas actuaciones en los tres \u00faltimos meses en tierras francesas, Mauri Delcher ocupa ya un lugar entre los m\u00e1s destacados profesionales,\u00a0 de una de las potencias m\u00e1s importantes del turf mundial. Le cost\u00f3 tomar la decisi\u00f3n pero al final opt\u00f3 por desplazarse con veinticinco caballos de propietarios espa\u00f1oles e instalarse en Chantilly. El comienzo ha sido fulgurante.<\/p>\n<div id=\"attachment_28\" style=\"width: 670px\" class=\"wp-caption alignleft\"><a href=\"\/caballo-ganador\/wp-content\/uploads\/sites\/61\/2013\/07\/13.jpg\"><img aria-describedby=\"caption-attachment-28\" loading=\"lazy\" class=\"size-full wp-image-28\" title=\"1\" src=\"\/caballo-ganador\/wp-content\/uploads\/sites\/61\/2013\/07\/13.jpg\" alt=\"\" width=\"660\" height=\"163\" srcset=\"https:\/\/static-blogs.diariovasco.com\/wp-content\/uploads\/sites\/61\/2013\/07\/13.jpg 660w, https:\/\/static-blogs.diariovasco.com\/wp-content\/uploads\/sites\/61\/2013\/07\/13-300x74.jpg 300w\" sizes=\"(max-width: 660px) 100vw, 660px\" \/><\/a><p id=\"caption-attachment-28\" class=\"wp-caption-text\">Mauri victorioso con Delfoside. Labros su \u00faltima victoria en Francia. Cape Bosco caballo a seguir en oto\u00f1o. Foto Par\u00eds Turf y Geny.com<\/p><\/div>\n<p><strong>J.Y<\/strong>. \u00bfFue dif\u00edcil marcharte? \u00bfQu\u00e9 echas de menos?<\/p>\n<p><strong>M.D<\/strong>. En lo personal, emigrar no ha sido f\u00e1cil, en la maleta no cabe todo y te dejas muchas cosas, parte de la familia,amigos, recuerdos y algunas aficiones que solo en Madrid pod\u00eda desarrollar.<\/p>\n<p>En lo profesional , he sido un gran defensor de las carreras de caballos en Espa\u00f1a pero termin\u00e9 muy quemado. Hoy por hoy no me planteo volver.<\/p>\n<p><strong>J.Y<\/strong>. \u00bfC\u00f3mo te has aclimatado?<\/p>\n<p><strong>M.D<\/strong>. Ha sido sencillo porque trabaj\u00e9 de joven aqu\u00ed y adem\u00e1s he venido a pasar temporadas puntuales. Conozco bien el lugar y eso me ha ayudado mucho en un principio.<\/p>\n<p><strong>J.Y<\/strong>. \u00bf Son diferentes los m\u00e9todos de entrenamiento?<\/p>\n<p><strong>M.D<\/strong>. Cambian bastante, en Espa\u00f1a hay m\u00e1s rutina. Los centros de entrenamiento franceses te permiten ser m\u00e1s imaginativo, los terrenos son mucho mayores y las pistas tienen trazados\u00a0 y distancias de todo tipo.<\/p>\n<p><strong>J.Y<\/strong>. Abordemos la competici\u00f3n. \u00bfQu\u00e9 te pareci\u00f3 el Gran Premio de\u00a0 Madrid?<\/p>\n<p><strong>M.D.<\/strong> Por encima de todo fue triste por la muerte de Roberto L\u00f2pez y bonito por la recompensa a su trabajo. Adem\u00e1s me pareci\u00f3 una carrera que se corri\u00f3 al trote y Arnuero no tuvo un buen recorrido. Hab\u00eda voluntad de participar por parte de los propietarios y fuimos con ambici\u00f3n , creo que pudimos estar m\u00e1s cerca en la llegada aunque la distancia era larga para nuestro caballo.<\/p>\n<p>Hablamos de los ejemplares que tienes en Chantilly&#8230;.<\/p>\n<p><strong>M.D<\/strong>. Empiezo con una mala noticia para mi, Pearlside se ha vendido a un propietario americano para correr en EEUU , sin embargo el que me ha subido la moral ha sido Domeside, a sus siete a\u00f1os vive una segunda juventud. El entrenamiento en pistas profundas ha sido decisivo para que ofrezca su mejor valor. Est\u00e1 impresionante. Su objetivo del a\u00f1o es el Prix du Cadran, un Grupo 1 que en su d\u00eda ya gan\u00f3 Bannaby.<\/p>\n<div id=\"attachment_19\" style=\"width: 310px\" class=\"wp-caption alignleft\"><a href=\"\/caballo-ganador\/wp-content\/uploads\/sites\/61\/2013\/07\/DOMESIDE.jpg\"><img aria-describedby=\"caption-attachment-19\" loading=\"lazy\" class=\"size-medium wp-image-19\" title=\"DOMESIDE\" src=\"\/caballo-ganador\/wp-content\/uploads\/sites\/61\/2013\/07\/DOMESIDE.jpg\" alt=\"\" width=\"300\" height=\"188\" srcset=\"https:\/\/static-blogs.diariovasco.com\/wp-content\/uploads\/sites\/61\/2013\/07\/DOMESIDE.jpg 510w, https:\/\/static-blogs.diariovasco.com\/wp-content\/uploads\/sites\/61\/2013\/07\/DOMESIDE-300x188.jpg 300w\" sizes=\"(max-width: 300px) 100vw, 300px\" \/><\/a><p id=\"caption-attachment-19\" class=\"wp-caption-text\">Domeside la revelaci\u00f3n del a\u00f1o. Foto Par\u00eds turf<\/p><\/div>\n<p><strong>J.Y<\/strong>. Labros y Son Bou fallaron en el Derby sin embargo posteriormente ambos han ganado en Francia&#8230;<\/p>\n<p><strong>M.D<\/strong>. Ninguno de los dos tiene la distancia. Son Bou es fant\u00e1stico pero en\u00a0 1.600 metros y Labros puede llegar a los 1.800 pero nunca a los 2.400. Quer\u00edamos correr en Madrid por colaborar y apoyar esta carrera pero a ambos les falt\u00f3 pulm\u00f3n. Adem\u00e1s siempre es una prueba dif\u00edcil con caballos preparados para la ocasi\u00f3n. Nada que objetar a un justo vencedor.<\/p>\n<p><strong>J.Y<\/strong>. Irish Kind y Casar tambi\u00e9n son dos bazas destacadas en la cuadra&#8230;<\/p>\n<p><strong>M.D.<\/strong> Con Casar estoy muy caliente. Se ha venido arriba y correr\u00e1 el 21 de julio un listed en Maisons Laffitte. Todav\u00eda no sabemos contra qui\u00e9n se enfrentar\u00e1 pero \u00e9l est\u00e1 soberbio y me gusta como sorpresa de la carrera. En el caso de no figurar entre los dos primeros su pr\u00f3ximo compromiso ser\u00e1 el Gran Premio de San Sebasti\u00e1n. En cuanto a Irish Kind, es muy tard\u00edo y no correr\u00e1 hasta oto\u00f1o. Espero muy buenas cosas de \u00e9l cuando tenga los cuatro a\u00f1os.<\/p>\n<p>Algo m\u00e1s a tener en cuenta&#8230;<\/p>\n<div id=\"attachment_21\" style=\"width: 310px\" class=\"wp-caption alignleft\"><a href=\"\/caballo-ganador\/wp-content\/uploads\/sites\/61\/2013\/07\/TIRI\u00d3N.png\"><img aria-describedby=\"caption-attachment-21\" loading=\"lazy\" class=\"size-medium wp-image-21\" title=\"TIRI\u00d3N\" src=\"\/caballo-ganador\/wp-content\/uploads\/sites\/61\/2013\/07\/TIRI\u00d3N.png\" alt=\"\" width=\"300\" height=\"200\" srcset=\"https:\/\/static-blogs.diariovasco.com\/wp-content\/uploads\/sites\/61\/2013\/07\/TIRI\u00d3N.png 540w, https:\/\/static-blogs.diariovasco.com\/wp-content\/uploads\/sites\/61\/2013\/07\/TIRI\u00d3N-300x200.png 300w\" sizes=\"(max-width: 300px) 100vw, 300px\" \/><\/a><p id=\"caption-attachment-21\" class=\"wp-caption-text\">Tiri\u00f3n ha hecho un gran papel en Francia. Foto Par\u00eds Turf<\/p><\/div>\n<p><strong>M.D.<\/strong> Me quedo con las buenas actuaciones de Tiri\u00f3n, al que nos cost\u00f3 mucho ponerle en forma y que nos gan\u00f3 dos carreras pero un h\u00e1bil comprador se lo adjudic\u00f3 en un reclamar y consigui\u00f3 vencer a los cinco d\u00edas. Le dar\u00e1 juego. En lo que se refiere a Cape Bosco, me gusta bastante para el oto\u00f1o. Todav\u00eda es muy beb\u00e9 pero cuando conozca el oficio estoy convencido de que nos va a dar unas cuantas alegr\u00edas.<\/p>\n<p><strong>J.Y<\/strong>. \u00bfContemplas de alg\u00fan modo participar en San Sebasti\u00e1n?<\/p>\n<p><strong>M.D.<\/strong> En el Gobierno Vasco creo que correremos a Labros al que le ir\u00e1 bien\u00a0 esa pista o a Invisible Love un tres a\u00f1os r\u00e1pido y al que tengo en buena estima\u00a0 . En el Gran Premio es posible que a Casar y para el Criterium tengo alg\u00fan potro que puede encajar.<\/p>\n<div id=\"attachment_20\" style=\"width: 310px\" class=\"wp-caption alignleft\"><a href=\"\/caballo-ganador\/wp-content\/uploads\/sites\/61\/2013\/07\/SCHWARTZS.jpeg\"><img aria-describedby=\"caption-attachment-20\" loading=\"lazy\" class=\"size-medium wp-image-20\" title=\"SCHWARTZ'S\" src=\"\/caballo-ganador\/wp-content\/uploads\/sites\/61\/2013\/07\/SCHWARTZS.jpg\" alt=\"\" width=\"300\" height=\"200\" \/><\/a><p id=\"caption-attachment-20\" class=\"wp-caption-text\">Schwartz&#39;s recomendaci\u00f3n de Mauri en Par\u00eds. Foto Schwartz&#39;s<\/p><\/div>\n<p>&nbsp;<\/p>\n<p><strong>J.Y<\/strong>. Para terminar, un gourmet como t\u00fa seguro que ha descubierto ya alg\u00fan restaurante en Par\u00eds..<\/p>\n<p><strong>M.D.<\/strong> Schwartz&#8217;s un sitio al que me lleva habitualmente mi hijo que estudia en la Universidad\u00a0 y que tienen una carne excepcional y a muy buen precio. Est\u00e1 junto a la Place du Trocad\u00e9ro.<\/p>\n<p>&nbsp;<\/p>\n<p>&nbsp;<\/p>\n<p>&nbsp;<\/p>\n<p>El profesional con mejor historial en las carreras de caballos en Espa\u00f1a triunfa en Francia. Talento, experiencia , profesionalidad , esfuerzo e ilusi\u00f3n son las claves de su Quint\u00e9 particular. \u00a1Allez Mauri!<\/p>\n<p>Pron\u00f3sticos de \u00faltima hora y m\u00e1s informaci\u00f3n en Twitter @JavierYurrita<\/p>\n<p>&nbsp;<\/p>\n<p>&nbsp;<\/p>\n<p>&nbsp;<\/p>\n<p>&nbsp;<\/p>\n<p>&nbsp;<\/p>\n<p>&nbsp;<\/p>\n<p>&nbsp;<\/p>\n<!-- AddThis Advanced Settings generic via filter on the_content --><!-- AddThis Share Buttons generic via filter on the_content -->","protected":false},"excerpt":{"rendered":"<p>Tras una llamativa racha de victorias y buenas actuaciones en los tres \u00faltimos meses en tierras francesas, Mauri Delcher ocupa ya un lugar entre los m\u00e1s destacados profesionales,\u00a0 de una de las potencias m\u00e1s importantes del turf mundial. Le cost\u00f3 tomar la decisi\u00f3n pero al final opt\u00f3 por desplazarse con veinticinco caballos de propietarios espa\u00f1oles e instalarse en Chantilly. El comienzo ha sido fulgurante.<!-- AddThis Advanced Settings generic via filter on get_the_excerpt --><!-- AddThis Share Buttons generic via filter on get_the_excerpt --><\/p>\n","protected":false},"author":92,"featured_media":0,"comment_status":"open","ping_status":"closed","sticky":false,"template":"","format":"standard","meta":[],"categories":[3],"tags":[],"_links":{"self":[{"href":"https:\/\/blogs.diariovasco.com\/caballo-ganador\/wp-json\/wp\/v2\/posts\/7"}],"collection":[{"href":"https:\/\/blogs.diariovasco.com\/caballo-ganador\/wp-json\/wp\/v2\/posts"}],"about":[{"href":"https:\/\/blogs.diariovasco.com\/caballo-ganador\/wp-json\/wp\/v2\/types\/post"}],"author":[{"embeddable":true,"href":"https:\/\/blogs.diariovasco.com\/caballo-ganador\/wp-json\/wp\/v2\/users\/92"}],"replies":[{"embeddable":true,"href":"https:\/\/blogs.diariovasco.com\/caballo-ganador\/wp-json\/wp\/v2\/comments?post=7"}],"version-history":[{"count":1,"href":"https:\/\/blogs.diariovasco.com\/caballo-ganador\/wp-json\/wp\/v2\/posts\/7\/revisions"}],"predecessor-version":[{"id":250,"href":"https:\/\/blogs.diariovasco.com\/caballo-ganador\/wp-json\/wp\/v2\/posts\/7\/revisions\/250"}],"wp:attachment":[{"href":"https:\/\/blogs.diariovasco.com\/caballo-ganador\/wp-json\/wp\/v2\/media?parent=7"}],"wp:term":[{"taxonomy":"category","embeddable":true,"href":"https:\/\/blogs.diariovasco.com\/caballo-ganador\/wp-json\/wp\/v2\/categories?post=7"},{"taxonomy":"post_tag","embeddable":true,"href":"https:\/\/blogs.diariovasco.com\/caballo-ganador\/wp-json\/wp\/v2\/tags?post=7"}],"curies":[{"name":"wp","href":"https:\/\/api.w.org\/{rel}","templated":true}]}}