{"id":86,"date":"2018-09-27T23:20:51","date_gmt":"2018-09-27T21:20:51","guid":{"rendered":"https:\/\/blogs.diariovasco.com\/casado-cine\/?p=86"},"modified":"2018-09-27T23:20:51","modified_gmt":"2018-09-27T21:20:51","slug":"critica-quien-te-cantara-2018-desde-el-festival-de-san-sebastian","status":"publish","type":"post","link":"https:\/\/blogs.diariovasco.com\/casado-cine\/2018\/09\/27\/critica-quien-te-cantara-2018-desde-el-festival-de-san-sebastian\/","title":{"rendered":"Cr\u00edtica &#8220;Qui\u00e9n te cantar\u00e1&#8221; (2018) desde el Festival de San Sebasti\u00e1n"},"content":{"rendered":"<p>Esta vez me acerco al 66 Festival de cine de San Sebasti\u00e1n a ver la nueva pel\u00edcula de Carlos Vermut, que ya se llev\u00f3 en 2014 la concha de oro por &#8220;Magical Girl&#8221;. \u00bfEstar\u00e1 su nuevo proyecto a la altura del anterior?<\/p>\n<p><iframe loading=\"lazy\" src=\"\/\/players.brightcove.net\/85688294001\/r1idvaZF_default\/index.html?videoId=5841144550001\" width=\"100%\" height=\"350\" allowfullscreen=\"allowfullscreen\"><\/iframe><\/p>\n<!-- AddThis Advanced Settings generic via filter on the_content --><!-- AddThis Share Buttons generic via filter on the_content -->","protected":false},"excerpt":{"rendered":"<p>Esta vez me acerco al 66 Festival de cine de San Sebasti\u00e1n a ver la nueva pel\u00edcula de Carlos Vermut, que ya se llev\u00f3 en 2014 la concha de oro por &#8220;Magical Girl&#8221;. \u00bfEstar\u00e1 su nuevo proyecto a la altura del anterior?<!-- AddThis Advanced Settings generic via filter on get_the_excerpt --><!-- AddThis Share Buttons generic via filter on get_the_excerpt --><\/p>\n","protected":false},"author":21857,"featured_media":88,"comment_status":"open","ping_status":"closed","sticky":false,"template":"","format":"standard","meta":[],"categories":[1],"tags":[],"_links":{"self":[{"href":"https:\/\/blogs.diariovasco.com\/casado-cine\/wp-json\/wp\/v2\/posts\/86"}],"collection":[{"href":"https:\/\/blogs.diariovasco.com\/casado-cine\/wp-json\/wp\/v2\/posts"}],"about":[{"href":"https:\/\/blogs.diariovasco.com\/casado-cine\/wp-json\/wp\/v2\/types\/post"}],"author":[{"embeddable":true,"href":"https:\/\/blogs.diariovasco.com\/casado-cine\/wp-json\/wp\/v2\/users\/21857"}],"replies":[{"embeddable":true,"href":"https:\/\/blogs.diariovasco.com\/casado-cine\/wp-json\/wp\/v2\/comments?post=86"}],"version-history":[{"count":3,"href":"https:\/\/blogs.diariovasco.com\/casado-cine\/wp-json\/wp\/v2\/posts\/86\/revisions"}],"predecessor-version":[{"id":90,"href":"https:\/\/blogs.diariovasco.com\/casado-cine\/wp-json\/wp\/v2\/posts\/86\/revisions\/90"}],"wp:featuredmedia":[{"embeddable":true,"href":"https:\/\/blogs.diariovasco.com\/casado-cine\/wp-json\/wp\/v2\/media\/88"}],"wp:attachment":[{"href":"https:\/\/blogs.diariovasco.com\/casado-cine\/wp-json\/wp\/v2\/media?parent=86"}],"wp:term":[{"taxonomy":"category","embeddable":true,"href":"https:\/\/blogs.diariovasco.com\/casado-cine\/wp-json\/wp\/v2\/categories?post=86"},{"taxonomy":"post_tag","embeddable":true,"href":"https:\/\/blogs.diariovasco.com\/casado-cine\/wp-json\/wp\/v2\/tags?post=86"}],"curies":[{"name":"wp","href":"https:\/\/api.w.org\/{rel}","templated":true}]}}