{"id":99,"date":"2018-10-16T13:28:57","date_gmt":"2018-10-16T11:28:57","guid":{"rendered":"https:\/\/blogs.diariovasco.com\/casado-cine\/?p=99"},"modified":"2018-10-16T13:39:10","modified_gmt":"2018-10-16T11:39:10","slug":"critica-oreina-2018","status":"publish","type":"post","link":"https:\/\/blogs.diariovasco.com\/casado-cine\/2018\/10\/16\/critica-oreina-2018\/","title":{"rendered":"Cr\u00edtica &#8220;Oreina&#8221; (2018)"},"content":{"rendered":"<p>Hoy os hablo de la pel\u00edcula &#8216;Oreina&#8217;, de Koldo Almandoz rodada completamente en euskera durante seis semanas en Aginaga, Orio, Usurbil, Oiartzun, Donostia, Hernani y Tolosa, todas localidades de Guipuzcoa. Se trata de una producci\u00f3n de Txintxua Films, en colaboraci\u00f3n con ETB, el Gobierno Vasco y el ICAA, que se estren\u00f3 el 28 de septiembre de 2018. Nos introduce en la historia de dos hermanos que, despu\u00e9s de pasar a\u00f1os sin hablarse, comparten una casa familiar.<\/p>\n<p><iframe loading=\"lazy\" src=\"\/\/players.brightcove.net\/85688294001\/r1idvaZF_default\/index.html?videoId=5849000727001\" width=\"100%\" height=\"350\" allowfullscreen=\"allowfullscreen\"><\/iframe><\/p>\n<!-- AddThis Advanced Settings generic via filter on the_content --><!-- AddThis Share Buttons generic via filter on the_content -->","protected":false},"excerpt":{"rendered":"<p>Hoy os hablo de la pel\u00edcula &#8216;Oreina&#8217;, de Koldo Almandoz rodada completamente en euskera durante seis semanas en Aginaga, Orio, Usurbil, Oiartzun, Donostia, Hernani y Tolosa, todas localidades de Guipuzcoa. Se trata de una producci\u00f3n de Txintxua Films, en colaboraci\u00f3n con ETB, el Gobierno Vasco y el ICAA, que se estren\u00f3 el 28 de septiembre [&hellip;]<!-- AddThis Advanced Settings generic via filter on get_the_excerpt --><!-- AddThis Share Buttons generic via filter on get_the_excerpt --><\/p>\n","protected":false},"author":21857,"featured_media":100,"comment_status":"open","ping_status":"closed","sticky":false,"template":"","format":"standard","meta":[],"categories":[1],"tags":[5,11,10,8,9],"_links":{"self":[{"href":"https:\/\/blogs.diariovasco.com\/casado-cine\/wp-json\/wp\/v2\/posts\/99"}],"collection":[{"href":"https:\/\/blogs.diariovasco.com\/casado-cine\/wp-json\/wp\/v2\/posts"}],"about":[{"href":"https:\/\/blogs.diariovasco.com\/casado-cine\/wp-json\/wp\/v2\/types\/post"}],"author":[{"embeddable":true,"href":"https:\/\/blogs.diariovasco.com\/casado-cine\/wp-json\/wp\/v2\/users\/21857"}],"replies":[{"embeddable":true,"href":"https:\/\/blogs.diariovasco.com\/casado-cine\/wp-json\/wp\/v2\/comments?post=99"}],"version-history":[{"count":3,"href":"https:\/\/blogs.diariovasco.com\/casado-cine\/wp-json\/wp\/v2\/posts\/99\/revisions"}],"predecessor-version":[{"id":103,"href":"https:\/\/blogs.diariovasco.com\/casado-cine\/wp-json\/wp\/v2\/posts\/99\/revisions\/103"}],"wp:featuredmedia":[{"embeddable":true,"href":"https:\/\/blogs.diariovasco.com\/casado-cine\/wp-json\/wp\/v2\/media\/100"}],"wp:attachment":[{"href":"https:\/\/blogs.diariovasco.com\/casado-cine\/wp-json\/wp\/v2\/media?parent=99"}],"wp:term":[{"taxonomy":"category","embeddable":true,"href":"https:\/\/blogs.diariovasco.com\/casado-cine\/wp-json\/wp\/v2\/categories?post=99"},{"taxonomy":"post_tag","embeddable":true,"href":"https:\/\/blogs.diariovasco.com\/casado-cine\/wp-json\/wp\/v2\/tags?post=99"}],"curies":[{"name":"wp","href":"https:\/\/api.w.org\/{rel}","templated":true}]}}